{"id":324863,"date":"2026-01-05T21:26:10","date_gmt":"2026-01-05T21:26:10","guid":{"rendered":"https:\/\/www.europesays.com\/es\/324863\/"},"modified":"2026-01-05T21:26:10","modified_gmt":"2026-01-05T21:26:10","slug":"ultima-hora-sobre-la-llegada-de-sus-majestades-hoy","status":"publish","type":"post","link":"https:\/\/www.europesays.com\/es\/324863\/","title":{"rendered":"\u00faltima hora sobre la llegada de Sus Majestades hoy"},"content":{"rendered":"<p style=\"\">Sigue en directo la <strong>llegada de Sus Majestades los Reyes Magos de Oriente a Madrid<\/strong> con las \u00faltimas noticias del desfile de las Cabalgatas de Melchor, Gaspar y Baltasar hoy.<\/p>\n<p>21:22<\/p>\n<p>Antes de marcharnos: pol\u00e9mica resuelta<\/p>\n<p class=\"voc-p\">Fuentes de la organizaci\u00f3n de la cabalgata de Madrid confirman a ABC que el actor que hac\u00eda de Gaspar <strong>\u00abse hab\u00eda subido a la parra con el cach\u00e9\u00bb<\/strong>, por lo que decidieron buscar un sustituto.<\/p>\n<p class=\"voc-p\">Ahora s\u00ed, \u00a1Buenas noches a todo el mundo! Y mucho cuidado con el carb\u00f3n&#8230;<\/p>\n<p class=\"voc-p\"><strong>Imagen: Tania Sieira<\/strong><\/p>\n<p>21:02<\/p>\n<p>\u00a1Hasta aqu\u00ed el directo de la Cabalgata de Reyes de Madrid 2026!<\/p>\n<p class=\"voc-p\">Los Reyes Magos repartir\u00e1n esta noche ilusi\u00f3n y regalos por toda la ciudad tras una tarde marcada por el fr\u00edo, pero tambi\u00e9n por el ambiente festivo y la<strong> ausencia de incidencias destacadas.<\/strong><\/p>\n<p class=\"voc-p\">La cabalgata ha comenzado a las 18.00 horas desde el entorno de Nuevos Ministerios, recorriendo el eje Castellana\u2013Recoletos con 15 carrozas, m\u00e1s de 2.100 participantes y un amplio dispositivo de seguridad formado por m\u00e1s de 400 agentes municipales, adem\u00e1s de efectivos de emergencias.<\/p>\n<p class=\"voc-p\">El desfile ha culminado alrededor de las 21.00 horas en una Plaza de Cibeles repleta hasta la bandera, donde Melchor, Gaspar y Baltasar han pronunciado su tradicional discurso, centrado en la ilusi\u00f3n, la educaci\u00f3n, el conocimiento<strong> y el futuro de los ni\u00f1os,<\/strong> antes de iniciar la noche m\u00e1s esperada del a\u00f1o.<\/p>\n<p class=\"voc-p\">\u00a1ABC desea que os traigan muchos regalos!<\/p>\n<p class=\"voc-p\"><strong>Imagen: Tania Sieira<\/strong><\/p>\n<p>20:52<\/p>\n<p>Los Reyes se despiden con un discurso de ilusi\u00f3n, educaci\u00f3n y futuro compartido<\/p>\n<p class=\"voc-p\">En el acto final de la Cabalgata en Cibeles, Melchor, Gaspar y Baltasar han lanzado un<strong> mensaje conjunto <\/strong>marcado por la ilusi\u00f3n, la fe y la importancia del conocimiento. Ante miles de personas, los Reyes Magos han agradecido el cari\u00f1o de Madrid y han puesto el foco en los ni\u00f1os como protagonistas de la noche y del futuro.<\/p>\n<p class=\"voc-p\">Melchor ha hablado de \u201cla luz de la fe y de la esperanza, pero tambi\u00e9n la luz del conocimiento\u201d; Gaspar ha recordado que<strong> \u201cvosotros sois los cient\u00edficos, los artistas y los pensadores del ma\u00f1ana\u201d<\/strong>; y Baltasar ha pedido no olvidar a quienes acompa\u00f1an ese camino: \u201cagradeced siempre a vuestros maestros y profesores todo lo que se esfuerzan por vosotros\u201d.<\/p>\n<p class=\"voc-p\"><strong>Imagen: Tania Sieira<\/strong><\/p>\n<p>20:50<\/p>\n<p>Melchor se despide: llega la noche m\u00e1s esperada<\/p>\n<p class=\"voc-p\">Melchor vuelve a cerrar el discurso recordando que ma\u00f1ana no hay colegio, pero s\u00ed un gran motivo para madrugar. \u201cToca levantarse pronto para ver vuestros deseos cumplidos y jugar en familia\u201d.<\/p>\n<p class=\"voc-p\">\u201cTenemos otro reto: llegar a cada una de vuestras casas en una sola noche\u201d, dice antes de despedirse de Madrid. <strong>\u201cVuestra luz tambi\u00e9n nos gu\u00eda en nuestro viaje\u201d. <\/strong><\/p>\n<p>20:49<\/p>\n<p>Baltasar pide agradecer a los maestros<\/p>\n<p class=\"voc-p\">Baltasar recuerda que las ense\u00f1anzas actuales est\u00e1n construyendo el futuro. \u201cLas ense\u00f1anzas que recib\u00eds hoy est\u00e1n empezando a construir vuestro futuro y quiz\u00e1 a cambiar el mundo\u201d.<\/p>\n<p class=\"voc-p\">Con humildad, a\u00f1ade: <strong>\u201cNo s\u00e9 si somos sabios,<\/strong> pero s\u00ed s\u00e9 que nosotros tambi\u00e9n tuvimos maestros que fomentaron nuestra curiosidad\u201d. Y lanza el mensaje claro a los ni\u00f1os: \u201cAgradeced siempre a vuestros maestros y profesores todo lo que se esfuerzan por vosotros\u201d.<\/p>\n<p>20:47<\/p>\n<p>Gaspar mira al futuro y al aprendizaje<\/p>\n<p class=\"voc-p\">\u201cVosotros sois los cient\u00edficos, los artistas y los pensadores del ma\u00f1ana\u201d. Gaspar toma la palabra y pone el foco en las ganas de descubrir de los ni\u00f1os, asegurando que \u201ctodo lo que imagin\u00e1is hoy puede ser posible muy pronto\u201d.<\/p>\n<p class=\"voc-p\">\u201cAlguno descubrir\u00e1 una vacuna, otro inventar\u00e1 algo que haga la vida m\u00e1s sencilla\u201d, enumera, antes de subrayar el papel de los docentes: \u201cSon vuestros <strong>maestros y profesores <\/strong>quienes alimentan esas ganas de aprender, aunque a veces algunas asignaturas os parezcan aburridas\u201d.<\/p>\n<p>20:46<\/p>\n<p>Melchor habla de la luz, la fe y el conocimiento<\/p>\n<p class=\"voc-p\">El Rey Mago recuerda el camino guiado por la estrella de Bel\u00e9n y lo conecta con el mensaje de esta edici\u00f3n de la cabalgata. \u201cEsa luz encendi\u00f3 en nosotros<strong> la luz de la fe y de la esperanza,<\/strong> pero tambi\u00e9n la luz del conocimiento\u201d.<\/p>\n<p class=\"voc-p\">Dirigi\u00e9ndose a los ni\u00f1os, les pregunta si sienten <strong>\u201calgo especial aqu\u00ed dentro\u201d,<\/strong> y les anima: \u201cEsta noche es \u00fanica porque algo m\u00e1gico va a suceder: ma\u00f1ana, cuando despert\u00e9is, algunos de vuestros deseos pueden haberse cumplido\u201d.<\/p>\n<p>20:44<\/p>\n<p>Melchor agradece el recibimiento de Madrid<\/p>\n<p class=\"voc-p\">\u201cBuenas noches y gracias por este recibimiento. Gracias, querido alcalde, y gracias a la ciudad de Madrid, que siempre nos acoge con calor y con cari\u00f1o\u201d. Melchor abre el discurso en una Cibeles abarrotada y reconoce que, pese a pasar cada a\u00f1o por la ciudad, \u201csiempre logr\u00e1is que nos emocionemos como si fuese la primera vez\u201d.<\/p>\n<p class=\"voc-p\">\u201cMadrid es preciosa tambi\u00e9n en Navidad\u201d, a\u00f1ade, tras destacar los belenes, las luces y la forma en la que la ciudad celebra <strong>\u201cel nacimiento del Ni\u00f1o Dios\u201d.<\/strong><\/p>\n<p>20:41<\/p>\n<p>\u00a1Los Reyes suben al escenario para el tradicional mensaje!<\/p>\n<p class=\"voc-p\">Melchor, Gaspar y Baltasar ya est\u00e1n en el escenario de la Plaza de Cibeles, donde se celebra el acto final de la Cabalgata de Reyes.<\/p>\n<p class=\"voc-p\"><strong>Imagen: Tania Sieira<\/strong><\/p>\n<p>20:30<\/p>\n<p>Todo a punto en Cibeles para el acto final<\/p>\n<p class=\"voc-p\">La Plaza de Cibeles ya est\u00e1 preparada para acoger el acto final de la Cabalgata de Reyes. Miles de personas llenan el entorno a la espera del <strong>tradicional mensaje desde el escenario.<\/strong><\/p>\n<p>20:10<\/p>\n<p>Los Reyes Magos ya est\u00e1n en Cibeles<\/p>\n<p class=\"voc-p\">Melchor, Gaspar y Baltasar ya han llegado a la Plaza de Cibeles, donde se celebra<strong> el acto final de la Cabalgata<\/strong> de Reyes. Miles de personas se concentran en el entorno para seguir el cierre del desfile, con las coreograf\u00edas finales y el tradicional mensaje de Sus Majestades.<\/p>\n<p>19:45<\/p>\n<p>La carroza de Clan, una de las favoritas de los ni\u00f1os<\/p>\n<p class=\"voc-p\">La carroza de Clan vuelve a ser una de las<strong> m\u00e1s aplaudidas por el p\u00fablico infantil. <\/strong>A su paso, los ni\u00f1os reconocen y saludan a personajes muy populares de la cadena, como Pocoy\u00f3, Peppa Pig<\/p>\n<p class=\"voc-p\"><strong>Imagen: Tania Sieira<\/strong><\/p>\n<p>19:35<\/p>\n<p>Melchor avanza por la plaza de Col\u00f3n<\/p>\n<p class=\"voc-p\">La carroza de Melchor avanza por la Plaza de Col\u00f3n, mientras el resto de la comitiva contin\u00faa bajando por el paseo de la Castellana. A su paso, el p\u00fablico se concentra en este punto del recorrido, uno de los m\u00e1s concurridos de la cabalgata, a la espera de la llegada de Gaspar y Baltasar antes de que el desfile contin\u00fae <strong>hacia Cibeles.<\/strong><\/p>\n<p>19:32<\/p>\n<p>Gaspar no es Beltr\u00e1n Iraburu, &#8216;el guapo&#8217;,  este a\u00f1o<\/p>\n<p class=\"voc-p\">A estas horas el consenso en redes es que Rey Gaspar en la Cabalgata de Madrid de este a\u00f1o <strong>no es el actor Beltr\u00e1n Iraburu, <\/strong>que s\u00ed hab\u00eda representado a esta majestad de Oriente en ediciones anteriores. <\/p>\n<p class=\"voc-p\">Iraburu gozaba de numerosos seguidores entre los asistentes y su ausencia ha generado confusi\u00f3n en redes sociales, donde muchos usuarios han criticado y lamentado el supuesto cambio.<\/p>\n<p>19:22<\/p>\n<p>La cabalgata de Madrid, en datos<\/p>\n<p class=\"voc-p\">La Cabalgata de Reyes de Madrid comenz\u00f3 a las 18.00 horas desde el entorno de Nuevos Ministerios y recorre el eje Castellana\u2013Recoletos hasta la plaza de Cibeles, donde est\u00e1 prevista la llegada de Sus Majestades y el acto final alrededor de las 21.00 horas.<\/p>\n<p class=\"voc-p\">En total participan<strong> 15 carrozas<\/strong>, una comitiva de unas <strong>2.100 personas<\/strong> y m\u00e1s de <strong>250 pajes reales<\/strong>, que reparten 1.200 kilos de caramelos sin az\u00facar ni gluten. La edici\u00f3n de este a\u00f1o gira en torno al saber, los libros y el conocimiento, con carrozas de gran formato y un amplio dispositivo de seguridad desplegado a lo largo de todo el recorrido.<\/p>\n<p class=\"voc-p\">El dispositivo de seguridad est\u00e1 formado por m\u00e1s de <strong>400 agentes de la Polic\u00eda Municipal<\/strong>, apoyados por unidades a caballo, caninas, drones y agentes ciclistas. A ellos se suman m\u00e1s de 200 efectivos de SAMUR y Protecci\u00f3n Civil, Bomberos y Polic\u00eda Nacional. En total, incluyendo las cabalgatas de distrito, el despliegue alcanza los <strong>900 polic\u00edas municipales.<\/strong><\/p>\n<p class=\"voc-p\">Las carrozas reales miden hasta 6,5 metros de altura, <strong>14 metros de longitud<\/strong> y cerca de cuatro metros de ancho, y se mueven con energ\u00eda 100% renovable. Adem\u00e1s, se han habilitado alrededor de 10.000 asientos, con un 10% reservado a personas con discapacidad, y varias zonas PMR a lo largo del recorrido para garantizar la accesibilidad.<\/p>\n<p>19:14<\/p>\n<p>Confusi\u00f3n en redes: todo el mundo esperaba al &#8216;Gaspar guapo&#8217;<\/p>\n<p class=\"voc-p\">Muchos usuarios daban por hecho que, por quinto a\u00f1o consecutivo, el Rey Gaspar volver\u00eda a encarnarlo el actor <strong>Beltr\u00e1n Iraburu,<\/strong> conocido desde hace varias ediciones como el \u201cGaspar guapo\u201d tras hacerse viral.<\/p>\n<p class=\"voc-p\">Sin embargo, en plataformas como X algunos usuarios aseguran que en esta edici\u00f3n no se trata del mismo actor, lo que ha generado cierta decepci\u00f3n.<\/p>\n<p>18:55<\/p>\n<p>Caballos y perros polic\u00eda, protagonistas inesperados<\/p>\n<p class=\"voc-p\">La caballer\u00eda nacional y municipal llama la atenci\u00f3n de los ni\u00f1os, que se estiran para acariciar a los animales. Junto a la unidad canina, son los \u00fanicos seres vivos que desfilan desde que hace a\u00f1os se prohibi\u00f3 la participaci\u00f3n de animales en la cabalgata.<\/p>\n<p class=\"voc-p\"><strong>Informa: Bel\u00e9n Sarri\u00e1<\/strong><\/p>\n<p>18:50<\/p>\n<p>Recordamos el recorrido de la Cabalgata de Reyes<\/p>\n<p class=\"voc-p\">El desfile recorre este lunes el eje central de la ciudad. La cabalgata <strong>ha arrancado a las 18.00 horas<\/strong> desde el entorno de Nuevos Ministerios y avanza por la plaza de San Juan de la Cruz, el paseo de la Castellana, Gregorio Mara\u00f1\u00f3n, Emilio Castelar y la plaza de Col\u00f3n, para continuar por el paseo de Recoletos.<\/p>\n<p class=\"voc-p\">El recorrido culmina <strong>en la plaza de Cibeles<\/strong>, donde est\u00e1 prevista la llegada de los Reyes Magos y el acto final alrededor de las 21.00 horas.<\/p>\n<p class=\"voc-p\"><strong>Imagen: ABC<\/strong><\/p>\n<p>18:49<\/p>\n<p>40 a\u00f1os sin faltar a la cabalgata, pese al fr\u00edo<\/p>\n<p class=\"voc-p\">Una familia repite un a\u00f1o m\u00e1s y no falta a la cabalgata <strong>desde hace 40 a\u00f1os<\/strong>, aunque aseguran que esta es la m\u00e1s g\u00e9lida que recuerdan. Entre buzos y mantas, luchan contra el fr\u00edo mientras esperan el paso de las carrozas.<\/p>\n<p class=\"voc-p\">\u201cRecordamos una de hace muchos a\u00f1os en la que lleg\u00f3 a nevar, pero no hac\u00eda este fr\u00edo\u201d, comenta el padre.<\/p>\n<p class=\"voc-p\"><strong>Informa: Bel\u00e9n Sarri\u00e1<\/strong><\/p>\n<p>18:48<\/p>\n<p>D\u00f3nde ver la Cabalgata en directo en televisi\u00f3n desde Madrid<\/p>\n<p class=\"voc-p\">La Cabalgata de los Reyes Magos de Madrid se est\u00e1 emitiendo en directo <strong>esta tarde en La 1 de TVE<\/strong> y en RTVE Play, con los presentadores Ana Prada y Javier de Hoyos al frente de la retransmisi\u00f3n oficial.<\/p>\n<p>18:39<\/p>\n<p>Arranque sin incidencias en el primer tramo de la Castellana<\/p>\n<p class=\"voc-p\">Por el momento no se han registrado incidencias. \u201cMuy tranquilo todo\u201d, repiten los agentes en el primer tramo de la Castellana, apenas media hora despu\u00e9s de que se iniciara la cabalgata.<\/p>\n<p class=\"voc-p\"><strong>Informa: Bel\u00e9n Sarri\u00e1<\/strong><\/p>\n<p class=\"voc-p\"><strong>Imagen: Tania Sieira<\/strong><\/p>\n<p>18:32<\/p>\n<p>El tiempo ha respetado la cita<\/p>\n<p class=\"voc-p\">El fr\u00edo <strong>\u201cno deja sentir ni las manos\u201d,<\/strong> pero al menos ha contenido las lluvias. As\u00ed, los ni\u00f1os utilizan paraguas para atrapar caramelos.<\/p>\n<p class=\"voc-p\">Las bajas temperaturas siguen marcando la tarde en el centro de la ciudad, aunque la ausencia de precipitaciones ha permitido que el desfile se desarrolle con normalidad y que el p\u00fablico aguante en las aceras pese al fr\u00edo.<\/p>\n<p class=\"voc-p\"><strong>Informa: Bel\u00e9n Sarri\u00e1<\/strong><\/p>\n<p>18:26<\/p>\n<p>Polic\u00edas ayudan a lanzar caramelos en una cabalgata muy vigilada<\/p>\n<p class=\"voc-p\">Los m\u00e1s de 400 agentes municipales desplegados a lo largo del recorrido velan por la seguridad y tambi\u00e9n contribuyen a lanzar los caramelos <strong>que se quedan rezagados.<\/strong><\/p>\n<p class=\"voc-p\">El amplio dispositivo de seguridad incluye unidades a pie, a caballo, caninas y con drones, y est\u00e1 dise\u00f1ado para garantizar el normal desarrollo del desfile en una jornada con una afluencia masiva de p\u00fablico, especialmente en los puntos m\u00e1s concurridos del recorrido.<\/p>\n<p class=\"voc-p\"><strong>Informa: Bel\u00e9n Sarri\u00e1<\/strong><\/p>\n<p class=\"voc-p\"><strong>Imagen: Tania Sieira<\/strong><\/p>\n<p>18:23<\/p>\n<p>La carroza del Samur, un autob\u00fas de dos plantas en el desfile<\/p>\n<p class=\"voc-p\">El Samur participa en la Cabalgata de Reyes con un autob\u00fas de dos plantas que recorre el itinerario junto al resto de la comitiva.<\/p>\n<p class=\"voc-p\"><strong>V\u00eddeo: Bel\u00e9n Sarri\u00e1<\/strong><\/p>\n<p>18:18<\/p>\n<p>Fr\u00edo, pero sin incidencias tras el paso de la borrasca<\/p>\n<p class=\"voc-p\">La cabalgata se celebra con temperaturas bajas y la <strong>alerta por fr\u00edo a\u00fan activa<\/strong>, aunque las autoridades han confirmado que la borrasca de aire fr\u00edo ha pasado por la regi\u00f3n sin incidencias rese\u00f1ables.<\/p>\n<p class=\"voc-p\">Se mantiene la recomendaci\u00f3n de abrigarse bien y extremar la precauci\u00f3n durante la tarde y la noche.<\/p>\n<p>18:12<\/p>\n<p>El \u2018Metro del futuro\u2019 se suma a la Cabalgata de Reyes<\/p>\n<p class=\"voc-p\">Metro de Madrid participa en la Cabalgata de los Reyes Magos con una carroza bautizada como <strong>\u2018El Metro del futuro\u2019.<\/strong> Su dise\u00f1o tiene como base una maqueta a tama\u00f1o real de los nuevos trenes que pr\u00f3ximamente circular\u00e1n por la l\u00ednea 6. Mide 18 metros de largo y casi cuatro de ancho, con el azul corporativo como color protagonista, acompa\u00f1ado del dorado.<\/p>\n<p class=\"voc-p\">En la decoraci\u00f3n est\u00e1n presentes los personajes del cuento \u2018El viaje de Rombo\u2019, donde Rombo es un monstruo que vive en la estaci\u00f3n m\u00e1s profunda de la red, la de Cuatro Caminos. All\u00ed est\u00e1 junto a sus amigos Elipa, que representa la L\u00ednea 2; Estrella, que hace referencia a la 9; Blas, a la 7, y Callao, a la 5.<\/p>\n<p class=\"voc-p\">El dise\u00f1o es una muestra de la mirada hacia el futuro y la <strong>innovaci\u00f3n tecnol\u00f3gica<\/strong> por la que apuesta Metro tras m\u00e1s de cien a\u00f1os haciendo historia en Madrid. Esta perspectiva encaja con la tem\u00e1tica de esta edici\u00f3n de la cabalgata, dedicada a \u201cEl saber compartido. El viaje de los tres hombres sabios\u201d, que rinde homenaje a los maestros y al conocimiento. Es la segunda vez que el suburbano madrile\u00f1o sale a las calles de la capital con una carroza; la primera fue en 2024, cuando se realiz\u00f3 un homenaje al arquitecto Antonio Palacios, creador de las primeras estaciones de Metro.<\/p>\n<p class=\"voc-p\"><strong>Informa: Marta R. Domingo<\/strong><\/p>\n<p>18:04<\/p>\n<p>La Archidi\u00f3cesis reivindica una Navidad \u201cpara todos los ni\u00f1os\u201d<\/p>\n<p class=\"voc-p\">La Archidi\u00f3cesis de Madrid participa un a\u00f1o m\u00e1s en la Cabalgata de Reyes con un mensaje dirigido a todos los ni\u00f1os, al margen de sus creencias o convicciones personales.<\/p>\n<p>\u201cAl final la Navidad y el nacimiento de Jes\u00fas, que es a lo que venimos a recordar, es para todos los ni\u00f1os\u201d, explican desde su carroza a ABC. \u201cYa sean creyentes, practicantes, por tradici\u00f3n, o directamente ateos o agn\u00f3sticos. El mensaje que trae es para todos, indistintamente de quienes sean, como sean o como piensen, por igual para todos\u201d.<\/p>\n<p class=\"voc-p\"><strong>Informa: Bel\u00e9n Sarri\u00e1<\/strong><\/p>\n<p>17:58<\/p>\n<p>Almeida sigue la cabalgata desde el recorrido<\/p>\n<p class=\"voc-p\">El alcalde de Madrid, <strong>Jos\u00e9 Luis Mart\u00ednez-Almeida<\/strong>, se encuentra esta tarde en la Cabalgata de Reyes, siguiendo el desarrollo del desfile y el ambiente a lo largo del recorrido junto a vecinos y familias.<\/p>\n<p class=\"voc-p\"><strong>Imagen: Tania Sieira<\/strong><\/p>\n<p>17:55<\/p>\n<p>Teatro Morboria celebra 40 a\u00f1os llevando la literatura a la Cabalgata<\/p>\n<p class=\"voc-p\">La Compa\u00f1\u00eda de <strong>Teatro Morboria<\/strong> vuelve a estar presente en la Cabalgata de Reyes de Madrid en el a\u00f1o en que cumple 40 a\u00f1os de trayectoria y no ha faltado a ninguna edici\u00f3n del desfile en la capital. En esta ocasi\u00f3n, dentro de la tem\u00e1tica de la aventura del saber, la compa\u00f1\u00eda representa el mundo de la literatura.<\/p>\n<p class=\"voc-p\">\u201cEste a\u00f1o, con la aventura del saber,<strong> nos ha tocado representar la literatura\u201d<\/strong>, explican desde la compa\u00f1\u00eda a ABC. Para ello, han elegido obras universales como El Quijote, El Principito y Veinte mil leguas de viaje submarino, de Julio Verne, con la recreaci\u00f3n del Nautilus como uno de los elementos m\u00e1s llamativos de la carroza.<\/p>\n<p class=\"voc-p\"><strong>Informa: Bel\u00e9n Sarri\u00e1<\/strong><\/p>\n<p>17:47<\/p>\n<p>Calle 30 reparte corazones antiestr\u00e9s y caramelos sin gluten y sin az\u00facar.<\/p>\n<p class=\"voc-p\"><strong>Informa: Bel\u00e9n Sarri\u00e1<\/strong><\/p>\n<p>17:44<\/p>\n<p>Una cabalgata multitudinaria con m\u00e1s de 200.000 asistentes previstos<\/p>\n<p class=\"voc-p\">Las previsiones municipales apuntan a una asistencia que supera las<strong> 200.000 personas<\/strong> repartidas a lo largo de todo el recorrido, especialmente en los tramos de Castellana, Recoletos y la plaza de Cibeles.<\/p>\n<p class=\"voc-p\">Desde primeras horas de la tarde, familias enteras se han ido concentrando en las aceras para asegurar un buen sitio antes del inicio del desfile.<\/p>\n<p>17:41<\/p>\n<p>El Gobierno destaca el dispositivo preventivo ante la borrasca Francis<\/p>\n<p class=\"voc-p\">El delegado del Gobierno en Madrid, <strong>Francisco Mart\u00edn,<\/strong> ha destacado el \u201ctrabajo preventivo\u201d de las administraciones, que ha permitido que la borrasca de aire fr\u00edo Francis haya pasado por la regi\u00f3n sin \u201cincidencias rese\u00f1ables\u201d.<\/p>\n<p class=\"voc-p\">El delegado ha recordado que la alerta por bajas temperaturas sigue activa y se prolongar\u00e1 al menos hasta ma\u00f1ana. Por ello, ha hecho un llamamiento a la poblaci\u00f3n a abrigarse y <strong>extremar las precauciones<\/strong> al salir a la calle, especialmente en el d\u00eda de la Cabalgata de Reyes.<\/p>\n<p>17:39<\/p>\n<p>Ambiente y primeras carrozas en las calles de Madrid<\/p>\n<p class=\"voc-p\">Las calles del centro ya se llenan de p\u00fablico mientras avanzan<strong> las primeras carrozas del desfile.<\/strong> Familias enteras, m\u00f3viles en alto y mucha expectaci\u00f3n acompa\u00f1an el paso de la cabalgata por el eje de la Castellana, en una tarde marcada por la m\u00fasica, el color y la ilusi\u00f3n.<\/p>\n<p>17:34<\/p>\n<p>Hogwarts se cuela por primera vez en la Cabalgata<\/p>\n<p class=\"voc-p\">La magia de la Navidad llega este a\u00f1o, por primera vez, desde Hogwarts. La banda sonora de la saga, que celebra su 25 aniversario, pone ritmo a las im\u00e1genes m\u00e1s ic\u00f3nicas de las pel\u00edculas. Todas las casas est\u00e1n representadas a trav\u00e9s de sus atrezos m\u00e1s emblem\u00e1ticos.<\/p>\n<p class=\"voc-p\"><strong>Informa: Bel\u00e9n Sarri\u00e1<\/strong><\/p>\n<p>17:29<\/p>\n<p>La m\u00fasica calienta la cabalgata<\/p>\n<p class=\"voc-p\">Una versi\u00f3n moderna de <strong>Jingle Bells <\/strong>suena desde la carroza del Teatro Teal. \u201cEsto es solo para ir calentando el ambiente; cuando salga la carroza ya sonar\u00e1 m\u00fasica m\u00e1s cl\u00e1sica y l\u00edrica de nuestra programaci\u00f3n\u201d, adelanta la portavoz del teatro, <strong>Concha Barrig\u00f3s.<\/strong> Lo moderno se fusiona casi sin transici\u00f3n con el villancico espa\u00f1ol m\u00e1s popular, que llega desde la carroza de Metro, participante este a\u00f1o en la cabalgata y alineada con la tem\u00e1tica de la literatura. De ella emergen libros como un manual de ingenier\u00eda, la Historia del Metro y los proyectos arquitect\u00f3nicos de Antonio Palacios.<\/p>\n<p class=\"voc-p\"><strong>Informa: Bel\u00e9n Sarri\u00e1<\/strong><\/p>\n<p>17:18<\/p>\n<p>La Germantown Wisconsin Marching Band, lista al inicio del recorrido<\/p>\n<p class=\"voc-p\">Los 120 j\u00f3venes que integran la Germantown Wisconsin Marching Band ensayan al inicio del recorrido. Es la segunda vez que participan en la cabalgata de Madrid; la anterior fue en 2009. <strong>\u201cNos parece muy divertido\u201d, <\/strong>aseguran.<\/p>\n<p class=\"voc-p\"><strong>Informa: Bel\u00e9n Sarri\u00e1<\/strong><\/p>\n<p>17:18<\/p>\n<p>Cortes de tr\u00e1fico: mejor coger el metro<\/p>\n<p class=\"voc-p\">Desde media tarde se aplican cortes progresivos en el eje Castellana\u2013Recoletos\u2013Prado y en calles transversales. El Ayuntamiento recomienda el uso del transporte p\u00fablico y evitar desplazamientos en coche por el centro.<\/p>\n<p class=\"voc-p\">Metro y Cercan\u00edas <strong>refuerzan su servicio<\/strong> ante la gran afluencia prevista.<\/p>\n<p>17:11<\/p>\n<p>Horario y recorrido: de Nuevos Ministerios a Cibeles<\/p>\n<p class=\"voc-p\">El desfile <strong>arrancar\u00e1 a las 18.00 horas<\/strong> desde el entorno de Nuevos Ministerios y avanzar\u00e1 por el paseo de la Castellana y Recoletos hasta llegar a Cibeles, donde est\u00e1 prevista la llegada de los Reyes Magos en torno a las 21.00.<\/p>\n<p class=\"voc-p\">A lo largo del recorrido se concentrar\u00e1n las principales carrozas, pasacalles y espect\u00e1culos.<\/p>\n<p class=\"voc-p\"><strong>Imagen: ABC<\/strong><\/p>\n<p>17:09<\/p>\n<p>Un desfile &#8216;antipantallas&#8217; marcado por el saber, los libros y la magia<\/p>\n<p class=\"voc-p\">La cabalgata de este a\u00f1o gira en torno al conocimiento, la sabidur\u00eda y los libros<strong> como hilo conductor.<\/strong> Una tem\u00e1tica que se dejar\u00e1 notar tanto en las carrozas reales como en las coreograf\u00edas y el acto final previsto en la plaza de Cibeles.<\/p>\n<p class=\"voc-p\">Habr\u00e1 gui\u00f1os a la literatura, la ciencia y el estudio, con una <strong>puesta en escena<\/strong> pensada para grandes y peque\u00f1os. Los Reyes Magos recorrer\u00e1n Madrid en carrozas tematizadas: Melchor ir\u00e1 dentro de \u00abuna gran esfera armiral\u00bb; Gaspar, rodeado por escuadras y cartabones y Baltasar, por libros.<\/p>\n<p>17:03<\/p>\n<p>Todo preparado para el inicio<\/p>\n<p class=\"voc-p\">La capital ya se prepara para vivir una de las tardes m\u00e1s especiales del a\u00f1o. En apenas unas horas, los Reyes Magos recorrer\u00e1n <strong>el eje central de Madrid<\/strong>, en una cabalgata que volver\u00e1 a reunir a miles de personas en las calles y plazas del centro.<\/p>\n<p class=\"voc-p\">Desde primeras horas del d\u00eda, el dispositivo municipal de tr\u00e1fico, seguridad y emergencias est\u00e1 en marcha para garantizar el desarrollo del desfile.<\/p>\n<p>17:00<\/p>\n<p>\u00a1Bienvenidos al directo de la Cabalgata de Reyes de Madrid 2026!<\/p>\n<p class=\"voc-p\">Bienvenidos a este directo de ABC en el que vamos a seguir, minuto a minuto, la <strong>Cabalgata de Reyes de Madrid<\/strong>, uno de los eventos m\u00e1s esperados del a\u00f1o en la capital. Miles de familias se preparan ya para vivir una tarde m\u00e1gica en las calles, con un gran despliegue de seguridad y movilidad activado desde primeras horas.<\/p>\n<p class=\"voc-p\">El desfile est\u00e1 <strong>previsto para comenzar a las 18.00 horas <\/strong>en el entorno de Nuevos Ministerios y recorrer\u00e1 el eje de la Castellana y Recoletos hasta finalizar en Cibeles en torno a las 21.00. En este directo te iremos contando todo lo que ocurra durante la jornada: ambiente, llegada de las carrozas, cortes de tr\u00e1fico, incidencias y los momentos m\u00e1s destacados hasta la llegada de Sus Majestades.<\/p>\n<p class=\"voc-p\"><strong>Imagen: Maya Blanya<\/strong><\/p>\n","protected":false},"excerpt":{"rendered":"Sigue en directo la llegada de Sus Majestades los Reyes Magos de Oriente a Madrid con las \u00faltimas&hellip;\n","protected":false},"author":2,"featured_media":324864,"comment_status":"","ping_status":"","sticky":false,"template":"","format":"standard","meta":{"footnotes":""},"categories":[5],"tags":[17,18,46974,2125,25,24,13,14,11,1458,315,19,20,5808,205,61163,75268,9,10,15,16,3051,57,23,12,1885,21,22],"class_list":{"0":"post-324863","1":"post","2":"type-post","3":"status-publish","4":"format-standard","5":"has-post-thumbnail","7":"category-titulares","8":"tag-breaking-news","9":"tag-breakingnews","10":"tag-cabalgata","11":"tag-directo","12":"tag-es","13":"tag-espana","14":"tag-featured-news","15":"tag-featurednews","16":"tag-headlines","17":"tag-hora","18":"tag-hoy","19":"tag-latest-news","20":"tag-latestnews","21":"tag-llegada","22":"tag-madrid","23":"tag-magos","24":"tag-majestades","25":"tag-news","26":"tag-noticias","27":"tag-noticias-destacadas","28":"tag-noticiasdestacadas","29":"tag-reyes","30":"tag-sobre","31":"tag-spain","32":"tag-titulares","33":"tag-ultima","34":"tag-ultimas-noticias","35":"tag-ultimasnoticias"},"share_on_mastodon":{"url":"https:\/\/pubeurope.com\/@es\/115844610933308144","error":""},"_links":{"self":[{"href":"https:\/\/www.europesays.com\/es\/wp-json\/wp\/v2\/posts\/324863","targetHints":{"allow":["GET"]}}],"collection":[{"href":"https:\/\/www.europesays.com\/es\/wp-json\/wp\/v2\/posts"}],"about":[{"href":"https:\/\/www.europesays.com\/es\/wp-json\/wp\/v2\/types\/post"}],"author":[{"embeddable":true,"href":"https:\/\/www.europesays.com\/es\/wp-json\/wp\/v2\/users\/2"}],"replies":[{"embeddable":true,"href":"https:\/\/www.europesays.com\/es\/wp-json\/wp\/v2\/comments?post=324863"}],"version-history":[{"count":0,"href":"https:\/\/www.europesays.com\/es\/wp-json\/wp\/v2\/posts\/324863\/revisions"}],"wp:featuredmedia":[{"embeddable":true,"href":"https:\/\/www.europesays.com\/es\/wp-json\/wp\/v2\/media\/324864"}],"wp:attachment":[{"href":"https:\/\/www.europesays.com\/es\/wp-json\/wp\/v2\/media?parent=324863"}],"wp:term":[{"taxonomy":"category","embeddable":true,"href":"https:\/\/www.europesays.com\/es\/wp-json\/wp\/v2\/categories?post=324863"},{"taxonomy":"post_tag","embeddable":true,"href":"https:\/\/www.europesays.com\/es\/wp-json\/wp\/v2\/tags?post=324863"}],"curies":[{"name":"wp","href":"https:\/\/api.w.org\/{rel}","templated":true}]}}