{"id":324887,"date":"2026-01-05T21:47:08","date_gmt":"2026-01-05T21:47:08","guid":{"rendered":"https:\/\/www.europesays.com\/es\/324887\/"},"modified":"2026-01-05T21:47:08","modified_gmt":"2026-01-05T21:47:08","slug":"prueba-mercedes-benz-maybach-sl680-del-2026-para-disfrutar-la-carretera-a-todo-lujo","status":"publish","type":"post","link":"https:\/\/www.europesays.com\/es\/324887\/","title":{"rendered":"Prueba: Mercedes-Benz Maybach SL680 del 2026, para disfrutar la carretera a todo lujo"},"content":{"rendered":"\n<p>El Mercedes-Benz Maybach SL680 del 2026 representa el pin\u00e1culo del lujo descapotable: es la fusi\u00f3n del tradicional roadster SL con la exclusiva filosof\u00eda Maybach, destinada a quienes buscan una experiencia tan refinada como extravagante.<\/p>\n<p>Este modelo transforma cada trayecto en un espect\u00e1culo de confort, dise\u00f1o personalizado y presencia inconfundible, priorizando la serenidad y el placer de viajar a cielo abierto.<\/p>\n<p>            <img class=\"image\" alt=\"El Mercedes-Benz Maybach SL680 del 2026.\"   width=\"1200\" height=\"799\" src=\"https:\/\/www.europesays.com\/es\/wp-content\/uploads\/2026\/01\/1767649628_831_.jpeg\" decoding=\"async\" loading=\"lazy\"\/>         <\/p>\n<p>El Mercedes-Benz Maybach SL680 del 2026.<\/p>\n<p>El Mercedes-Maybach SL 680 Monogram Series del 2026 es el primer convertible de la submarca desde el S 650 Cabriolet, y se basa en el SL m\u00e1s reciente, aunque muchos cambios lo diferencian de sus hermanos AMG menos civilizados.<\/p>\n<p><b>Estilos <\/b><\/p>\n<p>El Mercedes-Benz Maybach SL680 del 2026 est\u00e1 disponible \u00fanicamente en la exclusiva versi\u00f3n Monogram Series.<\/p>\n<p>Tren de potencia<\/p>\n<p>Bajo el cap\u00f3, el SL680 del 2026 equipa un V8 biturbo de 4.0 litros capaz de entregar 577 caballos de fuerza y 590 libras pie de torque, asociado siempre a una transmisi\u00f3n autom\u00e1tica SPEEDSHIFT MCT de 9 velocidades y tracci\u00f3n integral 4MATIC+.<\/p>\n<p><b>Estilo interior<\/b><\/p>\n<p>La cabina es un santuario de cuero Nappa blanco, con costuras especiales Maybach, molduras de alta gama y detalles exclusivos a elecci\u00f3n del cliente.<\/p>\n<p>Los asientos (ventilados, con calefacci\u00f3n y con funci\u00f3n masaje) integran el sistema AIRSCARF para mayor confort con la capota baja y pueden regularse en m\u00faltiples posiciones el\u00e9ctricas.<\/p>\n<p>            <img class=\"image\" alt=\"El interior del Mercedes-Benz Maybach SL680 del 2026\"   width=\"1200\" height=\"799\" src=\"https:\/\/www.europesays.com\/es\/wp-content\/uploads\/2026\/01\/1767649628_529_.jpeg\" decoding=\"async\" loading=\"lazy\"\/>         <\/p>\n<p>El interior del Mercedes-Benz Maybach SL680 del 2026<\/p>\n<p>El chasis dispone de modos adaptados que priorizan la comodidad, y los controles avanzados garantizan m\u00e1xima protecci\u00f3n sin restar placer al manejo.<\/p>\n<p>El espacio trasero cede todo el protagonismo al lujo para dos pasajeros, con elementos como iluminaci\u00f3n ambiental Maybach y acabados a la altura de los nombres m\u00e1s prestigiosos de la industria.<\/p>\n<p><b>Tecnolog\u00eda<\/b><\/p>\n<p>El SL680 est\u00e1 completamente equipado: ofrece MBUX con inteligencia artificial, pantallas s\u00faper definidas, realidad aumentada en la navegaci\u00f3n, integraci\u00f3n inal\u00e1mbrica con Apple CarPlay\/Android Auto, climatizador dual, head-up display y un sistema de sonido Burmester High-End 3D.<\/p>\n<p>Incluye detalles \u00fanicos como la capota el\u00e9ctrica y un sistema de elevaci\u00f3n hidr\u00e1ulica para superar topes, recordando incluso ubicaciones v\u00eda GPS.<\/p>\n<p><b>Seguridad<\/b><\/p>\n<p>Integra todo el arsenal de asistencias de Mercedes-Benz: frenado autom\u00e1tico con detector de peat\u00f3n, control crucero adaptado full-speed, monitoreo de punto ciego, asistente de mantenimiento y centrado de carril, park assist con visi\u00f3n 360\u00b0, 10 airbags y proyecci\u00f3n de informaci\u00f3n en el parabrisas.<\/p>\n<p><b>En carretera<\/b><\/p>\n<p>El Maybach SL680 del 2026 prioriza el lujo sobre el car\u00e1cter deportivo. En Confort y el exclusivo modo Maybach, la suspensi\u00f3n filtra totalmente los baches y la direcci\u00f3n\/el acelerador est\u00e1n suavizados a prop\u00f3sito, favoreciendo una marcha ultra serena y lenta, ideal para tr\u00e1fico relajado o paseos por la costa.<\/p>\n<p>En modo Sport, el auto ofrece una conducci\u00f3n m\u00e1s firme y precisa, casi al nivel de un AMG, pero su verdadera esencia es la de un gran turismo domado para el m\u00e1ximo confort.<\/p>\n<p><b>Conclusi\u00f3n<\/b><\/p>\n<p>El Mercedes-Maybach SL680 del 2026 es un convertible de doble personalidad: brilla como obra de arte sobre ruedas, rebosante de tecnolog\u00eda, personalizaci\u00f3n y detalles exclusivos, una m\u00e1quina pensada para quienes anteponen estar a gusto sobre todo lo dem\u00e1s.<\/p>\n<p>Su precio lo ubica por encima de cualquier SL convencional, pero para sus compradores, la distinci\u00f3n inigualable y el lujo extremo hacen que cada d\u00f3lar valga la pena.<\/p>\n<p><b>Precio: <\/b>Desde US $ 250,000 <b>&#8211; Consumo:<\/b> 13 MPG ciudad &#8211; 20 MPG carretera<\/p>\n","protected":false},"excerpt":{"rendered":"El Mercedes-Benz Maybach SL680 del 2026 representa el pin\u00e1culo del lujo descapotable: es la fusi\u00f3n del tradicional roadster&hellip;\n","protected":false},"author":2,"featured_media":324888,"comment_status":"","ping_status":"","sticky":false,"template":"","format":"standard","meta":{"footnotes":""},"categories":[80],"tags":[24528,82,75273,18791,33116,24886,95,94,17121,25,24,10386,5646,75275,1531,75270,75272,75274,75271,23,120],"class_list":{"0":"post-324887","1":"post","2":"type-post","3":"status-publish","4":"format-standard","5":"has-post-thumbnail","7":"category-economia","8":"tag-android-auto","9":"tag-business","10":"tag-capota","11":"tag-carretera","12":"tag-confort","13":"tag-detalle","14":"tag-economia","15":"tag-economy","16":"tag-electrico","17":"tag-es","18":"tag-espana","19":"tag-estilo","20":"tag-exclusivo","21":"tag-hermano-amg","22":"tag-lujo","23":"tag-mercedes-benz-maybach-sl680","24":"tag-mercedes-maybach-sl","25":"tag-potencia-bajo","26":"tag-sistema-airscarf","27":"tag-spain","28":"tag-tecnologia"},"share_on_mastodon":{"url":"https:\/\/pubeurope.com\/@es\/115844693887950452","error":""},"_links":{"self":[{"href":"https:\/\/www.europesays.com\/es\/wp-json\/wp\/v2\/posts\/324887","targetHints":{"allow":["GET"]}}],"collection":[{"href":"https:\/\/www.europesays.com\/es\/wp-json\/wp\/v2\/posts"}],"about":[{"href":"https:\/\/www.europesays.com\/es\/wp-json\/wp\/v2\/types\/post"}],"author":[{"embeddable":true,"href":"https:\/\/www.europesays.com\/es\/wp-json\/wp\/v2\/users\/2"}],"replies":[{"embeddable":true,"href":"https:\/\/www.europesays.com\/es\/wp-json\/wp\/v2\/comments?post=324887"}],"version-history":[{"count":0,"href":"https:\/\/www.europesays.com\/es\/wp-json\/wp\/v2\/posts\/324887\/revisions"}],"wp:featuredmedia":[{"embeddable":true,"href":"https:\/\/www.europesays.com\/es\/wp-json\/wp\/v2\/media\/324888"}],"wp:attachment":[{"href":"https:\/\/www.europesays.com\/es\/wp-json\/wp\/v2\/media?parent=324887"}],"wp:term":[{"taxonomy":"category","embeddable":true,"href":"https:\/\/www.europesays.com\/es\/wp-json\/wp\/v2\/categories?post=324887"},{"taxonomy":"post_tag","embeddable":true,"href":"https:\/\/www.europesays.com\/es\/wp-json\/wp\/v2\/tags?post=324887"}],"curies":[{"name":"wp","href":"https:\/\/api.w.org\/{rel}","templated":true}]}}