{"id":324944,"date":"2026-01-05T22:28:12","date_gmt":"2026-01-05T22:28:12","guid":{"rendered":"https:\/\/www.europesays.com\/es\/324944\/"},"modified":"2026-01-05T22:28:12","modified_gmt":"2026-01-05T22:28:12","slug":"la-brutal-transformacion-de-daniel-day-lewis-a-los-68-anos-a-medida-que-envejezco-me-cuesta-cada-vez-mas-encontrar-el-camino","status":"publish","type":"post","link":"https:\/\/www.europesays.com\/es\/324944\/","title":{"rendered":"La brutal transformaci\u00f3n de Daniel Day-Lewis a los 68 a\u00f1os: \u201cA medida que envejezco, me cuesta cada vez m\u00e1s encontrar el camino\u201d"},"content":{"rendered":"<p><img alt=\"El regreso de Daniel Day-Lewis\" class=\"global-image\" decoding=\"async\" fetchpriority=\"high\" height=\"1920\" loading=\"eager\" src=\"https:\/\/www.europesays.com\/es\/wp-content\/uploads\/2026\/01\/7MIK5E2GTBCB5A43FWG7NHJP6M.jpg\" width=\"1441\"\/>El regreso de Daniel Day-Lewis al cine tras su anunciada retirada en 2017 marca un nuevo cap\u00edtulo en su carrera actoral<\/p>\n<p class=\"paragraph\">El anuncio de la retirada de <a rel=\"noopener noreferrer nofollow\" href=\"https:\/\/www.infobae.com\/entretenimiento\/2025\/11\/11\/no-soy-un-ermitano-llevo-una-vida-plena-feliz-aseguro-daniel-day-lewis-en-su-esperado-regreso-a-la-gran-pantalla\/\" target=\"_blank\" title=\"https:\/\/www.infobae.com\/entretenimiento\/2025\/11\/11\/no-soy-un-ermitano-llevo-una-vida-plena-feliz-aseguro-daniel-day-lewis-en-su-esperado-regreso-a-la-gran-pantalla\/\">Daniel Day-Lewis<\/a> en 2017 marc\u00f3 un hito en el mundo del cine. Con tres premios Oscar en su haber y una carrera caracterizada por interpretaciones profundamente transformadoras, la noticia de que abandonaba la actuaci\u00f3n para siempre gener\u00f3 un impacto considerable. El propio Day-Lewis, en una reciente entrevista con la revista \u2018Rolling Stone\u2019, reconoci\u00f3 que sus declaraciones sobre dejar la gran pantalla fueron m\u00e1s impulsivas que definitivas. En sus palabras, \u201c<b>nunca tuvo la intenci\u00f3n de retirarse<\/b>\u201d y admite que \u201chabr\u00eda hecho bien en mantener la boca cerrada\u201d. El tiempo ha mostrado que la puerta nunca estuvo realmente cerrada.<\/p>\n<p><img alt=\"La pel\u00edcula \u2018Anemone\u2019, dirigida por\" class=\"global-image\" decoding=\"async\" fetchpriority=\"low\" height=\"1281\" loading=\"lazy\" src=\"https:\/\/www.europesays.com\/es\/wp-content\/uploads\/2026\/01\/IPWMYHB7SRDBTGGFHIUNLLDMVQ.jpg\" width=\"1920\"\/>La pel\u00edcula \u2018Anemone\u2019, dirigida por Ronan Day-Lewis, es el proyecto que motiv\u00f3 el retorno de Daniel Day-Lewis a los rodajes<\/p>\n<p class=\"paragraph\">El regreso de Day-Lewis a los cines se materializa con la pel\u00edcula \u2018<b>Anemone<\/b>\u2019, dirigida por su hijo <b>Ronan Day-Lewis<\/b>. Este proyecto ha sido fundamental para que el actor reconsiderara su alejamiento de los rodajes. En la entrevista, Day-Lewis enfatiza que su decisi\u00f3n de dejar de actuar no respond\u00eda a una ruptura con el cine, sino a una necesidad de explorar otros aspectos de su vida. \u201c<b>Nunca quise dejarlo definitivamente, la verdad. Simplemente, dej\u00e9 de hacer ese tipo de trabajo para dedicarme a otros<\/b>\u201d, asegur\u00f3. Las circunstancias familiares tambi\u00e9n influyeron: \u201cParece que me han acusado de retirarme dos veces. \u00a1Nunca tuve intenci\u00f3n de retirarme de nada! Solo quer\u00eda dedicarme a otra cosa durante un tiempo\u201d. La oportunidad de trabajar con su hijo fue determinante para volver. Como \u00e9l mismo relata, la idea de colaborar con Ronan en su debut como director encendi\u00f3 una chispa que cre\u00eda apagada: \u201c<b>Sab\u00eda que mi hijo Ronan iba a hacer pel\u00edculas justo cuando yo me estaba alejando de la actuaci\u00f3n y entonces pens\u00e9: \u2018\u00bfNo ser\u00eda encantador si hici\u00e9ramos algunos juntos?\u2019<\/b>\u201d.<\/p>\n<p class=\"paragraph\">El proceso de regresar a la interpretaci\u00f3n no estuvo exento de dudas y temores. Day-Lewis confiesa que, a medida que envejece, le resulta m\u00e1s dif\u00edcil \u201c<b>encontrar el camino<\/b> de regreso al lugar donde el fuego vuelve a arder\u201d. Sin embargo, la experiencia de colaborar con su hijo result\u00f3 revitalizadora: \u201c<b>Al trabajar con Ro, ese fuego simplemente se encendi\u00f3. Y fue, de principio a fin, una alegr\u00eda pura pasar ese tiempo con \u00e9l<\/b>\u201d. A pesar de la brutal transformaci\u00f3n f\u00edsica que muchos han se\u00f1alado en su reaparici\u00f3n p\u00fablica, el propio actor reconoce que el cambio m\u00e1s profundo ha sido personal y vital, no solo est\u00e9tico. De manera abierta, admite sentir \u201cuna ansiedad por retomar el negocio del cine\u201d, aunque nunca dej\u00f3 de amar la interpretaci\u00f3n. Su dificultad resid\u00eda, seg\u00fan explica, en aspectos de la vida p\u00fablica y el estilo de vida asociados a la fama, con los que nunca lleg\u00f3 a sentirse plenamente c\u00f3modo.<\/p>\n<p><img alt=\"Daniel Day-Lewis destaca que trabajar\" class=\"global-image\" decoding=\"async\" fetchpriority=\"low\" height=\"1280\" loading=\"lazy\" src=\"https:\/\/www.europesays.com\/es\/wp-content\/uploads\/2026\/01\/GKEQJVUXCFDDNJKJQX63IYNIIQ.jpg\" width=\"1920\"\/>Daniel Day-Lewis destaca que trabajar junto a su hijo Ronan encendi\u00f3 de nuevo su pasi\u00f3n por la interpretaci\u00f3n<\/p>\n<p class=\"paragraph\">El <b>distanciamiento de Daniel Day-Lewis de los grandes focos<\/b> y la vida fren\u00e9tica de Hollywood no fue accidental. Durante estos ocho a\u00f1os alejado de los plat\u00f3s, el actor se volc\u00f3 en actividades que representaban un cambio radical respecto a su pasado profesional. Aprendi\u00f3 carpinter\u00eda y zapater\u00eda, oficios manuales que le permitieron explorar una faceta creativa diferente y m\u00e1s pausada. Tambi\u00e9n dedic\u00f3 buena parte de su tiempo a cuidar de su granja en County Wicklow, Irlanda. Esta reconexi\u00f3n con la naturaleza y la vida rural supuso para Day-Lewis una manera de redescubrirse fuera del ruido medi\u00e1tico y las excentricidades propias del entorno cinematogr\u00e1fico.<\/p>\n<p class=\"paragraph\">Ante la imagen p\u00fablica de actor ermita\u00f1o o apartado del mundo que algunos medios han querido construir, Day-Lewis responde con firmeza. Insiste en que no todos los int\u00e9rpretes deben encajar en el molde de la estrella y rechaza la idea de que su vida rural sea sin\u00f3nimo de aislamiento. \u201c<b>Me enfada un poco que se diga tonter\u00edas sobre actores como yo. No todos debemos comportarnos como estrellas. No soy un ermita\u00f1o, llevo una vida plena y feliz lejos de los focos<\/b>\u201d. Este planteamiento revela una filosof\u00eda de vida opuesta a la cultura de la celebridad, enfocada en la autenticidad, la privacidad y el disfrute de los peque\u00f1os placeres cotidianos.<\/p>\n<p><img alt=\"La transformaci\u00f3n personal de Daniel\" class=\"global-image\" decoding=\"async\" fetchpriority=\"low\" height=\"1080\" loading=\"lazy\" src=\"https:\/\/www.europesays.com\/es\/wp-content\/uploads\/2026\/01\/ZW77VCUEORHFLKSPKXJLL4BTM4.jpg\" width=\"1920\"\/>La transformaci\u00f3n personal de Daniel Day-Lewis incluy\u00f3 buscar una vida plena y feliz lejos del ruido y la fama de Hollywood<\/p>\n<p class=\"paragraph\">Su regreso a la gran pantalla no implica un retorno a los viejos h\u00e1bitos, sino una incorporaci\u00f3n selectiva y consciente, motivada por la pasi\u00f3n renovada de trabajar junto a su hijo. Day-Lewis deja claro que el impulso que lo llev\u00f3 de vuelta al cine no surgi\u00f3 de la nostalgia ni de la presi\u00f3n externa, sino de una motivaci\u00f3n \u00edntima y familiar. El hecho de que Ronan asumiera la direcci\u00f3n fue el factor decisivo para reavivar su inter\u00e9s por la interpretaci\u00f3n. La experiencia compartida entre padre e hijo no solo permiti\u00f3 el resurgimiento art\u00edstico de Day-Lewis, sino que tambi\u00e9n consolid\u00f3 una relaci\u00f3n personal y profesional profundamente significativa para ambos.<\/p>\n<p class=\"paragraph\">La trayectoria reciente de Daniel Day-Lewis ilustra c\u00f3mo el paso del tiempo y la madurez personal pueden transformar radicalmente las prioridades y la manera de entender el \u00e9xito. Su historia ofrece una visi\u00f3n de la vida art\u00edstica en la que la reinvenci\u00f3n personal, el v\u00ednculo familiar y el alejamiento de los convencionalismos de Hollywood se convierten en motores esenciales de una nueva etapa vital.<\/p>\n","protected":false},"excerpt":{"rendered":"El regreso de Daniel Day-Lewis al cine tras su anunciada retirada en 2017 marca un nuevo cap\u00edtulo en&hellip;\n","protected":false},"author":2,"featured_media":324945,"comment_status":"","ping_status":"","sticky":false,"template":"","format":"standard","meta":{"footnotes":""},"categories":[169],"tags":[15073,177,5797,146,147,25,24,176,47793,175,9,23],"class_list":["post-324944","post","type-post","status-publish","format-standard","has-post-thumbnail","category-cine","tag-art","tag-cine","tag-culture","tag-entertainment","tag-entretenimiento","tag-es","tag-espana","tag-film","tag-italy","tag-movies","tag-news","tag-spain"],"share_on_mastodon":{"url":"https:\/\/pubeurope.com\/@es\/115844855015905139","error":""},"_links":{"self":[{"href":"https:\/\/www.europesays.com\/es\/wp-json\/wp\/v2\/posts\/324944","targetHints":{"allow":["GET"]}}],"collection":[{"href":"https:\/\/www.europesays.com\/es\/wp-json\/wp\/v2\/posts"}],"about":[{"href":"https:\/\/www.europesays.com\/es\/wp-json\/wp\/v2\/types\/post"}],"author":[{"embeddable":true,"href":"https:\/\/www.europesays.com\/es\/wp-json\/wp\/v2\/users\/2"}],"replies":[{"embeddable":true,"href":"https:\/\/www.europesays.com\/es\/wp-json\/wp\/v2\/comments?post=324944"}],"version-history":[{"count":0,"href":"https:\/\/www.europesays.com\/es\/wp-json\/wp\/v2\/posts\/324944\/revisions"}],"wp:featuredmedia":[{"embeddable":true,"href":"https:\/\/www.europesays.com\/es\/wp-json\/wp\/v2\/media\/324945"}],"wp:attachment":[{"href":"https:\/\/www.europesays.com\/es\/wp-json\/wp\/v2\/media?parent=324944"}],"wp:term":[{"taxonomy":"category","embeddable":true,"href":"https:\/\/www.europesays.com\/es\/wp-json\/wp\/v2\/categories?post=324944"},{"taxonomy":"post_tag","embeddable":true,"href":"https:\/\/www.europesays.com\/es\/wp-json\/wp\/v2\/tags?post=324944"}],"curies":[{"name":"wp","href":"https:\/\/api.w.org\/{rel}","templated":true}]}}