{"id":32501,"date":"2025-08-07T22:10:08","date_gmt":"2025-08-07T22:10:08","guid":{"rendered":"https:\/\/www.europesays.com\/es\/32501\/"},"modified":"2025-08-07T22:10:08","modified_gmt":"2025-08-07T22:10:08","slug":"las-entradas-para-la-supercopa-a-la-venta","status":"publish","type":"post","link":"https:\/\/www.europesays.com\/es\/32501\/","title":{"rendered":"Las entradas para la Supercopa, a la venta"},"content":{"rendered":"<p>\n        <strong>Pamplona <\/strong>\u2013 El pabell\u00f3n <strong>Anaitasuna de Pamplona<\/strong> se convertir\u00e1 los d\u00edas <strong>5 y 6 de septiembre<\/strong> en el epicentro de una las grandes citas del balonmano femenino, la <strong>Supercopa Ib\u00e9rica<\/strong>. <a href=\"https:\/\/www.noticiasdegipuzkoa.eus\/tags\/super-amara-bera-bera\/\" title=\"Super Amara Bera Bera\" class=\"link copy\" rel=\"nofollow noopener\" target=\"_blank\">Super Amara Bera Bera<\/a>, vigente campe\u00f3n del torneo, <strong>Replasa Beti Onak, <\/strong>SL Benfica y Madeira SAD ser\u00e1n los cuatro equipos que disputen este primer t\u00edtulo oficial de la temporada, para el que ya se han puesto a la venta las entradas.\n<\/p>\n<p class=\"article-body__text \">\n        Quienes est\u00e9n interesados en adquirir localidades para este evento pueden hacerlo a trav\u00e9s del <strong>portal de Anaitasuna, <\/strong>en concreto accediendo a la siguiente direcci\u00f3n: <a href=\"https:\/\/www.noticiasdegipuzkoa.eus\/balonmano\/2025\/08\/07\/eventos-anaitasuna.koobin.com\" title=\"https:\/\/www.noticiasdegipuzkoa.eus\/balonmano\/2025\/08\/07\/eventos-anaitasuna.koobin.com\" class=\"link copy\" rel=\"nofollow noopener\" target=\"_blank\">eventos-anaitasuna.koobin.com<\/a>. Una vez dentro, hay disponibles tres paquetes para acudir al torneo, cuyos precios oscilan entre los <strong>30 y los 15 euros.<\/strong>\n<\/p>\n<p>  Paquete <strong>semifinales<\/strong><\/p>\n<p class=\"article-body__text \">\n        Por un lado est\u00e1 el Paquete <strong>semifinales<\/strong>, que incluye los dos encuentros que se jugar\u00e1n el viernes 5: la primera semifinal entre el Super Amara Bera Bera y el Madeira SAD luso (18.15 horas) y l<strong>a segunda, <\/strong>que enfrentar\u00e1 al Replasa <a href=\"https:\/\/www.noticiasdegipuzkoa.eus\/tags\/beti-onak\/\" title=\"Beti Onak\" class=\"link copy\" rel=\"nofollow noopener\" target=\"_blank\">Beti Onak<\/a> navarro y al tambi\u00e9n portugu\u00e9s SL Benfica (20.30 h). En este caso, los adultos pagar\u00e1n 20 euros y los menores de edad, 15.\n<\/p>\n<p><strong>Precios<\/strong><\/p>\n<ul>\n<li>\u2018Paquete semifinales\u2019. Incluye las semifinales del viernes 5: Super Amara Bera Bera-Madeira (18.15) y Replasa Beti Onak-SL Benfica (20.30). Los adultos pagan 20 euros y los menores, 15<\/li>\n<li>\u2018Paquete final\u2019. Para los encuentros del s\u00e1bado 6 del tercer y cuarto puesto (17.45) y de la final (20.00). Los adultos 20 euros y los menores, 15<\/li>\n<li>\u2018Abono Supercopa\u2019. Para quienes quieran presenciar los cuatro duelos. Los adultos, 30; los menores, 15.<\/li>\n<\/ul>\n<p class=\"article-body__text \">\n        Asimismo, est\u00e1 el denominado <strong>Paquete final,<\/strong> que permitir\u00e1 acceder a los encuentros del s\u00e1bado 6 por el tercer y el cuarto puesto (17.45 h) y el de la final (20.00 h). El coste es similar al anterior.\n<\/p>\n<p>  Abono Supercopa<\/p>\n<p class=\"article-body__text \">\n        Finalmente, se ha puesto a la venta tambi\u00e9n el<strong> Abono Supercopa,<\/strong> en el que est\u00e1n incluidos los cuatro partidos del campeonato. Los precios, en este caso, <strong>son de 30 euros <\/strong>para los adultos y de 20 para los menores de edad.\n<\/p>\n<p class=\"article-body__text \">\n        Seg\u00fan especific\u00f3 Anaitasuna en una nota informativa, el acuerdo suscrito para la cesi\u00f3n del pabell\u00f3n \u201cfija los precios\u201d de las entradas. Igualmente, apunt\u00f3 que las mismas \u201cno son nominativas\u201d y que una misma persona \u201cpuede comprar tantas entradas como desee\u201d.<\/p>\n","protected":false},"excerpt":{"rendered":"Pamplona \u2013 El pabell\u00f3n Anaitasuna de Pamplona se convertir\u00e1 los d\u00edas 5 y 6 de septiembre en el&hellip;\n","protected":false},"author":2,"featured_media":32502,"comment_status":"","ping_status":"","sticky":false,"template":"","format":"standard","meta":{"footnotes":""},"categories":[278],"tags":[376,168,4401,25,24,375,23,167,4611,2913],"class_list":{"0":"post-32501","1":"post","2":"type-post","3":"status-publish","4":"format-standard","5":"has-post-thumbnail","7":"category-balonmano","8":"tag-balonmano","9":"tag-deportes","10":"tag-entradas","11":"tag-es","12":"tag-espana","13":"tag-handball","14":"tag-spain","15":"tag-sports","16":"tag-supercopa","17":"tag-venta"},"share_on_mastodon":{"url":"","error":""},"_links":{"self":[{"href":"https:\/\/www.europesays.com\/es\/wp-json\/wp\/v2\/posts\/32501","targetHints":{"allow":["GET"]}}],"collection":[{"href":"https:\/\/www.europesays.com\/es\/wp-json\/wp\/v2\/posts"}],"about":[{"href":"https:\/\/www.europesays.com\/es\/wp-json\/wp\/v2\/types\/post"}],"author":[{"embeddable":true,"href":"https:\/\/www.europesays.com\/es\/wp-json\/wp\/v2\/users\/2"}],"replies":[{"embeddable":true,"href":"https:\/\/www.europesays.com\/es\/wp-json\/wp\/v2\/comments?post=32501"}],"version-history":[{"count":0,"href":"https:\/\/www.europesays.com\/es\/wp-json\/wp\/v2\/posts\/32501\/revisions"}],"wp:featuredmedia":[{"embeddable":true,"href":"https:\/\/www.europesays.com\/es\/wp-json\/wp\/v2\/media\/32502"}],"wp:attachment":[{"href":"https:\/\/www.europesays.com\/es\/wp-json\/wp\/v2\/media?parent=32501"}],"wp:term":[{"taxonomy":"category","embeddable":true,"href":"https:\/\/www.europesays.com\/es\/wp-json\/wp\/v2\/categories?post=32501"},{"taxonomy":"post_tag","embeddable":true,"href":"https:\/\/www.europesays.com\/es\/wp-json\/wp\/v2\/tags?post=32501"}],"curies":[{"name":"wp","href":"https:\/\/api.w.org\/{rel}","templated":true}]}}