{"id":325021,"date":"2026-01-05T23:20:09","date_gmt":"2026-01-05T23:20:09","guid":{"rendered":"https:\/\/www.europesays.com\/es\/325021\/"},"modified":"2026-01-05T23:20:09","modified_gmt":"2026-01-05T23:20:09","slug":"delcy-rodriguez-juramenta-como-presidenta-encargada-de-venezuela-tras-la-captura-de-maduro","status":"publish","type":"post","link":"https:\/\/www.europesays.com\/es\/325021\/","title":{"rendered":"Delcy Rodr\u00edguez juramenta como presidenta encargada de Venezuela tras la captura de Maduro"},"content":{"rendered":"<p><img fetchpriority=\"high\" decoding=\"async\" src=\"https:\/\/www.europesays.com\/es\/wp-content\/uploads\/2026\/01\/79d8c6b0-ea6d-11f0-abe2-ab0fb32e3a9d.jpg.webp.webp\"   alt=\"Delcy Rodr\u00edguez, con vestido verde y la mano alzada, jura su cargo de presidenta encargada de Venezuela el lunes 5 de enero de 2026\" loading=\"eager\" width=\"1733\" height=\"975\" style=\"aspect-ratio:1733 \/ 975\" class=\"css-1seqhu9\"\/><\/p>\n<p class=\"css-by8ykd\" role=\"text\">Fuente de la imagen, EPA<\/p>\n<p><strong id=\"article-byline\" aria-hidden=\"true\" class=\"css-2ozlq5\">Informaci\u00f3n del art\u00edculo<\/strong><\/p>\n<ul class=\"css-1dlgp3z\">\n<li class=\"css-1s1df59\"\/>\n<li>5 enero 2026, 19:13 GMT\n<p>Actualizado 2 horas<\/p>\n<\/li>\n<li>\n<p>Tiempo de lectura: 5 min<\/p>\n<\/li>\n<\/ul>\n<p dir=\"ltr\" class=\"css-s4cjt0 e1yuyadm0\"><b>Delcy Rodr\u00edguez jurament\u00f3 este lunes como la nueva presidenta encargada de Venezuela. <\/b><\/p>\n<p dir=\"ltr\" class=\"css-s4cjt0 e1yuyadm0\">\u00abVengo como vicepresidenta ejecutiva del presidente constitucional de la Rep\u00fablica Bolivariana de Venezuela, Nicol\u00e1s Maduro Moros, a prestar juramento\u00bb, dijo en una ceremonia en la Asamblea Nacional.<\/p>\n<p dir=\"ltr\" class=\"css-s4cjt0 e1yuyadm0\">\u00abVengo con dolor por el sufrimiento que se le ha causado al pueblo venezolano luego de una agresi\u00f3n militar ileg\u00edtima contra nuestra patria\u00bb, asegur\u00f3 Rodr\u00edguez dos d\u00edas despu\u00e9s de la captura de Maduro.<\/p>\n<p dir=\"ltr\" class=\"css-s4cjt0 e1yuyadm0\">El mandatario y su esposa, Cilia Flores, fueron detenidos en Caracas en un operativo militar de EE.UU. amplio y controlado, que fue ejecutado durante la madrugada del s\u00e1bado.<\/p>\n<p dir=\"ltr\" class=\"css-s4cjt0 e1yuyadm0\">\u00abVengo con dolor por el secuestro de dos h\u00e9roes que tenemos como rehenes en los Estados Unidos de Norteam\u00e9rica\u00bb, a\u00f1adi\u00f3 en su juramento. \u00abVengo con dolor, pero debo decir que vengo tambi\u00e9n con honor a jurar\u00bb.<\/p>\n<p dir=\"ltr\" class=\"css-s4cjt0 e1yuyadm0\">Maduro y Flores fueron trasladados a Nueva York, donde este lunes se declararon no culpables ante un tribunal federal de cargos de conspiraci\u00f3n para el narcoterrorismo y otros delitos.  <\/p>\n<p><img decoding=\"async\" src=\"https:\/\/www.europesays.com\/es\/wp-content\/uploads\/2026\/01\/a1117cd0-ea4b-11f0-a4c4-1d0f54763880.jpg.webp.webp\"   alt=\"Nicol\u00e1s Maduro y su esposa Cilia Flores se ven esposados y escoltados por agentes federales fuertemente armados en su traslado a la corte federal de Nueva York.\" loading=\"lazy\" width=\"1024\" height=\"576\" style=\"aspect-ratio:1024 \/ 576\" class=\"css-1seqhu9\"\/><\/p>\n<p class=\"css-by8ykd\" role=\"text\">Fuente de la imagen, Getty Images<\/p>\n<p>Pie de foto, Nicol\u00e1s Maduro y su esposa Cilia Flores tras aterrizar en un helipuerto de Manhattan. Ambos fueron esposados y escoltados por agentes federales fuertemente armados en su traslado a la corte federal de Nueva York.<\/p>\n<p>Sucesora interina<\/p>\n<p dir=\"ltr\" class=\"css-s4cjt0 e1yuyadm0\">Rodr\u00edguez pas\u00f3 de ser la mano derecha de Maduro como vicepresidenta ejecutiva a su sucesora interina.<\/p>\n<p dir=\"ltr\" class=\"css-s4cjt0 e1yuyadm0\">En una ceremonia demorada, Rodr\u00edguez asumi\u00f3 el nuevo cargo ante los diputados de la Asamblea Nacional, que en esta misma jornada inici\u00f3 un nuevo per\u00edodo legislativo.<\/p>\n<p dir=\"ltr\" class=\"css-s4cjt0 e1yuyadm0\">La juramentaci\u00f3n ocurri\u00f3 despu\u00e9s de que el Tribunal Supremo de Justicia de Venezuela ordenara la asunci\u00f3n de Rodr\u00edguez como jefa de Estado ante la \u00abausencia forzosa\u00bb de Maduro.<\/p>\n<p dir=\"ltr\" class=\"css-s4cjt0 e1yuyadm0\">El diputado Nicol\u00e1s Maduro Guerra, hijo de Nicol\u00e1s Maduro, fue uno de los testigos directos de la juramentaci\u00f3n.<\/p>\n<p dir=\"ltr\" class=\"css-s4cjt0 e1yuyadm0\">Con el nombramiento de Rodr\u00edguez como presidenta interina, el tribunal le otorga el poder para liderar \u00abla defensa de la soberan\u00eda\u00bb y \u00abpreservar el orden constitucional\u00bb. <\/p>\n<p dir=\"ltr\" class=\"css-s4cjt0 e1yuyadm0\">La l\u00edder cuenta adem\u00e1s con el respaldo del ej\u00e9rcito venezolano.<\/p>\n<p><img decoding=\"async\" src=\"https:\/\/www.europesays.com\/es\/wp-content\/uploads\/2026\/01\/d746ad00-ea4d-11f0-b9e4-ed1bf7c7c6b4.jpg.webp.webp\"   alt=\"Delcy Rodr\u00edguez\" loading=\"lazy\" width=\"921\" height=\"519\" style=\"aspect-ratio:921 \/ 519\" class=\"css-1seqhu9\"\/><\/p>\n<p class=\"css-by8ykd\" role=\"text\">Fuente de la imagen, Getty Images<\/p>\n<p>Pie de foto, Delcy Rodr\u00edguez ha sido vicepresidenta, canciller y ministra en varias carteras. <\/p>\n<p>La trayectoria de Rodr\u00edguez<\/p>\n<p dir=\"ltr\" class=\"css-s4cjt0 e1yuyadm0\">La abogada de 56 a\u00f1os ha sido una pieza clave en el chavismo. Durante el gobierno de Hugo Ch\u00e1vez lleg\u00f3 por primera vez al gabinete como ministra del despacho de la Presidencia.<\/p>\n<p dir=\"ltr\" class=\"css-s4cjt0 e1yuyadm0\">Y consolid\u00f3 su poder tras la asunci\u00f3n de Maduro en 2013: fue ministra de Comunicaci\u00f3n e Informaci\u00f3n y ministra de Econom\u00eda, despu\u00e9s se desempe\u00f1\u00f3 como canciller y finalmente como ministra de Hidrocarburos y vicepresidenta ejecutiva. <\/p>\n<p dir=\"ltr\" class=\"css-s4cjt0 e1yuyadm0\">Pocas horas antes de juramentar, Rodr\u00edguez dio un giro dr\u00e1stico en el tono con Estados Unidos. <\/p>\n<p dir=\"ltr\" class=\"css-s4cjt0 e1yuyadm0\">Tras la operaci\u00f3n militar de \u00e9lite que fue ordenada por el mandatario estadounidense, Donald Trump, en territorio venezolano, ella describi\u00f3 la operaci\u00f3n como un \u00absecuestro ilegal e ileg\u00edtimo\u00bb y una \u00abagresi\u00f3n extranjera\u00bb.<\/p>\n<p dir=\"ltr\" class=\"css-s4cjt0 e1yuyadm0\">\u00abLo que se le est\u00e1 haciendo a Venezuela es una barbarie\u00bb, asegur\u00f3 en una intervenci\u00f3n en cadena nacional. <\/p>\n<p dir=\"ltr\" class=\"css-s4cjt0 e1yuyadm0\">\u00abSitiarla, bloquearla, es una barbarie que violenta todo mecanismo del sistema de derechos humanos internacional y configura delitos de lesa humanidad. Que ning\u00fan bloqueo pretenda torcer la voluntad de este pueblo\u00bb, dijo Rodr\u00edguez.<\/p>\n<p dir=\"ltr\" class=\"css-s4cjt0 e1yuyadm0\">\u00abEn Venezuela solo hay un presidente, que se llama Nicol\u00e1s Maduro Moros\u00bb.<\/p>\n<p>\u00abNo tiene alternativa\u00bb<\/p>\n<p dir=\"ltr\" class=\"css-s4cjt0 e1yuyadm0\">La noche del domingo, sin embargo, la nueva presidenta de Venezuela invit\u00f3 al gobierno de Trump a \u00abtrabajar conjuntamente en una agenda de cooperaci\u00f3n, orientada al desarrollo compartido, en el marco de la legalidad internacional y fortalezca una convivencia comunitaria duradera\u00bb.<\/p>\n<p dir=\"ltr\" class=\"css-s4cjt0 e1yuyadm0\">\u00abVenezuela reafirma su vocaci\u00f3n de paz y de convivencia pac\u00edfica. Nuestro pa\u00eds aspira a vivir sin amenazas externas, en un entorno de respeto y cooperaci\u00f3n internacional. Creemos que la paz global se construye garantizando primero la paz de cada naci\u00f3n\u00bb, agreg\u00f3 en un post de Instagram, recalcando los principios de la \u00abigualdad soberana y la no injerencia\u00bb. <\/p>\n<p dir=\"ltr\" class=\"css-s4cjt0 e1yuyadm0\">Trump sugiri\u00f3 previamente que Rodr\u00edguez estuvo en contacto con el secretario de Estado de EE.UU., Marco Rubio, y que habr\u00eda manifestado su disposici\u00f3n a acceder a todas las exigencias de Washington. \u00abNo tiene alternativa\u00bb, afirm\u00f3. <\/p>\n<p dir=\"ltr\" class=\"css-s4cjt0 e1yuyadm0\">Este domingo el mandatario estadounidense fue m\u00e1s all\u00e1 y le dijo a la revista The Atlantic que si Rodr\u00edguez \u00abno hace lo correcto, va a pagar un precio muy alto, probablemente mayor que el de (Nicol\u00e1s) Maduro\u00bb.<\/p>\n<p dir=\"ltr\" class=\"css-s4cjt0 e1yuyadm0\">Tras la captura de Maduro, Trump dijo que EE.UU. \u00abgobernar\u00e1\u00bb Venezuela \u00abhasta que podamos hacer una transici\u00f3n segura, adecuada y juiciosa\u00bb.<\/p>\n<p><img decoding=\"async\" src=\"https:\/\/www.europesays.com\/es\/wp-content\/uploads\/2026\/01\/dc47dfb0-ea4b-11f0-a4c4-1d0f54763880.jpg.webp.webp\"   alt=\"Delcy Rodriguez acompa\u00f1a al presidente Nicol\u00e1s Maduro en su asunci\u00f3n el 10 de enero de 2025. \" loading=\"lazy\" width=\"1024\" height=\"576\" style=\"aspect-ratio:1024 \/ 576\" class=\"css-1seqhu9\"\/><\/p>\n<p class=\"css-by8ykd\" role=\"text\">Fuente de la imagen, Getty Images<\/p>\n<p>Pie de foto, Delcy Rodr\u00edguez es considerada parte del c\u00edrculo de hierro de Nicol\u00e1s Maduro. <\/p>\n<p>\u00bfCu\u00e1nto tiempo podr\u00eda estar en el cargo? <\/p>\n<p dir=\"ltr\" class=\"css-s4cjt0 e1yuyadm0\">La Constituci\u00f3n venezolana establece un plazo de 30 d\u00edas para realizar elecciones en caso de una falta absoluta del presidente. <\/p>\n<p dir=\"ltr\" class=\"css-s4cjt0 e1yuyadm0\">Las causas incluyen, entre otros supuestos, fallecimiento, renuncia, destituci\u00f3n o abandono.<\/p>\n<p dir=\"ltr\" class=\"css-s4cjt0 e1yuyadm0\">Sin embargo, por el car\u00e1cter excepcional del caso, el Tribunal Supremo de Venezuela opt\u00f3 por interpretar la ausencia de Maduro como \u00abtemporal\u00bb, atribuyendo a la vicepresidenta la funci\u00f3n de suplirlo. <\/p>\n<p dir=\"ltr\" class=\"css-s4cjt0 e1yuyadm0\">Un vicepresidente puede suplir la ausencia presidencial temporal durante hasta 90 d\u00edas, per\u00edodo que puede extenderse a seis meses con el voto de la Asamblea Nacional. <\/p>\n<p dir=\"ltr\" class=\"css-s4cjt0 e1yuyadm0\">En su sentencia, de todas formas, el m\u00e1ximo tribunal venezolano no record\u00f3 esos plazos, lo que abre dudas sobre la posibilidad de que Rodr\u00edguez pueda mantenerse en el poder m\u00e1s all\u00e1 de ese itinerario.<\/p>\n<p dir=\"ltr\" class=\"css-s4cjt0 e1yuyadm0\">Lo m\u00e1s probable es que aquello dependa ahora, en gran medida, de c\u00f3mo la nueva presidenta de Venezuela maneje la relaci\u00f3n con Estados Unidos. <\/p>\n<p><img decoding=\"async\" src=\"https:\/\/www.europesays.com\/es\/wp-content\/uploads\/2026\/01\/d6caca40-ea21-11f0-a8dc-93c15fe68710.png.webp.webp\"   alt=\"L\u00ednea gris\" loading=\"lazy\" width=\"800\" height=\"100\" style=\"aspect-ratio:800 \/ 100\" class=\"css-1seqhu9\"\/><\/p>\n<p dir=\"ltr\" class=\"css-s4cjt0 e1yuyadm0\"><a href=\"https:\/\/www.bbc.com\/mundo\/send\/u184973209\" class=\"focusIndicatorReducedWidth css-n8oauk e1h2ur550\" rel=\"nofollow noopener\" target=\"_blank\">Suscr\u00edbete aqu\u00ed<\/a> a nuestro nuevo newsletter para recibir cada viernes una selecci\u00f3n de nuestro mejor contenido de la semana.<\/p>\n<p dir=\"ltr\" class=\"css-s4cjt0 e1yuyadm0\">Y recuerda que puedes recibir notificaciones en nuestra app. Descarga la \u00faltima versi\u00f3n y act\u00edvalas.<\/p>\n","protected":false},"excerpt":{"rendered":"Fuente de la imagen, EPA Informaci\u00f3n del art\u00edculo 5 enero 2026, 19:13 GMT Actualizado 2 horas Tiempo de&hellip;\n","protected":false},"author":2,"featured_media":325022,"comment_status":"","ping_status":"","sticky":false,"template":"","format":"standard","meta":{"footnotes":""},"categories":[42],"tags":[17,18,13,14,11,61,62,63,64,19,20,9,10,15,16,12,21,22,65,66,67],"class_list":{"0":"post-325021","1":"post","2":"type-post","3":"status-publish","4":"format-standard","5":"has-post-thumbnail","7":"category-internacional","8":"tag-breaking-news","9":"tag-breakingnews","10":"tag-featured-news","11":"tag-featurednews","12":"tag-headlines","13":"tag-internacional","14":"tag-international","15":"tag-international-news","16":"tag-internationalnews","17":"tag-latest-news","18":"tag-latestnews","19":"tag-news","20":"tag-noticias","21":"tag-noticias-destacadas","22":"tag-noticiasdestacadas","23":"tag-titulares","24":"tag-ultimas-noticias","25":"tag-ultimasnoticias","26":"tag-world","27":"tag-world-news","28":"tag-worldnews"},"share_on_mastodon":{"url":"https:\/\/pubeurope.com\/@es\/115845059415645440","error":""},"_links":{"self":[{"href":"https:\/\/www.europesays.com\/es\/wp-json\/wp\/v2\/posts\/325021","targetHints":{"allow":["GET"]}}],"collection":[{"href":"https:\/\/www.europesays.com\/es\/wp-json\/wp\/v2\/posts"}],"about":[{"href":"https:\/\/www.europesays.com\/es\/wp-json\/wp\/v2\/types\/post"}],"author":[{"embeddable":true,"href":"https:\/\/www.europesays.com\/es\/wp-json\/wp\/v2\/users\/2"}],"replies":[{"embeddable":true,"href":"https:\/\/www.europesays.com\/es\/wp-json\/wp\/v2\/comments?post=325021"}],"version-history":[{"count":0,"href":"https:\/\/www.europesays.com\/es\/wp-json\/wp\/v2\/posts\/325021\/revisions"}],"wp:featuredmedia":[{"embeddable":true,"href":"https:\/\/www.europesays.com\/es\/wp-json\/wp\/v2\/media\/325022"}],"wp:attachment":[{"href":"https:\/\/www.europesays.com\/es\/wp-json\/wp\/v2\/media?parent=325021"}],"wp:term":[{"taxonomy":"category","embeddable":true,"href":"https:\/\/www.europesays.com\/es\/wp-json\/wp\/v2\/categories?post=325021"},{"taxonomy":"post_tag","embeddable":true,"href":"https:\/\/www.europesays.com\/es\/wp-json\/wp\/v2\/tags?post=325021"}],"curies":[{"name":"wp","href":"https:\/\/api.w.org\/{rel}","templated":true}]}}