{"id":325106,"date":"2026-01-06T00:29:34","date_gmt":"2026-01-06T00:29:34","guid":{"rendered":"https:\/\/www.europesays.com\/es\/325106\/"},"modified":"2026-01-06T00:29:34","modified_gmt":"2026-01-06T00:29:34","slug":"comienza-juicio-contra-ex-oficial-por-poner-en-peligro-a-un-menor-en-crisis-en-uvalde","status":"publish","type":"post","link":"https:\/\/www.europesays.com\/es\/325106\/","title":{"rendered":"Comienza juicio contra ex oficial por poner en peligro a un menor en crisis en Uvalde"},"content":{"rendered":"<p><a href=\"https:\/\/www.tpr.org\/criminal-justice\/2026-01-04\/child-endangerment-trial-begins-for-former-officer-in-uvalde-response\" class=\"Link\" target=\"_blank\" rel=\"nofollow noopener\">Lee esta historia en ingl\u00e9s.<\/a><\/p>\n<p>La selecci\u00f3n del jurado comienza el lunes en el juicio de un ex oficial de polic\u00eda del distrito escolar de Uvalde, acusado en relaci\u00f3n con la respuesta al tiroteo en la escuela primaria Robb en 2022.<\/p>\n<p>Adrian Gonzales enfrenta 29 cargos por delitos graves de abandono o puesta en peligro de un ni\u00f1o por su presunta inacci\u00f3n durante la respuesta.<\/p>\n<p>Seg\u00fan la acusaci\u00f3n formal, Gonzalez no logr\u00f3 \u00abenfrentar, distraer ni retrasar al tirador\u00bb ni sigui\u00f3 su entrenamiento para encarar al pistolero. Se declar\u00f3 inocente de todos los cargos.<\/p>\n<p>Varios de los familiares de las v\u00edctimas estar\u00e1n presentes en el juicio en Corpus Christi, incluido Manuel Rizo, t\u00edo de Jackie Cazares, una estudiante de cuarto grado, de 9 a\u00f1os de edad, que muri\u00f3 en el ataque.<\/p>\n<p>\u00abEsperamos que la fiscal\u00eda \u2014los fiscales, el fiscal de distrito y las personas que se deben a sus electores\u2014 hagan su trabajo y lo hagan muy bien\u00bb, dijo a TPR.<\/p>\n<p>La familia Cazares es una de las 21 que demandaron a la ciudad de Uvalde por el tiroteo que mat\u00f3 a 19 estudiantes y dos maestras.<\/p>\n<p>Cientos de agentes del orden de diversas dependencias acudieron al lugar. Sin embargo, las revisiones federales y estatales describieron la respuesta como un fracaso, ya que los elementos esperaron m\u00e1s de una hora para confrontar al pistolero.<\/p>\n<p>Kirk Burkhalter, profesor de Derecho en la Facultad de Derecho de Nueva York, se\u00f1al\u00f3 que en la mente del p\u00fablico el juicio abordar\u00e1 algo m\u00e1s que un simple peligro, tambi\u00e9n significar\u00e1 un concepto de valent\u00eda.<\/p>\n<p>Ahora bien, el valiente, un h\u00e9roe, no es alguien que no tenga miedo. De hecho, esa persona, ante un gran temor por su seguridad personal, es capaz de superarlo y actuar.<\/p>\n<p>Los fiscales han emitido 75 citaciones como parte del caso, lo que subraya el alcance del testimonio esperado durante el juicio.<\/p>\n<p>Rizo anticipa que el juicio dar\u00e1 un punto final muy necesario para las familias.<\/p>\n<p>\u00abPero queremos que destaquen cada oportunidad que Adrian tuvo para proteger a los ni\u00f1os, a las maestras y a los sobrevivientes\u00bb, expuso.<\/p>\n<p>El exj efe de polic\u00eda escolar de Uvalde, Pete Arredondo, es el \u00fanico otro oficial acusado. Est\u00e1 a la espera de un juicio por separado.<\/p>\n<p>Esta nota fue traducida por Texas Public Radio con apoyo de Gabriela Olivares e Yvette Benavides para NPR y The Texas Newsroom.\u00a0<\/p>\n<p>TPR fue fundado y es apoyado por nuestra comunidad. Si usted valora nuestro compromiso con los m\u00e1s altos est\u00e1ndares de periodismo responsable y puede hacerlo, por favor considere hacer su <a href=\"https:\/\/support.tpr.org\/a\/apoye-tpr\" class=\"Link\" target=\"_blank\" rel=\"nofollow noopener\">regalo de apoyo hoy<\/a>.<\/p>\n","protected":false},"excerpt":{"rendered":"Lee esta historia en ingl\u00e9s. La selecci\u00f3n del jurado comienza el lunes en el juicio de un ex&hellip;\n","protected":false},"author":2,"featured_media":325107,"comment_status":"","ping_status":"","sticky":false,"template":"","format":"standard","meta":{"footnotes":""},"categories":[42],"tags":[17,18,13,14,11,61,62,63,64,19,20,9,10,15,16,12,21,22,65,66,67],"class_list":{"0":"post-325106","1":"post","2":"type-post","3":"status-publish","4":"format-standard","5":"has-post-thumbnail","7":"category-internacional","8":"tag-breaking-news","9":"tag-breakingnews","10":"tag-featured-news","11":"tag-featurednews","12":"tag-headlines","13":"tag-internacional","14":"tag-international","15":"tag-international-news","16":"tag-internationalnews","17":"tag-latest-news","18":"tag-latestnews","19":"tag-news","20":"tag-noticias","21":"tag-noticias-destacadas","22":"tag-noticiasdestacadas","23":"tag-titulares","24":"tag-ultimas-noticias","25":"tag-ultimasnoticias","26":"tag-world","27":"tag-world-news","28":"tag-worldnews"},"share_on_mastodon":{"url":"https:\/\/pubeurope.com\/@es\/115845330608910330","error":""},"_links":{"self":[{"href":"https:\/\/www.europesays.com\/es\/wp-json\/wp\/v2\/posts\/325106","targetHints":{"allow":["GET"]}}],"collection":[{"href":"https:\/\/www.europesays.com\/es\/wp-json\/wp\/v2\/posts"}],"about":[{"href":"https:\/\/www.europesays.com\/es\/wp-json\/wp\/v2\/types\/post"}],"author":[{"embeddable":true,"href":"https:\/\/www.europesays.com\/es\/wp-json\/wp\/v2\/users\/2"}],"replies":[{"embeddable":true,"href":"https:\/\/www.europesays.com\/es\/wp-json\/wp\/v2\/comments?post=325106"}],"version-history":[{"count":0,"href":"https:\/\/www.europesays.com\/es\/wp-json\/wp\/v2\/posts\/325106\/revisions"}],"wp:featuredmedia":[{"embeddable":true,"href":"https:\/\/www.europesays.com\/es\/wp-json\/wp\/v2\/media\/325107"}],"wp:attachment":[{"href":"https:\/\/www.europesays.com\/es\/wp-json\/wp\/v2\/media?parent=325106"}],"wp:term":[{"taxonomy":"category","embeddable":true,"href":"https:\/\/www.europesays.com\/es\/wp-json\/wp\/v2\/categories?post=325106"},{"taxonomy":"post_tag","embeddable":true,"href":"https:\/\/www.europesays.com\/es\/wp-json\/wp\/v2\/tags?post=325106"}],"curies":[{"name":"wp","href":"https:\/\/api.w.org\/{rel}","templated":true}]}}