{"id":32511,"date":"2025-08-07T22:18:06","date_gmt":"2025-08-07T22:18:06","guid":{"rendered":"https:\/\/www.europesays.com\/es\/32511\/"},"modified":"2025-08-07T22:18:06","modified_gmt":"2025-08-07T22:18:06","slug":"wembanyama-el-alien-que-desafia-a-la-trombosis-domina-la-nba-y-crea-su-propio-torneo-de-ajedrez","status":"publish","type":"post","link":"https:\/\/www.europesays.com\/es\/32511\/","title":{"rendered":"Wembanyama, el \u00abalien\u00bb que desaf\u00eda a la trombosis, domina la NBA y crea su propio torneo de ajedrez"},"content":{"rendered":"<p><strong>Victor Wembanyama aterriz\u00f3 en la NBA para alterar todos los n\u00fameros<\/strong>. El p\u00edvot franc\u00e9s mide <strong>2,21 metros de altura y 2,44 de envergadura<\/strong>, un valor solo superado por Tacko Fall &#8211; 2,54 m &#8211; y Manute Bol &#8211; 2,59 m \u2013 en toda la historia de la NBA. En el pasado mes de febrero, sufri\u00f3 una trombosis venosa profunda en su hombro derecho, lo que podr\u00eda haber perjudicado gravemente su carrera de no haberse detectado a tiempo por los servicios m\u00e9dicos.<\/p>\n<p>\u00ab<strong>Es como si se tratase de un alien<\/strong>. <strong>Nunca hab\u00eda visto alguien como \u00e9l<\/strong>\u00ab, reconoci\u00f3 LeBron James en rueda de prensa. A diferencia de otros jugadores tan altos, Victor tiene movilidad, agilidad y una coordinaci\u00f3n extraordinaria, siendo un peligro tanto en ataque como en defensa para bloquear lanzamientos. A pesar de que la temporada pasada se vio interrumpida por esa lesi\u00f3n sufrida en su hombro derecho, <strong>lider\u00f3 la NBA en tapones<\/strong>.<\/p>\n<p>Wembanyama promedi\u00f3 <strong>24,3 puntos<\/strong>, <strong>11 rebotes<\/strong>, <strong>3,7 asistencias<\/strong> y <strong>3,8 tapones <\/strong>habiendo jugado un total de 46 partidos, pero el incidente durante la temporada impidi\u00f3 que ganase el premio al Mejor Defensa del A\u00f1o por no poder ser elegible. Adem\u00e1s, el p\u00edvot franc\u00e9s fue seleccionado para el All-Star este 2025.<\/p>\n<p>Elegido <strong>Rookie del a\u00f1o en 2024<\/strong>, desde que lleg\u00f3 a los Spurs contabiliza 207 triples y 430 tiros bloqueados. Sus espectaculares n\u00fameros totales en bloqueos no son algo casual para \u00e9l, ya en un partido de 2024, registr\u00f3 8. El r\u00e9cord de m\u00e1ximos bloqueos lo ostenta Elmore Smith con 17, registrado el 28 de octubre de 1973.<\/p>\n<p>Un par\u00f3n indeseado<\/p>\n<p>El pasado mes de febrero <strong>fue diagnosticado de trombosis venosa profunda en su hombro derecho<\/strong>, lo que le impidi\u00f3 brillar a\u00fan m\u00e1s en la temporada. El jugador fue sometido a una cirug\u00eda para tratar la trombosis y durante su proceso de rehabilitaci\u00f3n, opt\u00f3 por un m\u00e9todo poco convencional: marcharse a un retiro espiritual durante 10 d\u00edas con monjes en un templo Shaolin en China, combinando meditaci\u00f3n con entrenamiento f\u00edsico.<\/p>\n<p>&#13;<br \/>\n    Relacionado&#13;<br \/>\n    &#13;<\/p>\n<p>Adem\u00e1s, <a href=\"https:\/\/www.libertaddigital.com\/deportes\/baloncesto\/2025-07-29\/doncic-sorprende-con-su-cambio-fisico-si-me-detengo-ahora-habra-sido-en-vano-7281058\/\" rel=\"nofollow noopener\" target=\"_blank\">realiz\u00f3 trabajos de acondicionamiento f\u00edsico<\/a>, incluyendo levantamiento de pesas, a pesar de estar bajo tratamiento con anticoagulantes. A mediados de julio, <strong>recibi\u00f3 el alta por parte de los m\u00e9dicos de los Spurs<\/strong> y est\u00e1 preparado para saltar a la cancha. Su regreso para la temporada 2025-2026 se espera con optimismo.<\/p>\n<p>Otras aficiones<\/p>\n<p>Antes de iniciar su andadura en el basquet, <strong>el franc\u00e9s practic\u00f3 f\u00fatbol<\/strong>, en la posici\u00f3n de guardameta, <strong>y judo<\/strong>. Comenz\u00f3 su carrera en el baloncesto en su club local, el Entente Le Chesnay Versailles, influenciado por su madre, \u00c9lodie de Fautereau, que tambi\u00e9n jug\u00f3 a este deporte. R\u00e1pidamente comenz\u00f3 a destacar por su envergadura y sus habilidades y a los 10 a\u00f1os se uni\u00f3 al sistema de cantera del Nanterre 92.<\/p>\n<p>Adem\u00e1s de su pasi\u00f3n por el baloncesto, Wembanyama es un <strong>apasionado del ajedrez<\/strong>. En 2025, organiz\u00f3 un torneo llamado \u00ab<a href=\"https:\/\/linktr.ee\/hoopgambit?fbclid=PAZXh0bgNhZW0CMTEAAafAcwj8nxf3uW3DnGlG2oQAp4eL140qErIokfzR1pv-ispI5tVcy8xeWl0Seg_aem_KDwjwO9tYMyCtaFzEVMjMA\" rel=\"nofollow noreferrer noopener\" target=\"_blank\">Hoop Gambit<\/a>\u00bb en su ciudad natal, Le Chesnay, que combina la estrategia mental del ajedrez y la destreza f\u00edsica del baloncesto fomentando ambas disciplinas.<\/p>\n","protected":false},"excerpt":{"rendered":"Victor Wembanyama aterriz\u00f3 en la NBA para alterar todos los n\u00fameros. El p\u00edvot franc\u00e9s mide 2,21 metros de&hellip;\n","protected":false},"author":2,"featured_media":32512,"comment_status":"","ping_status":"","sticky":false,"template":"","format":"standard","meta":{"footnotes":""},"categories":[269],"tags":[299,298,168,25,24,1725,16845,16846,23,167,16847],"class_list":{"0":"post-32511","1":"post","2":"type-post","3":"status-publish","4":"format-standard","5":"has-post-thumbnail","7":"category-baloncesto","8":"tag-baloncesto","9":"tag-basketball","10":"tag-deportes","11":"tag-es","12":"tag-espana","13":"tag-nba","14":"tag-novato-del-ano","15":"tag-san-antonio-spurs","16":"tag-spain","17":"tag-sports","18":"tag-victor-wembanyama"},"share_on_mastodon":{"url":"","error":""},"_links":{"self":[{"href":"https:\/\/www.europesays.com\/es\/wp-json\/wp\/v2\/posts\/32511","targetHints":{"allow":["GET"]}}],"collection":[{"href":"https:\/\/www.europesays.com\/es\/wp-json\/wp\/v2\/posts"}],"about":[{"href":"https:\/\/www.europesays.com\/es\/wp-json\/wp\/v2\/types\/post"}],"author":[{"embeddable":true,"href":"https:\/\/www.europesays.com\/es\/wp-json\/wp\/v2\/users\/2"}],"replies":[{"embeddable":true,"href":"https:\/\/www.europesays.com\/es\/wp-json\/wp\/v2\/comments?post=32511"}],"version-history":[{"count":0,"href":"https:\/\/www.europesays.com\/es\/wp-json\/wp\/v2\/posts\/32511\/revisions"}],"wp:featuredmedia":[{"embeddable":true,"href":"https:\/\/www.europesays.com\/es\/wp-json\/wp\/v2\/media\/32512"}],"wp:attachment":[{"href":"https:\/\/www.europesays.com\/es\/wp-json\/wp\/v2\/media?parent=32511"}],"wp:term":[{"taxonomy":"category","embeddable":true,"href":"https:\/\/www.europesays.com\/es\/wp-json\/wp\/v2\/categories?post=32511"},{"taxonomy":"post_tag","embeddable":true,"href":"https:\/\/www.europesays.com\/es\/wp-json\/wp\/v2\/tags?post=32511"}],"curies":[{"name":"wp","href":"https:\/\/api.w.org\/{rel}","templated":true}]}}