{"id":325114,"date":"2026-01-06T00:37:09","date_gmt":"2026-01-06T00:37:09","guid":{"rendered":"https:\/\/www.europesays.com\/es\/325114\/"},"modified":"2026-01-06T00:37:09","modified_gmt":"2026-01-06T00:37:09","slug":"quinn-simmons-no-esconde-el-sueno-de-estar-en-utah-2034","status":"publish","type":"post","link":"https:\/\/www.europesays.com\/es\/325114\/","title":{"rendered":"Quinn Simmons no esconde el sue\u00f1o de estar en Utah 2034"},"content":{"rendered":"<p><img fetchpriority=\"high\" decoding=\"async\" class=\"aligncenter size-full wp-image-67398\" src=\"data:image\/svg+xml,%3Csvg%20xmlns=\" http:=\"\" alt=\"\" width=\"1025\" height=\"400\" data-lazy- data-lazy- data-lazy-src=\"https:\/\/www.europesays.com\/es\/wp-content\/uploads\/2025\/11\/anunci-generic-bla-1-1024x120-px-v3-02.jpg\"\/><\/p>\n<p>Al objetivo ol\u00edmpico de Los \u00c1ngeles, Quinn Simmons no esconde el sue\u00f1o de estar en Utah 2034<\/p>\n<p>Hay corredores que parecen no tener suficiente con la dureza del World Tour, con ese calendario que te exprime desde el desierto en enero hasta las hojas muertas de Lombard\u00eda en octubre.<\/p>\n<p>Protagonista, por cierto, en <a href=\"https:\/\/joanseguidor.com\/quinn-simmons-lombadia\/\" target=\"_blank\" rel=\"noopener nofollow\">Lombard\u00eda<\/a>, Quinn Simmons es uno de ellos.<\/p>\n<p><a class=\"wppaslink\" href=\"https:\/\/joanseguidor.com\/pas\/ccmm-valenciana\/44016\/0\" target=\"_blank\" rel=\"nofollow noopener\"><img decoding=\"async\" src=\"data:image\/svg+xml,%3Csvg%20xmlns=\" http:=\"\" alt=\"CCMM Valenciana\" border=\"0\" data-lazy-src=\"https:\/\/www.europesays.com\/es\/wp-content\/uploads\/2026\/01\/1767659829_757_aralleida-hivern-970x250-crea2-es.jpg\"\/><\/a><\/p>\n<p>El de Durango, que ya nos tiene acostumbrados a no dejar a nadie indiferente \u2014sea por su potencia bruta en las fugas o por esas <a href=\"https:\/\/joanseguidor.com\/quinn-simmons-opinones-donald-trump\/\" target=\"_blank\" rel=\"noopener nofollow\">salidas de tono<\/a> fuera de la carretera\u2014, ha decidido que el arco\u00edris junior de Yorkshire y sus t\u00edtulos nacionales no son el techo de su ambici\u00f3n deportiva.<\/p>\n<p><strong>Ahora, apunta a los Juegos Ol\u00edmpicos de Invierno de 2034 en Utah.<\/strong><\/p>\n<p>No es una conjetura; es su plan trazado.<\/p>\n<p>Quinn Simmons quiere ser ol\u00edmpico en casa, pero no sobre la bicicleta, sino en esqu\u00ed de monta\u00f1a.<\/p>\n<p>Para quienes lo ven como una excentricidad de corredor aburrido, <strong>conviene recordar que Quinn no es un reci\u00e9n llegado a la nieve<\/strong>: fue bronce mundial junior en esta disciplina antes de que el entonces Trek\u00a0 le pusiera un contrato profesional sobre la mesa.<\/p>\n<p>Su motor, ese que le permiti\u00f3 resistir casi hasta el final el vendaval de Poga\u010dar en el \u00faltimo Giro de Lombard\u00eda, se forj\u00f3 precisamente subiendo pendientes heladas con pieles de foca.<\/p>\n<p>El plan tiene su miga.<\/p>\n<p><strong>Simmons habla de estar en los Juegos de Verano en Los \u00c1ngeles 2028 sobre la ruta<\/strong> y, seis a\u00f1os despu\u00e9s, cambiar el tubular por el esqu\u00ed en Utah.<\/p>\n<p>En un ciclismo de especialistas extremos, donde cada vatio se mide con pinzas, que un corredor de su peso y planta se plantee un regreso a la alta competici\u00f3n invernal resulta, cuanto menos, singular.<\/p>\n<p>Es el s\u00edntoma de <strong>una generaci\u00f3n que no entiende de fronteras<\/strong>: si Van der Poel o Pidcock saltan del barro al monte y de ah\u00ed al asfalto, Simmons quiere saltar directamente a la estaci\u00f3n de esqu\u00ed.<\/p>\n<p>Sin embargo, cabe preguntarse si esta dispersi\u00f3n de objetivos beneficia a un corredor que todav\u00eda tiene cuentas pendientes con las grandes cl\u00e1sicas.<\/p>\n<p>El motor de Simmons es innegable, pero su palmar\u00e9s, aunque empieza a engordar con triunfos como el del Bergued\u00e0 en la <a href=\"https:\/\/joanseguidor.com\/volta-bergueda-quinn-simmons\/\" target=\"_blank\" rel=\"noopener nofollow\">Volta<\/a>, sigue pareciendo corto para su potencial.<\/p>\n<p>Veremos si para 2034 este sue\u00f1o ol\u00edmpico es una realidad o simplemente otra de las historias que alimentan el mito de un ciclista que, por encima de todo, corre bajo sus propias reglas.<\/p>\n<p>Imagen: A.S.O.\/Pauline Ballet<\/p>\n","protected":false},"excerpt":{"rendered":"Al objetivo ol\u00edmpico de Los \u00c1ngeles, Quinn Simmons no esconde el sue\u00f1o de estar en Utah 2034 Hay&hellip;\n","protected":false},"author":2,"featured_media":325115,"comment_status":"","ping_status":"","sticky":false,"template":"","format":"standard","meta":{"footnotes":""},"categories":[273],"tags":[313,312,168,25,24,2548,49794,23,167],"class_list":{"0":"post-325114","1":"post","2":"type-post","3":"status-publish","4":"format-standard","5":"has-post-thumbnail","7":"category-ciclismo","8":"tag-ciclismo","9":"tag-cycling","10":"tag-deportes","11":"tag-es","12":"tag-espana","13":"tag-featured","14":"tag-quinn-simmons","15":"tag-spain","16":"tag-sports"},"share_on_mastodon":{"url":"https:\/\/pubeurope.com\/@es\/115845362003747795","error":""},"_links":{"self":[{"href":"https:\/\/www.europesays.com\/es\/wp-json\/wp\/v2\/posts\/325114","targetHints":{"allow":["GET"]}}],"collection":[{"href":"https:\/\/www.europesays.com\/es\/wp-json\/wp\/v2\/posts"}],"about":[{"href":"https:\/\/www.europesays.com\/es\/wp-json\/wp\/v2\/types\/post"}],"author":[{"embeddable":true,"href":"https:\/\/www.europesays.com\/es\/wp-json\/wp\/v2\/users\/2"}],"replies":[{"embeddable":true,"href":"https:\/\/www.europesays.com\/es\/wp-json\/wp\/v2\/comments?post=325114"}],"version-history":[{"count":0,"href":"https:\/\/www.europesays.com\/es\/wp-json\/wp\/v2\/posts\/325114\/revisions"}],"wp:featuredmedia":[{"embeddable":true,"href":"https:\/\/www.europesays.com\/es\/wp-json\/wp\/v2\/media\/325115"}],"wp:attachment":[{"href":"https:\/\/www.europesays.com\/es\/wp-json\/wp\/v2\/media?parent=325114"}],"wp:term":[{"taxonomy":"category","embeddable":true,"href":"https:\/\/www.europesays.com\/es\/wp-json\/wp\/v2\/categories?post=325114"},{"taxonomy":"post_tag","embeddable":true,"href":"https:\/\/www.europesays.com\/es\/wp-json\/wp\/v2\/tags?post=325114"}],"curies":[{"name":"wp","href":"https:\/\/api.w.org\/{rel}","templated":true}]}}