{"id":325116,"date":"2026-01-06T00:39:09","date_gmt":"2026-01-06T00:39:09","guid":{"rendered":"https:\/\/www.europesays.com\/es\/325116\/"},"modified":"2026-01-06T00:39:09","modified_gmt":"2026-01-06T00:39:09","slug":"el-calendario-imposible-del-granca-la-acb-deja-abierto-el-duelo-frente-al-baskonia-a-tres-fechas","status":"publish","type":"post","link":"https:\/\/www.europesays.com\/es\/325116\/","title":{"rendered":"El calendario imposible del Granca: la ACB deja abierto el duelo frente al Baskonia a tres fechas"},"content":{"rendered":"<p><a class=\"v-mdl-ath__fig-a\" href=\"https:\/\/www.canarias7.es\/autor\/daniel-herrera-rodriguez-6598.html\" title=\"Daniel Herrera Rodr\u00edguez\" rel=\"nofollow noopener\" target=\"_blank\"><br \/>\n<img decoding=\"async\" class=\"v-mdl-ath__img\" src=\"https:\/\/www.europesays.com\/es\/wp-content\/uploads\/2025\/08\/autor-6598-foto-1.jpeg\" alt=\"Daniel Herrera Rodr\u00edguez\"\/><br \/>\n<\/a><\/p>\n<p class=\"v-mdl-ath__p v-mdl-ath__p--6\">\nLunes, 5 de enero 2026, 18:37<\/p>\n<p>| Actualizado 18:48h.<\/p>\n<p class=\"v-p\">La pol\u00e9mica est\u00e1 m\u00e1s que servida. Nadie se imaginaba que la cicatriz de la <strong>borrasca Emilia <\/strong>iba a dejar una hemorragia en el calendario de dimensiones ya surrealistas. Y es que<strong> tras barajarse inicialmente la fecha del martes 13 de enero <\/strong>como la m\u00e1s factible para que el <strong>Gran Canaria y el Baskonia <\/strong>recuperasen el duelo pendiente de la Liga Endesa, lo cierto es que el conjunto vitoriano acab\u00f3 por cerrarse en banda y <strong>declinar de lleno tal d\u00eda<\/strong>, lo que ha llevado a un cambalache a\u00fan dif\u00edcil de digerir.<\/p>\n<p class=\"v-p\">En resumen, hay decisi\u00f3n definitiva pero no fecha confirmada, ya que la competici\u00f3n ha acabado por orquestar una hoja de ruta con tres posibles fechas que se configurar\u00e1 en funci\u00f3n de c\u00f3mo vayan evolucionando en la clasificaci\u00f3n los dos implicados. Es decir, <strong>se podr\u00eda jugar tanto el 8 de febrero como el 31 de marzo o el 22 de abril<\/strong>. Para m\u00e1s inri, en algunos de los casos se producir\u00eda un efecto arrastre de otros encuentros que ya no solo afectar\u00edan a la resoluci\u00f3n de los billetes coperos, sino ya al panorama de la segunda vuelta o incluso a los posibles descansos con respecto a las competiciones continentales.<\/p>\n<p>Odisea de opciones<\/p>\n<p class=\"v-p\">En principio, y seg\u00fan la ACB, si una vez finalizada la jornada 17, el partido entre el Dreamland y el Kosner Baskonia \u00abtiene incidencia para la Copa del Rey, ya sea para su clasificaci\u00f3n o para ser cabeza de serie, el duelo se llevar\u00eda a cabo <strong>el domingo 8 de febrero a las 17.00 horas<\/strong>. Esta opci\u00f3n conllevar\u00eda <strong>el aplazamiento del Gran Canaria-Surne Bilbao y Baskonia-Casademont Zaragoza<\/strong>.<\/p>\n<p class=\"v-p\">Si, al contrario, el encuentro <strong>no tuviera incidencia para la Copa del Rey<\/strong>, ya sea por los supuestos anteriormente comentados, se abrir\u00eda el abanico a <strong>otras dos opciones<\/strong>: el<strong> martes 31 de marzo, a las 20.00 horas,<\/strong> en el hipot\u00e9tico caso de que el conjunto claretiano no se clasificara para los cuartos de final de la Champions League. En caso contrario -con los pupilos de Jaka Lakovic en la citada ronda europea-, el duelo se celebrar\u00eda <strong>el mi\u00e9rcoles 22 de abril a las 20.00 horas.<\/strong> A ello hay que suponer de que la escuadra vasca no disputa el Play-In de la Euroliga que, si se diera tal caso, la ACB tendr\u00eda que anunciar con posterioridad la fecha definitiva \u00aben funci\u00f3n de los resultados de ambos equipos\u00bb en las competiciones del Viejo Continente. <\/p>\n<p class=\"v-p\">Resta decir que, para la recuperaci\u00f3n del choque posterior frente al Surne Bilbao -rival con opciones a\u00fan para la Copa-, el Granca manejar\u00eda las fechas del 18 de febrero (20.00 horas) si ninguno de los dos se clasifica para Valencia o el martes 24 -misma hora- si uno o ambos logran billete copero. Sin duda, la borrascas Emilia no solo dej\u00f3 inestabilidad climatol\u00f3gica, sino tambi\u00e9n deportiva en la recta final de la primera vuelta ACB.<\/p>\n<p>Una instrahistoria m\u00e1s que llamativa<\/p>\n<p class=\"v-p\">Aunque el calendario pintaba a complejo para ambos equipos, lo cierto es que en Vitoria tambi\u00e9n se manaejaba, entre los mentideros medi\u00e1ticos, la fecha del 13 de enero. No obstante, la directiva baskonista, presidida por el genuino Josean Querejeta, se neg\u00f3 en rotundo desde el minuto uno, argumentando que la log\u00edstica del viaje era muy complicada, ya que el mi\u00e9rcoles 14 tendr\u00edan que tomar un ch\u00e1rter a Estambul para disputar el correspondiente duelo de Euroliga el jueves 15. Hasta se baraj\u00f3 la opci\u00f3n de jugar en Vitoria y luego en al segunda vuelta disputarlo en el Gran Canaria Arena, pero tampoco lo consideraron desde la entidad vasca. Posiblemente las fricciones generadas desde el 13 de diciembre, en la que el Baskonia pidi\u00f3 jugar s\u00ed o s\u00ed, incluso a puerta cerrada, hab\u00eda generado una situaci\u00f3n inc\u00f3moda que ha terminado por desbordarse.<\/p>\n<p>Lakovic: \u00abNo s\u00e9 si hacen el calendario por ChatGPT\u00bb<\/p>\n<p class=\"v-p\">Sin duda, las palabras de Jaka Lakovic tras el partido ante UCAM Murcia toman ahora un eco especial, ya que, tal y como record\u00f3 el esloveno, \u00abno entiendo qui\u00e9n se encarga de este calendario o si se lo dejan a ChatGPT, porque no es normal el calendario que ha tenido el Gran Canaria en estas fechas navide\u00f1as, teniendo dos partidos fuera de casa en apenas 48 horas y, encima, asumiendo el viaje m\u00e1s largo posiblemente de la competici\u00f3n, de Tenerife a Burgos\u00bb. Una cap\u00edtulo m\u00e1s en el enrevesado itinerario amarillo.<\/p>\n<p>Reporta un error<\/p>\n","protected":false},"excerpt":{"rendered":"Lunes, 5 de enero 2026, 18:37 | Actualizado 18:48h. La pol\u00e9mica est\u00e1 m\u00e1s que servida. Nadie se imaginaba&hellip;\n","protected":false},"author":2,"featured_media":325117,"comment_status":"","ping_status":"","sticky":false,"template":"","format":"standard","meta":{"footnotes":""},"categories":[269],"tags":[1046,302,299,298,4714,6783,51,168,320,25,24,4400,3419,14248,23830,23,167,603],"class_list":{"0":"post-325116","1":"post","2":"type-post","3":"status-publish","4":"format-standard","5":"has-post-thumbnail","7":"category-baloncesto","8":"tag-abierto","9":"tag-acb","10":"tag-baloncesto","11":"tag-basketball","12":"tag-baskonia","13":"tag-calendario","14":"tag-deja","15":"tag-deportes","16":"tag-duelo","17":"tag-es","18":"tag-espana","19":"tag-fechas","20":"tag-frente","21":"tag-granca","22":"tag-imposible","23":"tag-spain","24":"tag-sports","25":"tag-tres"},"share_on_mastodon":{"url":"https:\/\/pubeurope.com\/@es\/115845370005988721","error":""},"_links":{"self":[{"href":"https:\/\/www.europesays.com\/es\/wp-json\/wp\/v2\/posts\/325116","targetHints":{"allow":["GET"]}}],"collection":[{"href":"https:\/\/www.europesays.com\/es\/wp-json\/wp\/v2\/posts"}],"about":[{"href":"https:\/\/www.europesays.com\/es\/wp-json\/wp\/v2\/types\/post"}],"author":[{"embeddable":true,"href":"https:\/\/www.europesays.com\/es\/wp-json\/wp\/v2\/users\/2"}],"replies":[{"embeddable":true,"href":"https:\/\/www.europesays.com\/es\/wp-json\/wp\/v2\/comments?post=325116"}],"version-history":[{"count":0,"href":"https:\/\/www.europesays.com\/es\/wp-json\/wp\/v2\/posts\/325116\/revisions"}],"wp:featuredmedia":[{"embeddable":true,"href":"https:\/\/www.europesays.com\/es\/wp-json\/wp\/v2\/media\/325117"}],"wp:attachment":[{"href":"https:\/\/www.europesays.com\/es\/wp-json\/wp\/v2\/media?parent=325116"}],"wp:term":[{"taxonomy":"category","embeddable":true,"href":"https:\/\/www.europesays.com\/es\/wp-json\/wp\/v2\/categories?post=325116"},{"taxonomy":"post_tag","embeddable":true,"href":"https:\/\/www.europesays.com\/es\/wp-json\/wp\/v2\/tags?post=325116"}],"curies":[{"name":"wp","href":"https:\/\/api.w.org\/{rel}","templated":true}]}}