{"id":325118,"date":"2026-01-06T00:40:11","date_gmt":"2026-01-06T00:40:11","guid":{"rendered":"https:\/\/www.europesays.com\/es\/325118\/"},"modified":"2026-01-06T00:40:11","modified_gmt":"2026-01-06T00:40:11","slug":"cacereno-primera-el-medio-nico-conesa-pontevedra-primer-fichaje-invernal-del-cacereno","status":"publish","type":"post","link":"https:\/\/www.europesays.com\/es\/325118\/","title":{"rendered":"CACERE\u00d1O PRIMERA | El medio Nico Conesa (Pontevedra), primer fichaje invernal del Cacere\u00f1o"},"content":{"rendered":"<p class=\"ft-text\">El centrocampista <strong>Nico Conesa<\/strong> se ha convertido en el<strong> primer fichaje del Cacere\u00f1o en el mercado invernal. <\/strong>Se trata de un <strong>medio procedente del Pontevedra<\/strong>, donde no ha tenido protagonismo, algo que s\u00ed ocurri\u00f3 en el Getafe B, en el que era el capit\u00e1n. En teor\u00eda, Conesa ocupar\u00e1 el lugar de Unai Rementer\u00eda, que apunta a baja y que no disfrut\u00f3 de minuto alguno el pasado domingo en la <a class=\"ft-link ft-link--decoration\" href=\"https:\/\/www.elperiodicoextremadura.com\/deportes\/2026\/01\/04\/palo-monumental-cacereno-futbol-principe-125364362.html\" target=\"_blank\" rel=\"nofollow noopener\">dolorosa derrota ante el Celta Fortuna (2-3).<\/a><\/p>\n<p class=\"ft-text\">El nuevo mediocentro verde (Murcia, 15 de agosto de 2001) form\u00f3 parte del plantel del Getafe B durante las \u00faltimas cuatro temporadas, donde disput\u00f3<strong> 31 partidos la pasada campa\u00f1a, 28 de ellos como titular, anotando tres goles y sumando m\u00e1s de 2.200 minutos. <\/strong> En el Pontevedra ha disputado muy pocos minutos. En el partido inaugural de la Liga, ante el Cacere\u00f1o, sali\u00f3 en la recta final (minuto 83)en aquel duelo en el que<a class=\"ft-link ft-link--decoration\" href=\"https:\/\/www.elperiodicoextremadura.com\/deportes\/2025\/08\/30\/cacereno-le-vuelan-puntos-98-pontevedra-121083327.html\" target=\"_blank\" rel=\"nofollow noopener\"> los gallegos empataron con gol de su portero Marqueta en el tiempo extra.<\/a><\/p>\n<p class=\"ft-text\">En el cuadro pontevedr\u00e9s<strong>, ha disputado seis encuentros entre Liga y Copa del Rey. Solo fue alineado en cuatro partidos de Liga, en ninguno de ellos como titular, sumando apenas 58 minutos. <\/strong><\/p>\n<p class=\"ft-text\">Antes de su etapa en el Getafe, Conesa estuvo militando en la cantera del Betis, donde jug\u00f3 tanto en el juvenil de Divisi\u00f3n de Honor como en el filial. Tambi\u00e9n pas\u00f3 por el San F\u00e9lix, Penya Deportiva Santa Eulalia y Orihuela.<\/p>\n<p>M\u00e1s opciones<\/p>\n<p class=\"ft-text\">No ser\u00e1 el \u00faltimo fichaje el de Conesa, evidentemente. La direcci\u00f3n deportiva (Francis Bordallo) y el entrenador, Julio Cobos, trabajan estos d\u00edas por acertar en el mercado, aunque el perfil de jugador que se va a traer no ser\u00e1, en principio, de curr\u00edculum importante, sino por ganas y \u2018hambre\u2019 de escalar pelda\u00f1os en el f\u00fatbol nacional. <strong>En otros a\u00f1os esto ha dado resultado, especialmente hace dos<\/strong>, cuando el equipo se debat\u00eda en los \u00faltimos puestos de Segunda Federaci\u00f3n, finalmente remontados hasta la salvaci\u00f3n.<\/p>\n<p class=\"ft-text\">En esta ocasi\u00f3n la situaci\u00f3n se torna especialmente complicada.<a class=\"ft-link ft-link--decoration\" href=\"https:\/\/www.elperiodicoextremadura.com\/deportes\/2026\/01\/04\/habra-salidas-cacereno-confirmado-mercado-invierno-fichajes-125367190.html\" target=\"_blank\" rel=\"nofollow noopener\"> Habr\u00e1 salidas, como ya confirmaron los responsables t\u00e9cnicos, y en esa particular rampa, adem\u00e1s de Rementer\u00eda, estar\u00eda tambi\u00e9n el media punta Morales y el portero Iv\u00e1n Mart\u00ednez. <\/a><\/p>\n","protected":false},"excerpt":{"rendered":"El centrocampista Nico Conesa se ha convertido en el primer fichaje del Cacere\u00f1o en el mercado invernal. Se&hellip;\n","protected":false},"author":2,"featured_media":325119,"comment_status":"","ping_status":"","sticky":false,"template":"","format":"standard","meta":{"footnotes":""},"categories":[268],"tags":[75323,46479,634,168,25,24,280,282,697,1446,1146,977,6958,281,23,167],"class_list":{"0":"post-325118","1":"post","2":"type-post","3":"status-publish","4":"format-standard","5":"has-post-thumbnail","7":"category-futbol","8":"tag-conesa","9":"tag-cp-cacereno","10":"tag-deporte","11":"tag-deportes","12":"tag-es","13":"tag-espana","14":"tag-football","15":"tag-futbol","16":"tag-medio","17":"tag-nico","18":"tag-pontevedra","19":"tag-primer","20":"tag-primera-rfef","21":"tag-soccer","22":"tag-spain","23":"tag-sports"},"share_on_mastodon":{"url":"https:\/\/pubeurope.com\/@es\/115845373808785262","error":""},"_links":{"self":[{"href":"https:\/\/www.europesays.com\/es\/wp-json\/wp\/v2\/posts\/325118","targetHints":{"allow":["GET"]}}],"collection":[{"href":"https:\/\/www.europesays.com\/es\/wp-json\/wp\/v2\/posts"}],"about":[{"href":"https:\/\/www.europesays.com\/es\/wp-json\/wp\/v2\/types\/post"}],"author":[{"embeddable":true,"href":"https:\/\/www.europesays.com\/es\/wp-json\/wp\/v2\/users\/2"}],"replies":[{"embeddable":true,"href":"https:\/\/www.europesays.com\/es\/wp-json\/wp\/v2\/comments?post=325118"}],"version-history":[{"count":0,"href":"https:\/\/www.europesays.com\/es\/wp-json\/wp\/v2\/posts\/325118\/revisions"}],"wp:featuredmedia":[{"embeddable":true,"href":"https:\/\/www.europesays.com\/es\/wp-json\/wp\/v2\/media\/325119"}],"wp:attachment":[{"href":"https:\/\/www.europesays.com\/es\/wp-json\/wp\/v2\/media?parent=325118"}],"wp:term":[{"taxonomy":"category","embeddable":true,"href":"https:\/\/www.europesays.com\/es\/wp-json\/wp\/v2\/categories?post=325118"},{"taxonomy":"post_tag","embeddable":true,"href":"https:\/\/www.europesays.com\/es\/wp-json\/wp\/v2\/tags?post=325118"}],"curies":[{"name":"wp","href":"https:\/\/api.w.org\/{rel}","templated":true}]}}