{"id":325122,"date":"2026-01-06T00:44:13","date_gmt":"2026-01-06T00:44:13","guid":{"rendered":"https:\/\/www.europesays.com\/es\/325122\/"},"modified":"2026-01-06T00:44:13","modified_gmt":"2026-01-06T00:44:13","slug":"la-serie-espanola-de-epoca-de-carolina-lapausa-para-fans-de-suenos-de-libertad","status":"publish","type":"post","link":"https:\/\/www.europesays.com\/es\/325122\/","title":{"rendered":"La serie espa\u00f1ola de \u00e9poca de Carolina Lapausa para fans de &#8216;Sue\u00f1os de libertad&#8217;"},"content":{"rendered":"<p data-journey-content=\"true\" data-node-id=\"3\" class=\"css-6wxqfj emevuu60\">La ficci\u00f3n espa\u00f1ola ha sabido construir universos de \u00e9poca que, con elegancia y dramatismo, <strong data-node-id=\"3.1\">atrapan al espectador en historias de amor, poder y lucha social<\/strong>. Entre ellas destaca &#8216;La Se\u00f1ora&#8217;, serie emitida entre 2008 y 2010, que se convirti\u00f3 en un referente del g\u00e9nero hist\u00f3rico en televisi\u00f3n. En este proyecto particip\u00f3 la actriz Carolina Lapausa \u2014a quien hoy vemos en &#8216;<a href=\"https:\/\/www.diezminutos.es\/suenos-de-libertad\/\" target=\"_blank\" data-vars-ga-outbound-link=\"https:\/\/www.diezminutos.es\/suenos-de-libertad\/\" data-vars-ga-ux-element=\"Hyperlink\" data-vars-ga-call-to-action=\"Sue\u00f1os de libertad\" data-node-id=\"3.3\" class=\"body-link css-177bzfx emevuu60\" rel=\"nofollow noopener\">Sue\u00f1os de libertad<\/a>&#8216;\u2014, con una presencia notable en 29 cap\u00edtulos que consolidaron su trayectoria en el panorama audiovisual.<\/p>\n<p><img draggable=\"true\" alt=\"la se\u00f1ora tve\" title=\"la se\u00f1ora tve\" loading=\"lazy\" width=\"2100\" height=\"1181\" decoding=\"async\" data-nimg=\"1\" style=\"color:transparent;width:100%;height:auto;\"   src=\"https:\/\/www.europesays.com\/es\/wp-content\/uploads\/2025\/09\/la-senora-68a6f69f3c629.jpg\" class=\"css-0 e1g79fud0\"\/><\/p>\n<p>Productora<\/p>\n<p data-journey-content=\"true\" data-node-id=\"7\" class=\"css-6wxqfj emevuu60\">&#8216;<a href=\"https:\/\/www.diezminutos.es\/telenovela\/espanolas\/a63930771\/la-senora-fans-la-promesa-prime-video\/\" target=\"_blank\" data-vars-ga-outbound-link=\"https:\/\/www.diezminutos.es\/telenovela\/espanolas\/a63930771\/la-senora-fans-la-promesa-prime-video\/\" data-vars-ga-ux-element=\"Hyperlink\" data-vars-ga-call-to-action=\"La Se\u00f1ora\" data-node-id=\"7.1\" class=\"body-link css-177bzfx emevuu60\" rel=\"nofollow noopener\">La Se\u00f1ora<\/a>&#8216; sit\u00faa su trama en la Espa\u00f1a de los a\u00f1os veinte, un pa\u00eds marcado por las tensiones entre clases sociales, la influencia de la Iglesia y los cambios pol\u00edticos que preludiaban la Segunda Rep\u00fablica. La historia se centra en Victoria M\u00e1rquez, una joven perteneciente a la alta burgues\u00eda que, pese a las expectativas familiares, se enamora de \u00c1ngel, un hombre de origen humilde que ha decidido convertirse en sacerdote. <strong data-node-id=\"7.3\">Ese amor imposible, atravesado por las diferencias de clase<\/strong> y las imposiciones morales, se convierte en el eje de un relato apasionado donde los personajes luchan contra el destino y las convenciones sociales.<\/p>\n<p>El paso de Carolina Lapausa por &#8216;La Se\u00f1ora&#8217;<img draggable=\"true\" alt=\"la se\u00f1ora\" title=\"La se\u00f1ora\" loading=\"lazy\" width=\"817\" height=\"637\" decoding=\"async\" data-nimg=\"1\" style=\"color:transparent;width:100%;height:auto;\"   src=\"https:\/\/www.europesays.com\/es\/wp-content\/uploads\/2026\/01\/mv5bmtg5nzk3nty5m15bml5banbnxkftztgwmtk0ndk0odeat-v1-6945731b23636.jpg\" class=\"css-0 e1g79fud0\"\/><\/p>\n<p>Add IMDB<\/p>\n<p data-journey-content=\"true\" data-node-id=\"11\" class=\"css-6wxqfj emevuu60\">La serie, protagonizada por <a href=\"https:\/\/www.diezminutos.es\/teleprograma\/series-tv\/a69212295\/sira-serie-adriana-ugarte-reparto-reencuentro-rodaje\/\" target=\"_blank\" data-vars-ga-outbound-link=\"https:\/\/www.diezminutos.es\/teleprograma\/series-tv\/a69212295\/sira-serie-adriana-ugarte-reparto-reencuentro-rodaje\/\" data-vars-ga-ux-element=\"Hyperlink\" data-vars-ga-call-to-action=\"Adriana Ugarte\" data-node-id=\"11.1\" class=\"body-link css-177bzfx emevuu60\" rel=\"nofollow noopener\">Adriana Ugarte<\/a> y <a href=\"https:\/\/www.diezminutos.es\/teleprograma\/series-tv\/a65444336\/rodolfo-sancho-serie-epoca-isabel-antes-entre-tierras-2\/\" target=\"_blank\" data-vars-ga-outbound-link=\"https:\/\/www.diezminutos.es\/teleprograma\/series-tv\/a65444336\/rodolfo-sancho-serie-epoca-isabel-antes-entre-tierras-2\/\" data-vars-ga-ux-element=\"Hyperlink\" data-vars-ga-call-to-action=\"Rodolfo Sancho\" data-node-id=\"11.3\" class=\"body-link css-177bzfx emevuu60\" rel=\"nofollow noopener\">Rodolfo Sancho<\/a>, despleg\u00f3 un abanico de personajes secundarios que enriquecieron la trama y dieron voz a las distintas realidades de la \u00e9poca. Entre ellos se encontraba Carolina Lapausa, cuya interpretaci\u00f3n aport\u00f3 matices y fuerza dram\u00e1tica a un conjunto coral que exploraba las tensiones entre tradici\u00f3n y modernidad. <strong data-node-id=\"11.5\">Su participaci\u00f3n en casi una treintena de episodios<\/strong> permiti\u00f3 que el p\u00fablico la reconociera como una actriz vers\u00e1til, capaz de transitar entre el romanticismo, la intriga y la cr\u00edtica social que impregnaban la ficci\u00f3n.<\/p>\n<p data-journey-content=\"true\" data-node-id=\"15\" class=\"css-6wxqfj emevuu60\">El \u00e9xito de &#8216;<a href=\"https:\/\/www.diezminutos.es\/telenovela\/espanolas\/a65858276\/la-senora-tve-serie-epoca-suenos-de-libertad\/\" target=\"_blank\" data-vars-ga-outbound-link=\"https:\/\/www.diezminutos.es\/telenovela\/espanolas\/a65858276\/la-senora-tve-serie-epoca-suenos-de-libertad\/\" data-vars-ga-ux-element=\"Hyperlink\" data-vars-ga-call-to-action=\"La Se\u00f1ora\" data-node-id=\"15.1\" class=\"body-link css-177bzfx emevuu60\" rel=\"nofollow noopener\">La Se\u00f1ora<\/a>&#8216; residi\u00f3 en su capacidad para combinar la intensidad de un melodrama cl\u00e1sico con la reconstrucci\u00f3n hist\u00f3rica de un tiempo convulso. Los escenarios rurales y urbanos, el vestuario cuidado y la ambientaci\u00f3n detallada ofrecieron al espectador <strong data-node-id=\"15.3\">un viaje inmersivo a la Espa\u00f1a de entreguerras<\/strong>. Adem\u00e1s, la serie plante\u00f3 dilemas universales: el choque entre el amor y el deber, la lucha por la justicia y la libertad, y el peso de las estructuras sociales sobre los individuos. Para <a href=\"https:\/\/www.diezminutos.es\/telenovela\/espanolas\/a69705758\/suenos-de-libertad-carolina-lapausa-opinion-luz-claves\/\" target=\"_blank\" data-vars-ga-outbound-link=\"https:\/\/www.diezminutos.es\/telenovela\/espanolas\/a69705758\/suenos-de-libertad-carolina-lapausa-opinion-luz-claves\/\" data-vars-ga-ux-element=\"Hyperlink\" data-vars-ga-call-to-action=\"Carolina Lapausa\" data-node-id=\"15.5\" class=\"body-link css-177bzfx emevuu60\" rel=\"nofollow noopener\">Carolina Lapausa<\/a>, su paso por &#8216;La Se\u00f1ora&#8217;, donde dio vida a Isabelita, supuso un pelda\u00f1o importante en una carrera que m\u00e1s tarde la llevar\u00eda a integrarse en producciones como &#8216;Sue\u00f1os de libertad&#8217;. <strong data-node-id=\"15.7\">Su presencia en esta serie de \u00e9poca no solo reforz\u00f3 su perfil art\u00edstico<\/strong>, sino que la vincul\u00f3 a un legado televisivo que sigue siendo recordado por su calidad narrativa y su capacidad de emocionar al p\u00fablico.<\/p>\n<p><img src=\"https:\/\/www.europesays.com\/es\/wp-content\/uploads\/2026\/01\/1767660253_405_43af9b8f-983e-4e74-8e74-9a7479b0966b_1681831601.file.png\" alt=\"Headshot of Pilar Mart\u00ednez\" title=\"Headshot of Pilar Mart\u00ednez\" width=\"100%\" height=\"100%\" decoding=\"async\" loading=\"lazy\" class=\"css-o0wq4v ev8dhu53\"\/><\/p>\n<p>Pilar Mart\u00ednez es periodista especializada en contenidos de televisi\u00f3n y cultura, se gradu\u00f3 en la carrera en Periodismo en la Facultad de Ciencias de la Informaci\u00f3n (Universidad Complutense de Madrid) en el a\u00f1o 2018. Desde entonces ha pasado por las redacciones de Ecoteuve (El Economista), donde realiz\u00f3 sus primeras pr\u00e1cticas durante el verano del 2016.<\/p>\n<p>Posteriormente, concretamente, en el a\u00f1o 2017 se pas\u00f3 al grupo Hearst Espa\u00f1a, donde comenz\u00f3 su andadura en las revistas de televisi\u00f3n: Supertele, Teleprograma, Telenovela. Ahora colabora con Diez Minutos, en su versi\u00f3n web, donde se encarga de realizar los avances semanales de las ficciones diarias de moda, as\u00ed como entrevistas y art\u00edculos sobre los melodramas o telenovelas que aterrizan en nuestro pa\u00eds y aquellos que est\u00e1n por venir.<\/p>\n<p>Toda una cazadora de exclusivas. A esto, se suma su puesto como redactora jefe de la secci\u00f3n de novela narrativa en la revista Culturamas, medio digital de alto impacto al que lleva unida desde el a\u00f1o 2013. \u00c1vida lectora, cin\u00e9fila y seri\u00e9fila de primer nivel, ha hecho de su vocaci\u00f3n su oficio. \u00a0<\/p>\n","protected":false},"excerpt":{"rendered":"La ficci\u00f3n espa\u00f1ola ha sabido construir universos de \u00e9poca que, con elegancia y dramatismo, atrapan al espectador en&hellip;\n","protected":false},"author":2,"featured_media":111912,"comment_status":"","ping_status":"","sticky":false,"template":"","format":"standard","meta":{"footnotes":""},"categories":[171],"tags":[253,146,147,25,24,23,214],"class_list":{"0":"post-325122","1":"post","2":"type-post","3":"status-publish","4":"format-standard","5":"has-post-thumbnail","7":"category-tv","8":"tag-discover","9":"tag-entertainment","10":"tag-entretenimiento","11":"tag-es","12":"tag-espana","13":"tag-spain","14":"tag-tv"},"share_on_mastodon":{"url":"https:\/\/pubeurope.com\/@es\/115845389569774392","error":""},"_links":{"self":[{"href":"https:\/\/www.europesays.com\/es\/wp-json\/wp\/v2\/posts\/325122","targetHints":{"allow":["GET"]}}],"collection":[{"href":"https:\/\/www.europesays.com\/es\/wp-json\/wp\/v2\/posts"}],"about":[{"href":"https:\/\/www.europesays.com\/es\/wp-json\/wp\/v2\/types\/post"}],"author":[{"embeddable":true,"href":"https:\/\/www.europesays.com\/es\/wp-json\/wp\/v2\/users\/2"}],"replies":[{"embeddable":true,"href":"https:\/\/www.europesays.com\/es\/wp-json\/wp\/v2\/comments?post=325122"}],"version-history":[{"count":0,"href":"https:\/\/www.europesays.com\/es\/wp-json\/wp\/v2\/posts\/325122\/revisions"}],"wp:featuredmedia":[{"embeddable":true,"href":"https:\/\/www.europesays.com\/es\/wp-json\/wp\/v2\/media\/111912"}],"wp:attachment":[{"href":"https:\/\/www.europesays.com\/es\/wp-json\/wp\/v2\/media?parent=325122"}],"wp:term":[{"taxonomy":"category","embeddable":true,"href":"https:\/\/www.europesays.com\/es\/wp-json\/wp\/v2\/categories?post=325122"},{"taxonomy":"post_tag","embeddable":true,"href":"https:\/\/www.europesays.com\/es\/wp-json\/wp\/v2\/tags?post=325122"}],"curies":[{"name":"wp","href":"https:\/\/api.w.org\/{rel}","templated":true}]}}