{"id":325135,"date":"2026-01-06T00:52:12","date_gmt":"2026-01-06T00:52:12","guid":{"rendered":"https:\/\/www.europesays.com\/es\/325135\/"},"modified":"2026-01-06T00:52:12","modified_gmt":"2026-01-06T00:52:12","slug":"gobierno-del-estado-de-tamaulipas-9","status":"publish","type":"post","link":"https:\/\/www.europesays.com\/es\/325135\/","title":{"rendered":"Gobierno del Estado de Tamaulipas"},"content":{"rendered":"<p>\t\t\t<img width=\"850\" height=\"500\" src=\"https:\/\/www.europesays.com\/es\/wp-content\/uploads\/2026\/01\/SSP-004-2026.-Previene-Guardia-Estatal-de-Genero-violencia-familiar-con-proximidad-en-espacios-publi.jpeg\" class=\"img-responsive center-block destacada wp-post-image\" alt=\"\" decoding=\"async\" fetchpriority=\"high\"\/><\/p>\n<p>\u00a0<\/p>\n<p>\u00a0<\/p>\n<p>\u00a0<\/p>\n<p style=\"text-align: right\">SSP-004-2026<\/p>\n<p>Enero 05 de 2026<\/p>\n<p>\u00a0<\/p>\n<p style=\"text-align: justify\">\nMatamoros, Tamaulipas.- Atendiendo las instrucciones del gobernador, Am\u00e9rico Villarreal Anaya, de intensificar las acciones para prevenir la violencia en el n\u00facleo familiar, personal de la Guardia Estatal de G\u00e9nero trabaja en una campa\u00f1a preventiva en espacios p\u00fablicos.<\/p>\n<p style=\"text-align: justify\">\nEn el municipio de Matamoros, en la Plaza Allende ubicada en la Zona Centro se instal\u00f3 un m\u00f3dulo, donde elementos de esta corporaci\u00f3n sostuvieron el di\u00e1logo con la ciudadan\u00eda, principalmente, mujeres, a quienes les entregaron tr\u00edpticos y violent\u00f3metros.<\/p>\n<p style=\"text-align: justify\">\nLo anterior con el objetivo de dar a conocer los diferentes tipos y niveles en los que se presenta la violencia, c\u00f3mo prevenirla y denunciarla, as\u00ed como las funciones de la Guardia Estatal de G\u00e9nero en estos casos.<\/p>\n<p style=\"text-align: justify\">\nAlgunos de los servicios proporcionados por la Unidad M\u00f3vil Especializada en Atenci\u00f3n a la Violencia (UMEAV) van desde el apoyo con traslado, acompa\u00f1amiento para denunciar y canalizaci\u00f3n a las instituciones correspondientes.<\/p>\n<p>***<\/p>\n<p>\u00a0<\/p>\n<p>\u00a0<\/p>\n<p>\u00a0<\/p>\n<p>Enlace de descarga.- <a href=\"https:\/\/drive.google.com\/drive\/folders\/1ytwJzCBCJPvzYIW7pCXrkguvkGzivwJ-?usp=sharing\" rel=\"nofollow noopener\" target=\"_blank\">https:\/\/drive.google.com\/drive\/folders\/1ytwJzCBCJPvzYIW7pCXrkguvkGzivwJ-?usp=sharing<\/a><\/p>\n<p>\u00a0<\/p>\n<p>\u00a0<\/p>\n<p>\u00a0<\/p>\n","protected":false},"excerpt":{"rendered":"\u00a0 \u00a0 \u00a0 SSP-004-2026 Enero 05 de 2026 \u00a0 Matamoros, Tamaulipas.- Atendiendo las instrucciones del gobernador, Am\u00e9rico Villarreal&hellip;\n","protected":false},"author":2,"featured_media":325136,"comment_status":"","ping_status":"","sticky":false,"template":"","format":"standard","meta":{"footnotes":""},"categories":[42],"tags":[71032,17,18,13,14,71031,582,71029,11,61,62,63,64,19,20,9,10,15,16,71030,71033,12,21,22,65,66,67],"class_list":{"0":"post-325135","1":"post","2":"type-post","3":"status-publish","4":"format-standard","5":"has-post-thumbnail","7":"category-internacional","8":"tag-americo-villarreal","9":"tag-breaking-news","10":"tag-breakingnews","11":"tag-featured-news","12":"tag-featurednews","13":"tag-gobernador-americo-villarreal","14":"tag-gobierno","15":"tag-gobierno-de-tamaulipas","16":"tag-headlines","17":"tag-internacional","18":"tag-international","19":"tag-international-news","20":"tag-internationalnews","21":"tag-latest-news","22":"tag-latestnews","23":"tag-news","24":"tag-noticias","25":"tag-noticias-destacadas","26":"tag-noticiasdestacadas","27":"tag-tamaulipas","28":"tag-tamps","29":"tag-titulares","30":"tag-ultimas-noticias","31":"tag-ultimasnoticias","32":"tag-world","33":"tag-world-news","34":"tag-worldnews"},"share_on_mastodon":{"url":"https:\/\/pubeurope.com\/@es\/115845421118388562","error":""},"_links":{"self":[{"href":"https:\/\/www.europesays.com\/es\/wp-json\/wp\/v2\/posts\/325135","targetHints":{"allow":["GET"]}}],"collection":[{"href":"https:\/\/www.europesays.com\/es\/wp-json\/wp\/v2\/posts"}],"about":[{"href":"https:\/\/www.europesays.com\/es\/wp-json\/wp\/v2\/types\/post"}],"author":[{"embeddable":true,"href":"https:\/\/www.europesays.com\/es\/wp-json\/wp\/v2\/users\/2"}],"replies":[{"embeddable":true,"href":"https:\/\/www.europesays.com\/es\/wp-json\/wp\/v2\/comments?post=325135"}],"version-history":[{"count":0,"href":"https:\/\/www.europesays.com\/es\/wp-json\/wp\/v2\/posts\/325135\/revisions"}],"wp:featuredmedia":[{"embeddable":true,"href":"https:\/\/www.europesays.com\/es\/wp-json\/wp\/v2\/media\/325136"}],"wp:attachment":[{"href":"https:\/\/www.europesays.com\/es\/wp-json\/wp\/v2\/media?parent=325135"}],"wp:term":[{"taxonomy":"category","embeddable":true,"href":"https:\/\/www.europesays.com\/es\/wp-json\/wp\/v2\/categories?post=325135"},{"taxonomy":"post_tag","embeddable":true,"href":"https:\/\/www.europesays.com\/es\/wp-json\/wp\/v2\/tags?post=325135"}],"curies":[{"name":"wp","href":"https:\/\/api.w.org\/{rel}","templated":true}]}}