{"id":325137,"date":"2026-01-06T00:53:23","date_gmt":"2026-01-06T00:53:23","guid":{"rendered":"https:\/\/www.europesays.com\/es\/325137\/"},"modified":"2026-01-06T00:53:23","modified_gmt":"2026-01-06T00:53:23","slug":"daimiel-mantiene-la-ilusion-de-cara-al-sorteo-extraordinario-del-nino","status":"publish","type":"post","link":"https:\/\/www.europesays.com\/es\/325137\/","title":{"rendered":"Daimiel mantiene la ilusi\u00f3n de cara al Sorteo Extraordinario del Ni\u00f1o"},"content":{"rendered":"<p><strong>Los daimiele\u00f1os han aprovechado estos d\u00edas para cobrar lo poco que dej\u00f3 \u00a0 la Loter\u00eda de Navidad y buscar una segunda oportunidad en los bombos del 6 de enero. En la administraci\u00f3n de \u2018La Manola\u2019 trasladan que est\u00e1n contentos con las ventas y conf\u00edan en repartir m\u00e1s premios que el 22 de diciembre.\u00a0<\/strong><\/p>\n<p><strong>Daimiel Noticias.-<\/strong> A unas horas del Sorteo Extraordinario del Ni\u00f1o, los daimiele\u00f1os apuran los \u00faltimos momentos para acudir a las administraciones y despachos de loter\u00eda de la localidad para cobrar lo poco que dej\u00f3 el sorteo del 22 de diciembre y buscar una segunda oportunidad en los bombos del 6 de enero.\u00a0\u00a0<\/p>\n<p>En ese sentido, uno de los gerentes de la administraci\u00f3n de loter\u00edas \u2018La Manola\u2019, Josema Mart\u00edn, comentaba que, en su caso, \u00a0se encuentran \u201cmuy contentos\u201d por el desarrollo de la campa\u00f1a, aunque no pod\u00edan comparar con el a\u00f1o anterior porque abrieron el pasado julio. \u201cEstos d\u00edas hay mucho ajetreo, entre la gente que acude a cobrar la Loter\u00eda de Navidad y aquellos que vienen a por alg\u00fan d\u00e9cimo del Ni\u00f1o\u201d, coment\u00f3.\u00a0<\/p>\n<p>  <img loading=\"lazy\" decoding=\"async\" src=\"https:\/\/www.europesays.com\/es\/wp-content\/uploads\/2026\/01\/dsc_0442_2.jpg\" width=\"800\" height=\"535\" alt=\"Administraci\u00f3n de loter\u00eda 'La Manola'\" typeof=\"foaf:Image\" class=\"img-fluid\"\/><br \/>\nAdministraci\u00f3n de loter\u00eda &#8216;La Manola&#8217;<\/p>\n<p>Mart\u00edn explic\u00f3 que, aunque la tendencia de consumo de los daimiele\u00f1os ante la loter\u00eda es \u201cdif\u00edcil de medir\u201d, ya que var\u00eda mucho de una persona a otra, s\u00ed se aprecia una superior demanda hacia algunos n\u00fameros.\u00a0<\/p>\n<p>La tendencia sigue siendo hacia las terminaciones en cifras talism\u00e1n \u201ccomo el 5, el 7, el 15 o el 69\u201d, en \u00a0la t\u00f3nica de lo demandado durante el Sorteo Extraordinario de Navidad. En la ventanilla de la administraci\u00f3n se nota su ausencia y tambi\u00e9n la otros n\u00fameros \u201cya agotados\u201d, pero Mart\u00edn se\u00f1alaba que hasta empiece la cabalgata estar\u00e1n abiertos para todos los que quieran llevarse alg\u00fan d\u00e9cimo de \u00faltima hora, incluido los Reyes Magos.\u00a0<\/p>\n<p><strong>Gasto por habitante y premios<\/strong><br \/>A nivel regional, en Castilla-La Mancha, el gasto medio por persona se sit\u00faa en 21,56 euros, casi tres euros por encima de la media nacional, y el dato es a\u00fan m\u00e1s elevado en la provincia de Ciudad Real, con casi 26 euros por habitante.<\/p>\n<p>El Sorteo Extraordinario del Ni\u00f1o se celebrar\u00e1 ma\u00f1ana martes 6 de enero a las 12:00 horas en el Sal\u00f3n de Sorteos de Loter\u00edas y Apuestas del Estado y repartir\u00e1 770 millones de euros en premios, con un primer premio de 2 millones de euros por serie.\u00a0<\/p>\n<p>  <img loading=\"lazy\" decoding=\"async\" src=\"https:\/\/www.europesays.com\/es\/wp-content\/uploads\/2026\/01\/dsc_0444_2.jpg\" width=\"800\" height=\"535\" alt=\"D\u00e9cimo de loter\u00eda\" typeof=\"foaf:Image\" class=\"img-fluid\"\/><br \/>\nD\u00e9cimo de loter\u00eda<\/p>\n<p>En Daimiel, el primer premio dej\u00f3 su huella en 2024, cuando la suerte reparti\u00f3 un d\u00e9cimo del Gordo del Ni\u00f1o, vendido por terminal en el despacho de loter\u00eda de \u2018Los Canarios\u2019. Ese \u00fanico billete del 94.974 dej\u00f3 200.000 euros el punto de venta m\u00e1s antiguo de Daimiel, en la calle Alfonso XII. Adem\u00e1s, el a\u00f1o pasado, el despacho mixto de \u2018Laura\u2019, en calle Fontecha, vendi\u00f3 un d\u00e9cimo del tercero, premiado con 25.000 euros.\u00a0<\/p>\n<p>Con estos antecedentes, la esperanza de que la suerte vuelva a sonre\u00edr a Daimiel se mantendr\u00e1 intacta, al menos, hasta que se escuchen los n\u00fameros agraciados durante la ma\u00f1ana de Reyes.\u00a0<\/p>\n","protected":false},"excerpt":{"rendered":"Los daimiele\u00f1os han aprovechado estos d\u00edas para cobrar lo poco que dej\u00f3 \u00a0 la Loter\u00eda de Navidad y&hellip;\n","protected":false},"author":2,"featured_media":325138,"comment_status":"","ping_status":"","sticky":false,"template":"","format":"standard","meta":{"footnotes":""},"categories":[8],"tags":[17,18,3010,25,24,13,14,11,19,20,530,9,10,15,16,75324,23,12,21,22],"class_list":{"0":"post-325137","1":"post","2":"type-post","3":"status-publish","4":"format-standard","5":"has-post-thumbnail","7":"category-espana","8":"tag-breaking-news","9":"tag-breakingnews","10":"tag-daimiel","11":"tag-es","12":"tag-espana","13":"tag-featured-news","14":"tag-featurednews","15":"tag-headlines","16":"tag-latest-news","17":"tag-latestnews","18":"tag-loteria","19":"tag-news","20":"tag-noticias","21":"tag-noticias-destacadas","22":"tag-noticiasdestacadas","23":"tag-sorteo-del-nino","24":"tag-spain","25":"tag-titulares","26":"tag-ultimas-noticias","27":"tag-ultimasnoticias"},"share_on_mastodon":{"url":"https:\/\/pubeurope.com\/@es\/115845425023715849","error":""},"_links":{"self":[{"href":"https:\/\/www.europesays.com\/es\/wp-json\/wp\/v2\/posts\/325137","targetHints":{"allow":["GET"]}}],"collection":[{"href":"https:\/\/www.europesays.com\/es\/wp-json\/wp\/v2\/posts"}],"about":[{"href":"https:\/\/www.europesays.com\/es\/wp-json\/wp\/v2\/types\/post"}],"author":[{"embeddable":true,"href":"https:\/\/www.europesays.com\/es\/wp-json\/wp\/v2\/users\/2"}],"replies":[{"embeddable":true,"href":"https:\/\/www.europesays.com\/es\/wp-json\/wp\/v2\/comments?post=325137"}],"version-history":[{"count":0,"href":"https:\/\/www.europesays.com\/es\/wp-json\/wp\/v2\/posts\/325137\/revisions"}],"wp:featuredmedia":[{"embeddable":true,"href":"https:\/\/www.europesays.com\/es\/wp-json\/wp\/v2\/media\/325138"}],"wp:attachment":[{"href":"https:\/\/www.europesays.com\/es\/wp-json\/wp\/v2\/media?parent=325137"}],"wp:term":[{"taxonomy":"category","embeddable":true,"href":"https:\/\/www.europesays.com\/es\/wp-json\/wp\/v2\/categories?post=325137"},{"taxonomy":"post_tag","embeddable":true,"href":"https:\/\/www.europesays.com\/es\/wp-json\/wp\/v2\/tags?post=325137"}],"curies":[{"name":"wp","href":"https:\/\/api.w.org\/{rel}","templated":true}]}}