{"id":325139,"date":"2026-01-06T00:54:08","date_gmt":"2026-01-06T00:54:08","guid":{"rendered":"https:\/\/www.europesays.com\/es\/325139\/"},"modified":"2026-01-06T00:54:08","modified_gmt":"2026-01-06T00:54:08","slug":"delcy-rodriguez-jura-como-presidenta-de-venezuela-en-sustitucion-de-nicolas-maduro-internacional","status":"publish","type":"post","link":"https:\/\/www.europesays.com\/es\/325139\/","title":{"rendered":"Delcy Rodr\u00edguez jura como presidenta de Venezuela en sustituci\u00f3n de Nicol\u00e1s Maduro | Internacional"},"content":{"rendered":"<p>La hasta ahora vicepresidenta de Venezuela, Delcy Rodr\u00edguez, ha jurado como nueva presidenta del pa\u00eds en el Parlamento de la naci\u00f3n sudamericana en sustituci\u00f3n de Nicol\u00e1s Maduro, capturado por los Estados Unidos para ser juzgado en un tribunal de Nueva York por cargos de tr\u00e1fico y posesi\u00f3n de armas y narcoterrorismo. Rodr\u00edguez ha jurado el cargo para los pr\u00f3ximos cinco a\u00f1os, hasta el 2031. <\/p>\n<p>\u00abVengo con dolor por el sufrimiento que se le ha causado al pueblo venezolano luego de una agresi\u00f3n militar ileg\u00edtima contra nuestra patria. Vengo con dolor por el secuestro de dos h\u00e9roes que tenemos de rehenes en los EEUU, el presidente Nicol\u00e1s Maduro y la primera dama Cilia Flores\u00bb, ha comenzado indicando Delcy en el Parlamento de Venezuela. <\/p>\n<p>\u00abVengo tambi\u00e9n con honor a jurar\u00bb, ha indicado la nueva presidenta, que ha jurado por Sim\u00f3n Bolivar, Hugo Ch\u00e1vez, Jorge Antonio Rodr\u00edguez y los ni\u00f1os y ni\u00f1as de Venezuela. \u00abPor garantizarles porvenir y futuro a nuestros ni\u00f1os\u00bb, ha indicado antes de jurar por su familia. \u00abJuro por el pueblo de Venezuela a no descansar ni un minuto para garantizar la paz de la Rep\u00fablica\u00bb, ha indicado Rodr\u00edguez, que ha garantizado un Gobierno que de \u00abestabilidad y seguridad pol\u00edtica\u00bb. <\/p>\n","protected":false},"excerpt":{"rendered":"La hasta ahora vicepresidenta de Venezuela, Delcy Rodr\u00edguez, ha jurado como nueva presidenta del pa\u00eds en el Parlamento&hellip;\n","protected":false},"author":2,"featured_media":325140,"comment_status":"","ping_status":"","sticky":false,"template":"","format":"standard","meta":{"footnotes":""},"categories":[5],"tags":[17,18,25,24,13,14,11,19,20,9,10,15,16,23,12,21,22],"class_list":{"0":"post-325139","1":"post","2":"type-post","3":"status-publish","4":"format-standard","5":"has-post-thumbnail","7":"category-titulares","8":"tag-breaking-news","9":"tag-breakingnews","10":"tag-es","11":"tag-espana","12":"tag-featured-news","13":"tag-featurednews","14":"tag-headlines","15":"tag-latest-news","16":"tag-latestnews","17":"tag-news","18":"tag-noticias","19":"tag-noticias-destacadas","20":"tag-noticiasdestacadas","21":"tag-spain","22":"tag-titulares","23":"tag-ultimas-noticias","24":"tag-ultimasnoticias"},"share_on_mastodon":{"url":"https:\/\/pubeurope.com\/@es\/115845428855239829","error":""},"_links":{"self":[{"href":"https:\/\/www.europesays.com\/es\/wp-json\/wp\/v2\/posts\/325139","targetHints":{"allow":["GET"]}}],"collection":[{"href":"https:\/\/www.europesays.com\/es\/wp-json\/wp\/v2\/posts"}],"about":[{"href":"https:\/\/www.europesays.com\/es\/wp-json\/wp\/v2\/types\/post"}],"author":[{"embeddable":true,"href":"https:\/\/www.europesays.com\/es\/wp-json\/wp\/v2\/users\/2"}],"replies":[{"embeddable":true,"href":"https:\/\/www.europesays.com\/es\/wp-json\/wp\/v2\/comments?post=325139"}],"version-history":[{"count":0,"href":"https:\/\/www.europesays.com\/es\/wp-json\/wp\/v2\/posts\/325139\/revisions"}],"wp:featuredmedia":[{"embeddable":true,"href":"https:\/\/www.europesays.com\/es\/wp-json\/wp\/v2\/media\/325140"}],"wp:attachment":[{"href":"https:\/\/www.europesays.com\/es\/wp-json\/wp\/v2\/media?parent=325139"}],"wp:term":[{"taxonomy":"category","embeddable":true,"href":"https:\/\/www.europesays.com\/es\/wp-json\/wp\/v2\/categories?post=325139"},{"taxonomy":"post_tag","embeddable":true,"href":"https:\/\/www.europesays.com\/es\/wp-json\/wp\/v2\/tags?post=325139"}],"curies":[{"name":"wp","href":"https:\/\/api.w.org\/{rel}","templated":true}]}}