{"id":325163,"date":"2026-01-06T01:14:09","date_gmt":"2026-01-06T01:14:09","guid":{"rendered":"https:\/\/www.europesays.com\/es\/325163\/"},"modified":"2026-01-06T01:14:09","modified_gmt":"2026-01-06T01:14:09","slug":"china-southern-airlines-cargo-inicia-su-operativa-de-carga-directa-entre-madrid-y-guangzhou","status":"publish","type":"post","link":"https:\/\/www.europesays.com\/es\/325163\/","title":{"rendered":"China Southern Airlines Cargo inicia su operativa de carga directa entre Madrid y Guangzhou\u00a0"},"content":{"rendered":"<p>Global GSA Group y China Southern Airlines han ampliado su cartera de colaboraci\u00f3n con la incorporaci\u00f3n de Espa\u00f1a como nuevo mercado estrat\u00e9gico. La filial del grupo, Mondial Airline Services Spain, ha resultado adjudicataria del concurso para representar a China Southern Airlines Cargo en Espa\u00f1a y ha liderado con \u00e9xito el lanzamiento de la nueva conexi\u00f3n a\u00e9rea de carga entre Madrid y Guangzhou.<\/p>\n<p>Desde el pasado 2 de diciembre de 2025, <strong>China Southern Airlines opera un vuelo directo de carga tres veces por semana<\/strong> entre la capital espa\u00f1ola y Guangzhou-Baiyun, uno de los principales centros comerciales y log\u00edsticos de China. La ruta se realiza con un Boeing 787-9, que ofrece una capacidad de 15.000 kilogramos y 80 metros c\u00fabicos por operaci\u00f3n.<\/p>\n<p><strong>Mondial Airline Services Spain act\u00faa como representante local de China Southern Airlines Cargo<\/strong> y ha asumido la preparaci\u00f3n y puesta en marcha de la nueva ruta en el mercado espa\u00f1ol. Un equipo local dedicado gestiona las actividades comerciales, mantiene el contacto directo con los principales clientes y apoya todos los procesos operativos necesarios, funcionando como una extensi\u00f3n completa de la aerol\u00ednea china en Espa\u00f1a.<\/p>\n<p>El primer vuelo Madrid\u2013Guangzhou despeg\u00f3 el 2 de diciembre con una carga compuesta por mercanc\u00eda general y productos sensibles a la temperatura. La operativa regular se desarrolla los martes, jueves y s\u00e1bados, ofreciendo no solo un enlace directo con el sur de China, sino tambi\u00e9n conexiones de fuselaje ancho hacia otros destinos en China, Asia, Australia y Nueva Zelanda, a trav\u00e9s de la amplia red de China Southern.<\/p>\n<p><strong>La oferta est\u00e1 abierta a carga general,<\/strong> env\u00edos urgentes y una amplia gama de productos especializados, incluidos exportaciones espa\u00f1olas habituales como productos farmac\u00e9uticos con control de temperatura o marisco. La nueva conexi\u00f3n refuerza las opciones log\u00edsticas entre Espa\u00f1a y Asia, con un enfoque en la eficiencia operativa y la fiabilidad del servicio.<\/p>\n<p>Desde Global GSA Group destacan que la adjudicaci\u00f3n en Espa\u00f1a se suma a una colaboraci\u00f3n ya consolidada con China Southern Airlines Cargo en otros pa\u00edses europeos. Seg\u00fan Aytekin Saray, consejero delegado de Global GSA Group, la ampliaci\u00f3n de la asociaci\u00f3n <strong>permitir\u00e1 aprovechar soluciones digitales avanzadas,<\/strong> el conocimiento local de Mondial y su estrecha relaci\u00f3n con la comunidad de transitarios en Espa\u00f1a, con el objetivo de asegurar el rendimiento a largo plazo de la nueva ruta.<\/p>\n","protected":false},"excerpt":{"rendered":"Global GSA Group y China Southern Airlines han ampliado su cartera de colaboraci\u00f3n con la incorporaci\u00f3n de Espa\u00f1a&hellip;\n","protected":false},"author":2,"featured_media":325164,"comment_status":"","ping_status":"","sticky":false,"template":"","format":"standard","meta":{"footnotes":""},"categories":[80],"tags":[82,6514,75326,95,94,25,24,75327,23],"class_list":{"0":"post-325163","1":"post","2":"type-post","3":"status-publish","4":"format-standard","5":"has-post-thumbnail","7":"category-economia","8":"tag-business","9":"tag-carga","10":"tag-china-southern-airlines-cargo","11":"tag-economia","12":"tag-economy","13":"tag-es","14":"tag-espana","15":"tag-global-gsa-group","16":"tag-spain"},"share_on_mastodon":{"url":"https:\/\/pubeurope.com\/@es\/115845507584151280","error":""},"_links":{"self":[{"href":"https:\/\/www.europesays.com\/es\/wp-json\/wp\/v2\/posts\/325163","targetHints":{"allow":["GET"]}}],"collection":[{"href":"https:\/\/www.europesays.com\/es\/wp-json\/wp\/v2\/posts"}],"about":[{"href":"https:\/\/www.europesays.com\/es\/wp-json\/wp\/v2\/types\/post"}],"author":[{"embeddable":true,"href":"https:\/\/www.europesays.com\/es\/wp-json\/wp\/v2\/users\/2"}],"replies":[{"embeddable":true,"href":"https:\/\/www.europesays.com\/es\/wp-json\/wp\/v2\/comments?post=325163"}],"version-history":[{"count":0,"href":"https:\/\/www.europesays.com\/es\/wp-json\/wp\/v2\/posts\/325163\/revisions"}],"wp:featuredmedia":[{"embeddable":true,"href":"https:\/\/www.europesays.com\/es\/wp-json\/wp\/v2\/media\/325164"}],"wp:attachment":[{"href":"https:\/\/www.europesays.com\/es\/wp-json\/wp\/v2\/media?parent=325163"}],"wp:term":[{"taxonomy":"category","embeddable":true,"href":"https:\/\/www.europesays.com\/es\/wp-json\/wp\/v2\/categories?post=325163"},{"taxonomy":"post_tag","embeddable":true,"href":"https:\/\/www.europesays.com\/es\/wp-json\/wp\/v2\/tags?post=325163"}],"curies":[{"name":"wp","href":"https:\/\/api.w.org\/{rel}","templated":true}]}}