{"id":325165,"date":"2026-01-06T01:15:08","date_gmt":"2026-01-06T01:15:08","guid":{"rendered":"https:\/\/www.europesays.com\/es\/325165\/"},"modified":"2026-01-06T01:15:08","modified_gmt":"2026-01-06T01:15:08","slug":"cuanto-otorga-la-pension-para-personas-con-discapacidad-en-2026-programas-para-el-bienestar","status":"publish","type":"post","link":"https:\/\/www.europesays.com\/es\/325165\/","title":{"rendered":"\u00bfCu\u00e1nto otorga la Pensi\u00f3n para Personas con Discapacidad en 2026? \u2013 Programas para el Bienestar"},"content":{"rendered":"<p>5 de enero de 2026<\/p>\n<p>La <a href=\"https:\/\/programasparaelbienestar.gob.mx\/pension-bienestar-personas-con-discapacidad\/\" rel=\"nofollow noopener\" target=\"_blank\">Pensi\u00f3n para el Bienestar de las Personas con Discapacidad Permanente<\/a> otorgar\u00e1 este 2026 un nuevo monto: <strong>3,300 pesos bimestrales<\/strong>.<\/p>\n<p>El incremento forma parte del esfuerzo continuo por consolidar este derecho que acompa\u00f1a a ni\u00f1as, ni\u00f1os, j\u00f3venes y personas adultas con discapacidad.<\/p>\n<p>Esta pensi\u00f3n creada en 2019 con un apoyo de 2,550 pesos y elevada a rango constitucional en 2020 tiene un prop\u00f3sito claro: <strong>reducir las barreras que hist\u00f3ricamente han limitado el acceso a la educaci\u00f3n, la salud y el empleo<\/strong> para este sector de la poblaci\u00f3n.<\/p>\n<p>En M\u00e9xico, las personas con discapacidad han enfrentado mayores obst\u00e1culos para integrarse plenamente a la vida p\u00fablica, y la falta de ingresos profundizaba esas desigualdades. Por ello, este apoyo directo y sin intermediarios se ha convertido, para muchas familias, en un respaldo esencial.<\/p>\n<p>En 24 entidades federativas del pa\u00eds, el apoyo es para todas las personas de 0 a 64 a\u00f1os con discapacidad permanente. En los ocho estados restantes que no han firmado el convenio de universalidad, se da a la poblaci\u00f3n de 0 a 29 a\u00f1os.<\/p>\n<p>El tr\u00e1mite de incorporaci\u00f3n requiere<strong> documentos b\u00e1sicos<\/strong>: identificaci\u00f3n oficial, CURP, comprobante de domicilio, acta de nacimiento y certificaci\u00f3n m\u00e9dica de discapacidad permanente. Durante el a\u00f1o se anunciar\u00e1n oportunamente los periodos de incorporaci\u00f3n.<\/p>\n<p>Con al incremento de su apoyo econ\u00f3mico y su consolidaci\u00f3n como derecho constitucional, la Pensi\u00f3n para Personas con Discapacidad contin\u00faa avanzando como uno de los instrumentos m\u00e1s importantes para favorecer la inclusi\u00f3n y el bienestar en todo el pa\u00eds.<\/p>\n<p>Pensi\u00f3n para Personas con Discapacidad en 2026<\/p>\n<ul style=\"list-style-type: circle;\">\n<li>\ud83e\uddd1\u200d\ud83e\uddbd Monto en 2025: $3,200 pesos bimestrales<\/li>\n<li>\ud83c\udd99 Nuevo monto 2026: $3,300 pesos bimestrales<\/li>\n<li>\ud83d\udcc8 Incremento de 2019 a 2026: 29.4%<\/li>\n<li>\ud83d\ude4c\ud83c\udffc Cobertura: 0 a 64 a\u00f1os en 24 estados con convenio de universalidad; 0 a 29 a\u00f1os en las dem\u00e1s entidades<\/li>\n<\/ul>\n<p>Este programa es p\u00fablico, ajeno a cualquier partido pol\u00edtico. Queda prohibido el uso para fines distintos al desarrollo social.<\/p>\n","protected":false},"excerpt":{"rendered":"5 de enero de 2026 La Pensi\u00f3n para el Bienestar de las Personas con Discapacidad Permanente otorgar\u00e1 este&hellip;\n","protected":false},"author":2,"featured_media":325166,"comment_status":"","ping_status":"","sticky":false,"template":"","format":"standard","meta":{"footnotes":""},"categories":[42],"tags":[17,18,13,14,11,61,62,63,64,19,20,9,10,15,16,75329,75328,12,21,22,65,66,67],"class_list":{"0":"post-325165","1":"post","2":"type-post","3":"status-publish","4":"format-standard","5":"has-post-thumbnail","7":"category-internacional","8":"tag-breaking-news","9":"tag-breakingnews","10":"tag-featured-news","11":"tag-featurednews","12":"tag-headlines","13":"tag-internacional","14":"tag-international","15":"tag-international-news","16":"tag-internationalnews","17":"tag-latest-news","18":"tag-latestnews","19":"tag-news","20":"tag-noticias","21":"tag-noticias-destacadas","22":"tag-noticiasdestacadas","23":"tag-pension-bienestar","24":"tag-pension-para-personas-con-discapacidad","25":"tag-titulares","26":"tag-ultimas-noticias","27":"tag-ultimasnoticias","28":"tag-world","29":"tag-world-news","30":"tag-worldnews"},"share_on_mastodon":{"url":"https:\/\/pubeurope.com\/@es\/115845511477852244","error":""},"_links":{"self":[{"href":"https:\/\/www.europesays.com\/es\/wp-json\/wp\/v2\/posts\/325165","targetHints":{"allow":["GET"]}}],"collection":[{"href":"https:\/\/www.europesays.com\/es\/wp-json\/wp\/v2\/posts"}],"about":[{"href":"https:\/\/www.europesays.com\/es\/wp-json\/wp\/v2\/types\/post"}],"author":[{"embeddable":true,"href":"https:\/\/www.europesays.com\/es\/wp-json\/wp\/v2\/users\/2"}],"replies":[{"embeddable":true,"href":"https:\/\/www.europesays.com\/es\/wp-json\/wp\/v2\/comments?post=325165"}],"version-history":[{"count":0,"href":"https:\/\/www.europesays.com\/es\/wp-json\/wp\/v2\/posts\/325165\/revisions"}],"wp:featuredmedia":[{"embeddable":true,"href":"https:\/\/www.europesays.com\/es\/wp-json\/wp\/v2\/media\/325166"}],"wp:attachment":[{"href":"https:\/\/www.europesays.com\/es\/wp-json\/wp\/v2\/media?parent=325165"}],"wp:term":[{"taxonomy":"category","embeddable":true,"href":"https:\/\/www.europesays.com\/es\/wp-json\/wp\/v2\/categories?post=325165"},{"taxonomy":"post_tag","embeddable":true,"href":"https:\/\/www.europesays.com\/es\/wp-json\/wp\/v2\/tags?post=325165"}],"curies":[{"name":"wp","href":"https:\/\/api.w.org\/{rel}","templated":true}]}}