{"id":325167,"date":"2026-01-06T01:16:29","date_gmt":"2026-01-06T01:16:29","guid":{"rendered":"https:\/\/www.europesays.com\/es\/325167\/"},"modified":"2026-01-06T01:16:29","modified_gmt":"2026-01-06T01:16:29","slug":"cabalgata-de-reyes-2026-ayuntamiento-de-martos","status":"publish","type":"post","link":"https:\/\/www.europesays.com\/es\/325167\/","title":{"rendered":"Cabalgata de Reyes 2026 &#8211; Ayuntamiento de Martos"},"content":{"rendered":"<ol>\n<li><a href=\"https:\/\/news.google.com\/rss\/articles\/CBMiV0FVX3lxTFBlMEZ5YTEzOGkzWkZGeVJUMTJoQUJTYms4U3kzMlpJZU9LOHAzZXlfc21YSDAyN1dIcTU0M2wweGRmWFRWLTI1aTdBOWZQZEFZX0E4SzRGRQ?oc=5\" target=\"_blank\" rel=\"nofollow noopener\">Cabalgata de Reyes 2026<\/a>&nbsp;&nbsp;Ayuntamiento de Martos<\/li>\n<li><a href=\"https:\/\/news.google.com\/rss\/articles\/CBMibkFVX3lxTE9objBBN0VwUXpxNm5FN0Q5WG5hWmVwMkhYUlJfYnl5V21jMF8yYzJSSkkweG13c3FLanZyVlN6UGdjczVmbk5jM2JGNmtJZHMwWkZXblRYTlFCejhOdlk5cDNYZ2swWGZWT3NOdHlB?oc=5\" target=\"_blank\" rel=\"nofollow noopener\">La Magia de la Cabalgata de los Reyes Magos 2026 llega a Moralzarzal el 5 de enero<\/a>&nbsp;&nbsp;Ayuntamiento de Moralzarzal<\/li>\n<li><a href=\"https:\/\/news.google.com\/rss\/articles\/CBMikAFBVV95cUxPakpXcTNtRFVmV1lLSnVmSVd3LVVYZGZ2bHhxQWRIUUd3RWNub2VsZFpkZ0FVSHBHZFBidVdPcVZwWHdfaDlRY0IzMjladFpIeWNLanIxeFQzc3hWWnIzOGNsdm5PUXUxQ0p6NnY5d2h6aXd5UFMyNFA4Rk93ZFZBQnRzZG9kNXBBX1FNcElhN1A?oc=5\" target=\"_blank\" rel=\"nofollow noopener\">Cabalgata de Reyes 2026 en Gumiel de Mercado<\/a>&nbsp;&nbsp;enAranda<\/li>\n<li><a href=\"https:\/\/news.google.com\/rss\/articles\/CBMimgFBVV95cUxQdTlPT0VsVEZNaVczZXYxVkYyUUJmR0gtYlZHNVNLcGQtV3BYendYM0VpdlFjN3REZV9RM0dUWHVvZk5CZGl1Z1AyUl9nVzJvYnhCOWhSWnZEeHVwZ2I0VFE0djgwSWhvVG5jRzltOW5kdXoyRmRhUjdIVl9FNXBFVFRPajRWSUxCTklkN2xpbW1KZTFNSjVoNm1R0gGfAUFVX3lxTE5Udm9JOVdOZnlXYWlLdzN1NUk4N002V0h0Yll4YWhmSGd3SDdnMGFsT3ZLMG9vWFNOYzFBTG5oSS14cUxXemV4aFpGOGJwWjZVMl94R2tJc2FCdk85ZzBjMVlTWlBUaXlZaE5YNkIwQlpLdXQ1c1JZcDYxUUZtQjhqTHR2V2hnUTdFekdHR00zUEhhVzZ2YW4yTExBM25Xdw?oc=5\" target=\"_blank\" rel=\"nofollow noopener\">Cabalgata de Reyes Dos Hermanas 2026: horario, recorrido y tramo sin m\u00fasica<\/a>&nbsp;&nbsp;Diario de Sevilla<\/li>\n<li><a href=\"https:\/\/news.google.com\/rss\/articles\/CBMidkFVX3lxTE1mN1ZDbE9WajFLYlBPOGtUbmEyQjRVeVdGbFJQNHVQNmM1NXFySlN1dU93RFVjRllMWUd5T0lqYXhmY1pHWU9UY1dLTFpvT2tBb0VGUUw3MU93Q09IZFVKT0NfbmZ5ZThMVlRxa1lUSWRETl9DbEE?oc=5\" target=\"_blank\" rel=\"nofollow noopener\">Llega la noche m\u00e1s m\u00e1gica del a\u00f1o<\/a>&nbsp;&nbsp;Ayuntamiento de Esquivias<\/li>\n<\/ol>\n","protected":false},"excerpt":{"rendered":"Cabalgata de Reyes 2026&nbsp;&nbsp;Ayuntamiento de Martos La Magia de la Cabalgata de los Reyes Magos 2026 llega a&hellip;\n","protected":false},"author":2,"featured_media":325168,"comment_status":"","ping_status":"","sticky":false,"template":"","format":"standard","meta":{"footnotes":""},"categories":[8],"tags":[17,18,25,24,13,14,11,19,20,9,10,15,16,23,12,21,22],"class_list":{"0":"post-325167","1":"post","2":"type-post","3":"status-publish","4":"format-standard","5":"has-post-thumbnail","7":"category-espana","8":"tag-breaking-news","9":"tag-breakingnews","10":"tag-es","11":"tag-espana","12":"tag-featured-news","13":"tag-featurednews","14":"tag-headlines","15":"tag-latest-news","16":"tag-latestnews","17":"tag-news","18":"tag-noticias","19":"tag-noticias-destacadas","20":"tag-noticiasdestacadas","21":"tag-spain","22":"tag-titulares","23":"tag-ultimas-noticias","24":"tag-ultimasnoticias"},"share_on_mastodon":{"url":"https:\/\/pubeurope.com\/@es\/115845515476975481","error":""},"_links":{"self":[{"href":"https:\/\/www.europesays.com\/es\/wp-json\/wp\/v2\/posts\/325167","targetHints":{"allow":["GET"]}}],"collection":[{"href":"https:\/\/www.europesays.com\/es\/wp-json\/wp\/v2\/posts"}],"about":[{"href":"https:\/\/www.europesays.com\/es\/wp-json\/wp\/v2\/types\/post"}],"author":[{"embeddable":true,"href":"https:\/\/www.europesays.com\/es\/wp-json\/wp\/v2\/users\/2"}],"replies":[{"embeddable":true,"href":"https:\/\/www.europesays.com\/es\/wp-json\/wp\/v2\/comments?post=325167"}],"version-history":[{"count":0,"href":"https:\/\/www.europesays.com\/es\/wp-json\/wp\/v2\/posts\/325167\/revisions"}],"wp:featuredmedia":[{"embeddable":true,"href":"https:\/\/www.europesays.com\/es\/wp-json\/wp\/v2\/media\/325168"}],"wp:attachment":[{"href":"https:\/\/www.europesays.com\/es\/wp-json\/wp\/v2\/media?parent=325167"}],"wp:term":[{"taxonomy":"category","embeddable":true,"href":"https:\/\/www.europesays.com\/es\/wp-json\/wp\/v2\/categories?post=325167"},{"taxonomy":"post_tag","embeddable":true,"href":"https:\/\/www.europesays.com\/es\/wp-json\/wp\/v2\/tags?post=325167"}],"curies":[{"name":"wp","href":"https:\/\/api.w.org\/{rel}","templated":true}]}}