{"id":325171,"date":"2026-01-06T01:22:11","date_gmt":"2026-01-06T01:22:11","guid":{"rendered":"https:\/\/www.europesays.com\/es\/325171\/"},"modified":"2026-01-06T01:22:11","modified_gmt":"2026-01-06T01:22:11","slug":"alex-corretja-desvela-su-prediccion-para-2026-alcaraz-o-sinner","status":"publish","type":"post","link":"https:\/\/www.europesays.com\/es\/325171\/","title":{"rendered":"\u00c0lex Corretja desvela su predicci\u00f3n para 2026: \u00bfAlcaraz o Sinner?"},"content":{"rendered":"<p class=\"ft-text\">El tenis 2026 arranca este mes de enero con el Open de Australia como plato fuerte en el calendario. Como cada a\u00f1o, <strong>Melbourne Park <\/strong>centra toda la atenci\u00f3n con los dos grandes nombres del circuito dispuestos a seguir dominando el tenis mundial.<\/p>\n<p class=\"ft-text\"><strong>Carlos Alcaraz y Jannik Sinner<\/strong> buscar\u00e1n volver a reinar en un Grand Slam, con el italiano defendiendo la corona conseguida en las dos \u00faltimas ediciones. Una lucha en la que parece dif\u00edcil que pueda entrar un tercer contendiente y que se han repartido los otros ocho t\u00edtulos de grandes t\u00edtulos entre los dos.<\/p>\n<p class=\"ft-text\">En 2025, dos para uno y dos para otro, como sucedi\u00f3 en 2024. Algo que<strong> \u00c0lex Corretja<\/strong> vuelve a pronosticar para este a\u00f1o. <strong>\u00abEs muy dif\u00edcil responder a esta pregunta, especialmente despu\u00e9s de que Carlitos se haya separado de su entrenador de larga data Juan Carlos Ferrero<\/strong>. El a\u00f1o pasado, dije que compartir\u00edan los t\u00edtulos. Este a\u00f1o, digo\u2026 esto se repetir\u00e1\u00bb declar\u00f3.<\/p>\n<p>Barbara Schett apuesta por Sinner<\/p>\n<p class=\"ft-text\">A diferencia de <strong>Corretja<\/strong>, la austr\u00edaca <strong>Barbara Schett<\/strong>, comentarista en la actualidad en Eurosport, se decanta por Sinner.<strong> \u00abCreo que ganar\u00e1 m\u00e1s t\u00edtulos de Grand Slam\u00bb <\/strong>apunt\u00f3 desigualando la balanza para este 2026.<\/p>\n<p class=\"ft-text\">No hay duda que salvo contratiempo grave, <strong>Alcaraz <\/strong>y <strong>Sinner <\/strong>volver\u00e1n a reinar en el tenis.<strong> Cuatro t\u00edtulos de Grand Slam <\/strong>y la cima del ranking volver\u00e1n a ser los grandes objetivos de los dos monstruos del tenis actual, que volver\u00e1n a regalar batallas de ensue\u00f1o a todos los aficionados con el objetivo de seguir destrozando todos los r\u00e9cords habidos y por haber.<\/p>\n","protected":false},"excerpt":{"rendered":"El tenis 2026 arranca este mes de enero con el Open de Australia como plato fuerte en el&hellip;\n","protected":false},"author":2,"featured_media":325172,"comment_status":"","ping_status":"","sticky":false,"template":"","format":"standard","meta":{"footnotes":""},"categories":[274],"tags":[4736,2866,168,25,24,4466,23,167,327,326],"class_list":{"0":"post-325171","1":"post","2":"type-post","3":"status-publish","4":"format-standard","5":"has-post-thumbnail","7":"category-tenis","8":"tag-alcaraz","9":"tag-corretja","10":"tag-deportes","11":"tag-es","12":"tag-espana","13":"tag-sinner","14":"tag-spain","15":"tag-sports","16":"tag-tenis","17":"tag-tennis"},"share_on_mastodon":{"url":"https:\/\/pubeurope.com\/@es\/115845539005718357","error":""},"_links":{"self":[{"href":"https:\/\/www.europesays.com\/es\/wp-json\/wp\/v2\/posts\/325171","targetHints":{"allow":["GET"]}}],"collection":[{"href":"https:\/\/www.europesays.com\/es\/wp-json\/wp\/v2\/posts"}],"about":[{"href":"https:\/\/www.europesays.com\/es\/wp-json\/wp\/v2\/types\/post"}],"author":[{"embeddable":true,"href":"https:\/\/www.europesays.com\/es\/wp-json\/wp\/v2\/users\/2"}],"replies":[{"embeddable":true,"href":"https:\/\/www.europesays.com\/es\/wp-json\/wp\/v2\/comments?post=325171"}],"version-history":[{"count":0,"href":"https:\/\/www.europesays.com\/es\/wp-json\/wp\/v2\/posts\/325171\/revisions"}],"wp:featuredmedia":[{"embeddable":true,"href":"https:\/\/www.europesays.com\/es\/wp-json\/wp\/v2\/media\/325172"}],"wp:attachment":[{"href":"https:\/\/www.europesays.com\/es\/wp-json\/wp\/v2\/media?parent=325171"}],"wp:term":[{"taxonomy":"category","embeddable":true,"href":"https:\/\/www.europesays.com\/es\/wp-json\/wp\/v2\/categories?post=325171"},{"taxonomy":"post_tag","embeddable":true,"href":"https:\/\/www.europesays.com\/es\/wp-json\/wp\/v2\/tags?post=325171"}],"curies":[{"name":"wp","href":"https:\/\/api.w.org\/{rel}","templated":true}]}}