{"id":325173,"date":"2026-01-06T01:23:07","date_gmt":"2026-01-06T01:23:07","guid":{"rendered":"https:\/\/www.europesays.com\/es\/325173\/"},"modified":"2026-01-06T01:23:07","modified_gmt":"2026-01-06T01:23:07","slug":"pelayo-sanchez-en-2025-me-vi-en-las-catacumbas-luchando-por-volver","status":"publish","type":"post","link":"https:\/\/www.europesays.com\/es\/325173\/","title":{"rendered":"Pelayo S\u00e1nchez: \u00abEn 2025 me vi en las catacumbas, luchando por volver\u00bb"},"content":{"rendered":"<p> El a\u00f1o 2025 quedar\u00e1 para siempre en la memoria de <a href=\"https:\/\/www.elcomercio.es\/deportes\/ciclismo\/ciclista-pelayo-sanchez-vuelta-asturias-giro-italia-20250422094652-nt.html\" target=\"_blank\" data-voc-vtm-id=\"in-text-traffic\" title=\"Pelayo S\u00e1nchez\" data-mrf-link=\"www.elcomercio.es\" rel=\"nofollow noopener\">Pelayo S\u00e1nchez<\/a>. El <a href=\"https:\/\/www.elcomercio.es\/deportes\/ciclismo\/\" target=\"_blank\" data-voc-vtm-id=\"in-text-traffic\" title=\"ciclista\" data-mrf-link=\"www.elcomercio.es\" rel=\"nofollow noopener\">ciclista<\/a> asturiano de Movistar ven\u00eda de un fant\u00e1stico 2024  &#8230; en el que se vio compitiendo en el World Tour, metido entre los mejores y llev\u00e1ndose una etapa del Giro de Italia. Solo una ca\u00edda en la Vuelta a Espa\u00f1a empa\u00f1\u00f3 una temporada de ensue\u00f1o. Con el viento de cola de los triunfos encaraba 2025, pero, desde el principio, las cosas no marcharon como esperaba. Una dolencia en la rodilla le tuvo diez d\u00edas parado, retrasando su inicio de campa\u00f1a. En febrero, lleg\u00f3 el gran mazazo. El cuerpo no le estaba funcionando y tuvo que retirarse de dos carreras con apenas unos kil\u00f3metros recorridos. \u00abLo achacaba a los entrenamientos y una gripe, pero el problema de salud sigui\u00f3 enquistado\u00bb, afirm\u00f3 en una entrevista a los medios de su equipo. <\/p>\n<p class=\"v-p\">El diagn\u00f3stico no era ese. Pelayo S\u00e1nchez hab\u00eda contra\u00eddo el herpes zoster, una infecci\u00f3n viral dolorosa causada por la reactivaci\u00f3n del virus de la varicela que suele afectar a personas con las defensas bajas. \u00abMe cogi\u00f3 bien, me dio un buen demarraje. Me sali\u00f3 una roncha que segu\u00eda por la v\u00eda del nervio y el dolor me llegaba hasta los dedos. En un momento, no pod\u00eda levantar el brazo\u00bb. <\/p>\n<p class=\"v-p\">La enfermedad le mantuvo inactivo la primera mitad del a\u00f1o, un mazazo an\u00edmico para un corredor joven que aspiraba a mejorar sus resultados de 2024, a seguir conociendo el mundo y las carreras subido en la bicicleta. \u00abCuesta mucho llegar al World Tour y de pronto est\u00e1s en las catacumbas, tirado como una bayeta y luchando para volver\u00bb. <\/p>\n<p class=\"v-p\">En el mes de mayo consigui\u00f3 volver a competir \u00abalgo\u00bb, pero de la mano de su equipo la decisi\u00f3n fue dedicar el resto del a\u00f1o a su recuperaci\u00f3n. \u00abEn verano entren\u00e9 con buenas sensaciones, la idea era acabar el a\u00f1o con carreras, pero me lesion\u00e9 en una rodilla\u00bb. Pelayo S\u00e1nchez espera ahora ir recuperando el ritmo, consciente de que \u00abesto es un proceso. Pronto encontraremos la luz\u00bb. Lo que tiene claro es que quiere volver a disfrutar en la bicicleta. \u00abFernando Alonso: veinte a\u00f1os para volver a ganar un Mundial. El Oviedo: 25 a\u00f1os para volver a Primera. \u00bfQu\u00e9 es un a\u00f1o para uno de Oviedo?\u00bb, bromea optimista. <\/p>\n","protected":false},"excerpt":{"rendered":"El a\u00f1o 2025 quedar\u00e1 para siempre en la memoria de Pelayo S\u00e1nchez. El ciclista asturiano de Movistar ven\u00eda&hellip;\n","protected":false},"author":2,"featured_media":325174,"comment_status":"","ping_status":"","sticky":false,"template":"","format":"standard","meta":{"footnotes":""},"categories":[273],"tags":[45,75330,313,312,168,25,24,75331,14834,199,23,167,865],"class_list":{"0":"post-325173","1":"post","2":"type-post","3":"status-publish","4":"format-standard","5":"has-post-thumbnail","7":"category-ciclismo","8":"tag-45","9":"tag-catacumbas","10":"tag-ciclismo","11":"tag-cycling","12":"tag-deportes","13":"tag-es","14":"tag-espana","15":"tag-luchando","16":"tag-pelayo","17":"tag-sanchez","18":"tag-spain","19":"tag-sports","20":"tag-volver"},"share_on_mastodon":{"url":"https:\/\/pubeurope.com\/@es\/115845542852596948","error":""},"_links":{"self":[{"href":"https:\/\/www.europesays.com\/es\/wp-json\/wp\/v2\/posts\/325173","targetHints":{"allow":["GET"]}}],"collection":[{"href":"https:\/\/www.europesays.com\/es\/wp-json\/wp\/v2\/posts"}],"about":[{"href":"https:\/\/www.europesays.com\/es\/wp-json\/wp\/v2\/types\/post"}],"author":[{"embeddable":true,"href":"https:\/\/www.europesays.com\/es\/wp-json\/wp\/v2\/users\/2"}],"replies":[{"embeddable":true,"href":"https:\/\/www.europesays.com\/es\/wp-json\/wp\/v2\/comments?post=325173"}],"version-history":[{"count":0,"href":"https:\/\/www.europesays.com\/es\/wp-json\/wp\/v2\/posts\/325173\/revisions"}],"wp:featuredmedia":[{"embeddable":true,"href":"https:\/\/www.europesays.com\/es\/wp-json\/wp\/v2\/media\/325174"}],"wp:attachment":[{"href":"https:\/\/www.europesays.com\/es\/wp-json\/wp\/v2\/media?parent=325173"}],"wp:term":[{"taxonomy":"category","embeddable":true,"href":"https:\/\/www.europesays.com\/es\/wp-json\/wp\/v2\/categories?post=325173"},{"taxonomy":"post_tag","embeddable":true,"href":"https:\/\/www.europesays.com\/es\/wp-json\/wp\/v2\/tags?post=325173"}],"curies":[{"name":"wp","href":"https:\/\/api.w.org\/{rel}","templated":true}]}}