{"id":325177,"date":"2026-01-06T01:26:09","date_gmt":"2026-01-06T01:26:09","guid":{"rendered":"https:\/\/www.europesays.com\/es\/325177\/"},"modified":"2026-01-06T01:26:09","modified_gmt":"2026-01-06T01:26:09","slug":"cortes-y-caicedo-activan-la-operacion-salida-en-el-sporting-de-gijon","status":"publish","type":"post","link":"https:\/\/www.europesays.com\/es\/325177\/","title":{"rendered":"Cort\u00e9s y Caicedo activan la &#8216;operaci\u00f3n salida&#8217; en el Sporting de Gij\u00f3n"},"content":{"rendered":"<p><a class=\"v-mdl-ath__fig-a\" href=\"https:\/\/www.elcomercio.es\/autor\/javier-barrio-265.html\" title=\"Javier Barrio\" rel=\"nofollow noopener\" target=\"_blank\"><br \/>\n<img decoding=\"async\" class=\"v-mdl-ath__img\" src=\"https:\/\/www.europesays.com\/es\/wp-content\/uploads\/2025\/08\/autor-265-foto-1.jpeg\" alt=\"Javier Barrio\"\/><br \/>\n<\/a><\/p>\n<p class=\"v-mdl-ath__p v-mdl-ath__p--6\">\nLunes, 5 de enero 2026, 20:36<\/p>\n<p class=\"v-p\">El <a href=\"http:\/\/www.elcomercio.es\/sporting\/\" target=\"_blank\" title=\"Sporting de Gij\u00f3n\" data-voc-vtm-id=\"in-text-traffic\" data-mrf-link=\"www.elcomercio.es\" rel=\"nofollow noopener\">Sporting de Gij\u00f3n<\/a> empez\u00f3 2026 con derrota en el campo y una actividad fren\u00e9tica en los despachos. La &#8216;operaci\u00f3n salida&#8217; est\u00e1 en marcha. Como adelant\u00f3 EL COMERCIO, el colombiano Oscar Cort\u00e9s, que al menos ayer a mediod\u00eda todav\u00eda estaba en Gij\u00f3n, ultimaba ya su marcha como cedido al Hurac\u00e1n argentino. El club tambi\u00e9n ten\u00eda bastante encaminada la salida de Jordy Caicedo, un a\u00f1o y medio despu\u00e9s de su llegada. El Grupo Orlegi estudiaba una posibilidad de que volviera a salir a pr\u00e9stamo a otro destino hasta acabar contrato, lo que pod\u00eda resultar m\u00e1s ventajoso. En principio su destino, seg\u00fan informaban en Argentina, ser\u00eda tambi\u00e9n Hurac\u00e1n.<\/p>\n<p class=\"v-p\">La ofensiva abre de par en par la puerta a nuevos fichajes en este mercado de enero, que el viernes pasado dio el banderazo de salida. Por una parte, el Sporting obtendr\u00e1 aire salarial, lo que le permitir\u00e1 posicionarse con m\u00e1s fuerza por alguno de los jugadores en los que est\u00e1 interesado, y de paso dispondr\u00e1 de tres fichas libres. Eso no quiere decir que se vaya a precipitar la llegada de un nuevo futbolista. El club busca en principio un delantero y un atacante que pueda caer a banda, pero sus primeras opciones est\u00e1n condicionadas por el criterio de los equipos que tienen la propiedad de sus derechos.<\/p>\n<p class=\"v-p\">El Sporting ven\u00eda trabajando junto a los t\u00e9cnicos de Orlegi en estas dos salidas desde las \u00faltimas semanas de diciembre, como ha venido informando este diario. A ellos apunta a sumarse tambi\u00e9n el central franc\u00e9s Yann Kembo. Pero esta operaci\u00f3n, de momento, no est\u00e1 avanzada. Las de Cort\u00e9s y Caicedo, s\u00ed. Este martes, aunque est\u00e1 por ver, podr\u00edan no estar ya en Mareo.<\/p>\n<p class=\"v-p\">El colombiano no disput\u00f3 minutos en el partido contra el M\u00e1laga. Ni siquiera sali\u00f3 a calentar. Tampoco lo hizo el delantero ecuatoriano. Ayer, en la vuelta al trabajo, los dos estuvieron en Mareo y almorzaron con el resto de sus compa\u00f1eros. Pero, posteriormente, en una acci\u00f3n acordada con el club, ya no participaron en el entrenamiento grupal ante el riesgo a un contratiempo, mientras se avanzaba en sus desvinculaciones. A partir de ah\u00ed, la oficialidad de sus salidas podr\u00eda ser cuesti\u00f3n de horas, liberando, adem\u00e1s, las dos plazas reservadas para los extracomunitarios. <\/p>\n<p class=\"v-p\">En el caso de Cort\u00e9s, el Torneo Apertura argentino est\u00e1 previsto que comience el pr\u00f3ximo 24 de enero, en una ventana competitiva diferente. As\u00ed, el extremo, que ya ha competido esta temporada en el equipo protestante de Glasgow, que lo cedi\u00f3 al Sporting, encontrar\u00e1 un tercer destino validado por la reglamentaci\u00f3n FIFA. La operaci\u00f3n apunta a incluir una opci\u00f3n de compra.<\/p>\n<p class=\"v-p\"> Entre liga y Copa, Cort\u00e9s ha disputado apenas 355 minutos, sin contar para Asier Garitano ni para Borja Jim\u00e9nez, pese a que lleg\u00f3 a Gij\u00f3n con un prometedor cartel tras la inversi\u00f3n que el Rangers hab\u00eda realizado por \u00e9l (unos cinco millones de euros) y las expectativas que tiene puestas en Cort\u00e9s. Jordy Caicedo, por su parte, ha tenido un paso m\u00e1s prolongado y m\u00e1s discreto por el Sporting. Cedido por el Atlas en dos ocasiones, conviviendo con la cr\u00edtica por su bajo rendimiento, el delantero solo ha participado en un a\u00f1o y medio en 39 partidos, marcando 2 goles.<\/p>\n<p>Kembo, con mercado<\/p>\n<p class=\"v-p\">El que sigue todav\u00eda en din\u00e1mica de grupo es Yann Kembo, al que est\u00e1n siguiendo algunos clubes de Primera RFEF y ha entrado en alguna quiniela de Segunda. El central franc\u00e9s contin\u00faa ejercit\u00e1ndose con el grupo. En contraste con Oscar Cort\u00e9s y Jordy Caicedo, su salida no parece todav\u00eda ni madura ni cercana y, a nivel interno, Borja Jim\u00e9nez ya ha manifestado que no cuenta con \u00e9l. Prueba de ello es que se qued\u00f3 fuera de las convocatorias para los partidos ante el Legan\u00e9s y el M\u00e1laga.<\/p>\n<p>Reporta un error<\/p>\n","protected":false},"excerpt":{"rendered":"Lunes, 5 de enero 2026, 20:36 El Sporting de Gij\u00f3n empez\u00f3 2026 con derrota en el campo y&hellip;\n","protected":false},"author":2,"featured_media":325178,"comment_status":"","ping_status":"","sticky":false,"template":"","format":"standard","meta":{"footnotes":""},"categories":[268],"tags":[37892,4784,12706,168,25,24,280,282,2885,1965,281,23,4782,167],"class_list":{"0":"post-325177","1":"post","2":"type-post","3":"status-publish","4":"format-standard","5":"has-post-thumbnail","7":"category-futbol","8":"tag-activan","9":"tag-caicedo","10":"tag-cortes","11":"tag-deportes","12":"tag-es","13":"tag-espana","14":"tag-football","15":"tag-futbol","16":"tag-operacion","17":"tag-salida","18":"tag-soccer","19":"tag-spain","20":"tag-sporting","21":"tag-sports"},"share_on_mastodon":{"url":"https:\/\/pubeurope.com\/@es\/115845554717547095","error":""},"_links":{"self":[{"href":"https:\/\/www.europesays.com\/es\/wp-json\/wp\/v2\/posts\/325177","targetHints":{"allow":["GET"]}}],"collection":[{"href":"https:\/\/www.europesays.com\/es\/wp-json\/wp\/v2\/posts"}],"about":[{"href":"https:\/\/www.europesays.com\/es\/wp-json\/wp\/v2\/types\/post"}],"author":[{"embeddable":true,"href":"https:\/\/www.europesays.com\/es\/wp-json\/wp\/v2\/users\/2"}],"replies":[{"embeddable":true,"href":"https:\/\/www.europesays.com\/es\/wp-json\/wp\/v2\/comments?post=325177"}],"version-history":[{"count":0,"href":"https:\/\/www.europesays.com\/es\/wp-json\/wp\/v2\/posts\/325177\/revisions"}],"wp:featuredmedia":[{"embeddable":true,"href":"https:\/\/www.europesays.com\/es\/wp-json\/wp\/v2\/media\/325178"}],"wp:attachment":[{"href":"https:\/\/www.europesays.com\/es\/wp-json\/wp\/v2\/media?parent=325177"}],"wp:term":[{"taxonomy":"category","embeddable":true,"href":"https:\/\/www.europesays.com\/es\/wp-json\/wp\/v2\/categories?post=325177"},{"taxonomy":"post_tag","embeddable":true,"href":"https:\/\/www.europesays.com\/es\/wp-json\/wp\/v2\/tags?post=325177"}],"curies":[{"name":"wp","href":"https:\/\/api.w.org\/{rel}","templated":true}]}}