{"id":325195,"date":"2026-01-06T01:38:07","date_gmt":"2026-01-06T01:38:07","guid":{"rendered":"https:\/\/www.europesays.com\/es\/325195\/"},"modified":"2026-01-06T01:38:07","modified_gmt":"2026-01-06T01:38:07","slug":"fiscalia-de-argentina-propone-pedir-a-maduro-en-extradicion-dw-06-01-2026","status":"publish","type":"post","link":"https:\/\/www.europesays.com\/es\/325195\/","title":{"rendered":"Fiscal\u00eda de Argentina propone pedir a Maduro en extradici\u00f3n \u2013 DW \u2013 06\/01\/2026"},"content":{"rendered":"<p>El fiscal argentino, Carlos Stornelli, inst\u00f3 este lunes (05.01.2026) a la Justicia federal a que solicite a Estados Unidos la extradici\u00f3n de <a class=\"internal-link\" href=\"https:\/\/www.dw.com\/es\/nicol\u00e1s-maduro\/t-17409336\" rel=\"nofollow noopener\" target=\"_blank\">Nicol\u00e1s Maduro<\/a> por una causa que se tramita en tribunales del pa\u00eds suramericano y en la que se acusa al mandatario de cr\u00edmenes de lesa humanidad cometidos en <a class=\"internal-link\" href=\"https:\/\/www.dw.com\/es\/venezuela\/t-17410652\" rel=\"nofollow noopener\" target=\"_blank\">Venezuela<\/a>.<\/p>\n<p>Stornelli present\u00f3 un escrito dirigido al juez Sebasti\u00e1n Ramos, titular del Juzgado Nacional en lo Criminal y Correccional Federal N\u00b0 2, en el que hizo referencia a la detenci\u00f3n de Maduro por parte de Estados Unidos, y destac\u00f3 que pesa sobre \u00e9l un llamado a prestar declaraci\u00f3n indagatoria con orden de detenci\u00f3n vigente.<\/p>\n<p>En el escrito, al que tuvo acceso EFE, el fiscal destac\u00f3 que se trata de \u00abuna cuesti\u00f3n urgente en virtud del aludido estado de detenci\u00f3n\u00bb y pidi\u00f3, en referencia a la causa en curso en ese juzgado, \u00abque se inicie, por tanto, el procedimiento de extradici\u00f3n activa respecto de Nicol\u00e1s Maduro Moros, a los fines de que sea sometido al presente proceso\u00bb.<\/p>\n<p>El pedido del fiscal tiene lugar poco m\u00e1s de dos d\u00edas despu\u00e9s de que Estados Unidos atacara Venezuela y capturara a Maduro, que este lunes se present\u00f3 por primera vez ante el tribunal del Distrito Sur de Nueva York y <a class=\"internal-link\" href=\"https:\/\/www.dw.com\/es\/nicol\u00e1s-maduro-se-declara-inocente-ante-justicia-de-eeuu\/a-75400446\" rel=\"nofollow noopener\" target=\"_blank\">se declar\u00f3 inocente de los cargos de narcotr\u00e1fico<\/a> con los que la Administraci\u00f3n de Donald Trump justifica su detenci\u00f3n.\u00a0<\/p>\n<p>Orden de captura contra Maduro<\/p>\n<p>El caso abierto en su contra en Argentina se inici\u00f3 en 2023 por una denuncia por cr\u00edmenes de lesa humanidad presentada por el Foro Argentino para la Defensa de la Democracia (FADD) y basada en el principio de jurisdicci\u00f3n universal, que permite a los pa\u00edses procesar graves delitos contra los derechos humanos independientemente de d\u00f3nde se hayan cometido y de la nacionalidad de los responsables o sus v\u00edctimas.<\/p>\n<p>El juez Ramos orden\u00f3 en septiembre de 2024 la detenci\u00f3n de Maduro as\u00ed como tambi\u00e9n del ministro del Interior venezolano, Diosdado Cabello, y otros miembros del Gobierno de ese pa\u00eds.<\/p>\n<p>Tras aquella decisi\u00f3n, la C\u00e1mara Federal instruy\u00f3 que se notificara el pedido de captura a la Organizaci\u00f3n Internacional de Polic\u00eda Criminal (Interpol) y consider\u00f3 que la c\u00fapula del Gobierno venezolano ejecut\u00f3 \u00abun plan sistem\u00e1tico, a lo largo del tiempo y de manera organizada\u00bb en contra de la poblaci\u00f3n civil del pa\u00eds caribe\u00f1o mediante pr\u00e1cticas de \u00abpersecuci\u00f3n, secuestro, tortura y asesinato\u00bb.<\/p>\n<p>El Gobierno de Javier Milei fue uno de los primeros en apoyar p\u00fablicamente el ataque estadounidense del pasado s\u00e1bado y la captura de Maduro, a quien describi\u00f3 como una amenaza tanto para Venezuela como para toda la regi\u00f3n.<\/p>\n<p>mg (efe, Clar\u00edn)<\/p>\n<p>\u00a0<\/p>\n","protected":false},"excerpt":{"rendered":"El fiscal argentino, Carlos Stornelli, inst\u00f3 este lunes (05.01.2026) a la Justicia federal a que solicite a Estados&hellip;\n","protected":false},"author":2,"featured_media":325196,"comment_status":"","ping_status":"","sticky":false,"template":"","format":"standard","meta":{"footnotes":""},"categories":[42],"tags":[17,18,13,14,11,61,62,63,64,19,20,9,10,15,16,12,21,22,65,66,67],"class_list":{"0":"post-325195","1":"post","2":"type-post","3":"status-publish","4":"format-standard","5":"has-post-thumbnail","7":"category-internacional","8":"tag-breaking-news","9":"tag-breakingnews","10":"tag-featured-news","11":"tag-featurednews","12":"tag-headlines","13":"tag-internacional","14":"tag-international","15":"tag-international-news","16":"tag-internationalnews","17":"tag-latest-news","18":"tag-latestnews","19":"tag-news","20":"tag-noticias","21":"tag-noticias-destacadas","22":"tag-noticiasdestacadas","23":"tag-titulares","24":"tag-ultimas-noticias","25":"tag-ultimasnoticias","26":"tag-world","27":"tag-world-news","28":"tag-worldnews"},"share_on_mastodon":{"url":"https:\/\/pubeurope.com\/@es\/115845601965526075","error":""},"_links":{"self":[{"href":"https:\/\/www.europesays.com\/es\/wp-json\/wp\/v2\/posts\/325195","targetHints":{"allow":["GET"]}}],"collection":[{"href":"https:\/\/www.europesays.com\/es\/wp-json\/wp\/v2\/posts"}],"about":[{"href":"https:\/\/www.europesays.com\/es\/wp-json\/wp\/v2\/types\/post"}],"author":[{"embeddable":true,"href":"https:\/\/www.europesays.com\/es\/wp-json\/wp\/v2\/users\/2"}],"replies":[{"embeddable":true,"href":"https:\/\/www.europesays.com\/es\/wp-json\/wp\/v2\/comments?post=325195"}],"version-history":[{"count":0,"href":"https:\/\/www.europesays.com\/es\/wp-json\/wp\/v2\/posts\/325195\/revisions"}],"wp:featuredmedia":[{"embeddable":true,"href":"https:\/\/www.europesays.com\/es\/wp-json\/wp\/v2\/media\/325196"}],"wp:attachment":[{"href":"https:\/\/www.europesays.com\/es\/wp-json\/wp\/v2\/media?parent=325195"}],"wp:term":[{"taxonomy":"category","embeddable":true,"href":"https:\/\/www.europesays.com\/es\/wp-json\/wp\/v2\/categories?post=325195"},{"taxonomy":"post_tag","embeddable":true,"href":"https:\/\/www.europesays.com\/es\/wp-json\/wp\/v2\/tags?post=325195"}],"curies":[{"name":"wp","href":"https:\/\/api.w.org\/{rel}","templated":true}]}}