{"id":325197,"date":"2026-01-06T01:39:33","date_gmt":"2026-01-06T01:39:33","guid":{"rendered":"https:\/\/www.europesays.com\/es\/325197\/"},"modified":"2026-01-06T01:39:33","modified_gmt":"2026-01-06T01:39:33","slug":"entrega-de-llaves-de-la-ciudad-a-los-reyes-magos","status":"publish","type":"post","link":"https:\/\/www.europesays.com\/es\/325197\/","title":{"rendered":"Entrega de llaves de la ciudad a los Reyes Magos"},"content":{"rendered":"<p>\t\t\t\t\t\t<img loading=\"lazy\" decoding=\"async\" src=\"https:\/\/www.europesays.com\/es\/wp-content\/uploads\/2026\/01\/Entrega-de-llaves-5-scaled-thegem-blog-default.jpeg\" width=\"1170\" height=\"540\" class=\"img-responsive\" alt=\"Entrega llaves ciudad Reyes Magos\"\/><\/p>\n<p>El acto de entrega de llaves de la Ciudad llen\u00f3 anoche el teatro hasta la bandera.<\/p>\n<p>Presentado por Gladys Acevedo, este momento se ha convertido en uno de los m\u00e1s especiales de las fiestas. Hoy, los Reyes magos y todos los personajes m\u00e1gicos de nuestra Cabalgata se preparan ya para la salida del cortejo a las 17.00 horas desde el Pol\u00edgono El Limero.<\/p>\n<p>Ayer tuvieron lugar las visitas institucionales de Sus Majestades los Reyes Magos de Oriente, Cartera Real, Estrella de la Ilusi\u00f3n, Gran Visir, y Tientapanza. En la iglesia de San Juan adoraron al Ni\u00f1o. Posteriormente visitaron la Residencia PRODIS para saludar a los usuarios y entregarles regalos. Despu\u00e9s se trasladaron al Hospital, donde saludaron a las mam\u00e1s y pap\u00e1s de los ni\u00f1os reci\u00e9n nacidos en estos d\u00edas y a algunos ni\u00f1os ingresados. La ma\u00f1ana termin\u00f3 presentando sus respetos a Nuestra Se\u00f1ora del Valle, Patrona de \u00c9cija, en la Iglesia de Santa Cruz.<\/p>\n<p>Por la tarde continuaron llevando ilusi\u00f3n a quienes m\u00e1s la merecen con la visita a las residencias San Francisco de As\u00eds de APRONI, Vitalia y Residencia Madre.<\/p>\n<p><img loading=\"lazy\" decoding=\"async\" class=\"alignnone size-full wp-image-27487\" src=\"https:\/\/www.europesays.com\/es\/wp-content\/uploads\/2026\/01\/Entrega-de-llaves-1-scaled.jpeg\" alt=\"\" width=\"2560\" height=\"2560\"  \/><br \/>\n<img loading=\"lazy\" decoding=\"async\" class=\"alignnone size-full wp-image-27489\" src=\"https:\/\/www.europesays.com\/es\/wp-content\/uploads\/2026\/01\/Entrega-de-llaves-17-scaled.jpeg\" alt=\"\" width=\"1920\" height=\"2560\"  \/><\/p>\n<p>\t\t\t\t\t&#13;<br \/>\n\t&#13;<br \/>\n&#13;<\/p>\n<p>\t\t\t\t\t\t&#13;<\/p>\n","protected":false},"excerpt":{"rendered":"El acto de entrega de llaves de la Ciudad llen\u00f3 anoche el teatro hasta la bandera. Presentado por&hellip;\n","protected":false},"author":2,"featured_media":325198,"comment_status":"","ping_status":"","sticky":false,"template":"","format":"standard","meta":{"footnotes":""},"categories":[8],"tags":[17,18,36,25,24,13,14,11,19,20,75335,9,10,15,16,66523,23,12,21,22],"class_list":{"0":"post-325197","1":"post","2":"type-post","3":"status-publish","4":"format-standard","5":"has-post-thumbnail","7":"category-espana","8":"tag-breaking-news","9":"tag-breakingnews","10":"tag-entrega","11":"tag-es","12":"tag-espana","13":"tag-featured-news","14":"tag-featurednews","15":"tag-headlines","16":"tag-latest-news","17":"tag-latestnews","18":"tag-llaves-ciudad","19":"tag-news","20":"tag-noticias","21":"tag-noticias-destacadas","22":"tag-noticiasdestacadas","23":"tag-reyes-magos","24":"tag-spain","25":"tag-titulares","26":"tag-ultimas-noticias","27":"tag-ultimasnoticias"},"share_on_mastodon":{"url":"https:\/\/pubeurope.com\/@es\/115845605932229233","error":""},"_links":{"self":[{"href":"https:\/\/www.europesays.com\/es\/wp-json\/wp\/v2\/posts\/325197","targetHints":{"allow":["GET"]}}],"collection":[{"href":"https:\/\/www.europesays.com\/es\/wp-json\/wp\/v2\/posts"}],"about":[{"href":"https:\/\/www.europesays.com\/es\/wp-json\/wp\/v2\/types\/post"}],"author":[{"embeddable":true,"href":"https:\/\/www.europesays.com\/es\/wp-json\/wp\/v2\/users\/2"}],"replies":[{"embeddable":true,"href":"https:\/\/www.europesays.com\/es\/wp-json\/wp\/v2\/comments?post=325197"}],"version-history":[{"count":0,"href":"https:\/\/www.europesays.com\/es\/wp-json\/wp\/v2\/posts\/325197\/revisions"}],"wp:featuredmedia":[{"embeddable":true,"href":"https:\/\/www.europesays.com\/es\/wp-json\/wp\/v2\/media\/325198"}],"wp:attachment":[{"href":"https:\/\/www.europesays.com\/es\/wp-json\/wp\/v2\/media?parent=325197"}],"wp:term":[{"taxonomy":"category","embeddable":true,"href":"https:\/\/www.europesays.com\/es\/wp-json\/wp\/v2\/categories?post=325197"},{"taxonomy":"post_tag","embeddable":true,"href":"https:\/\/www.europesays.com\/es\/wp-json\/wp\/v2\/tags?post=325197"}],"curies":[{"name":"wp","href":"https:\/\/api.w.org\/{rel}","templated":true}]}}