{"id":325206,"date":"2026-01-06T01:50:08","date_gmt":"2026-01-06T01:50:08","guid":{"rendered":"https:\/\/www.europesays.com\/es\/325206\/"},"modified":"2026-01-06T01:50:08","modified_gmt":"2026-01-06T01:50:08","slug":"sara-carbonero-ingresada-de-urgencia-en-un-hospital-de-lanzarote","status":"publish","type":"post","link":"https:\/\/www.europesays.com\/es\/325206\/","title":{"rendered":"Sara Carbonero, ingresada de urgencia en un hospital de Lanzarote"},"content":{"rendered":"<p><a class=\"v-mdl-ath__fig-a\" href=\"https:\/\/www.lasprovincias.es\/autor\/maria-gardo-481.html\" title=\"Mar\u00eda Gard\u00f3\" rel=\"nofollow noopener\" target=\"_blank\"><br \/>\n<img decoding=\"async\" class=\"v-mdl-ath__img\" src=\"https:\/\/www.europesays.com\/es\/wp-content\/uploads\/2025\/07\/autor-481-foto-2.jpeg\" alt=\"Mar\u00eda Gard\u00f3\"\/><br \/>\n<\/a><\/p>\n<p class=\"v-mdl-ath__p v-mdl-ath__p--6\">\nLunes, 5 de enero 2026, 21:44<\/p>\n<p class=\"v-p\">Lo que para Sara Carbonero comenz\u00f3 como unas vacaciones id\u00edlicas para recibir el 2026 en las Islas Canarias se ha truncado debido a un problema de salud. La periodista permanece hospitalizada bajo observaci\u00f3n tras sentirse indispuesta el pasado 2 de enero.<\/p>\n<p class=\"v-p\">La noticia, adelantada por la revista &#8216;Semana&#8217;, ha generado una gran preocupaci\u00f3n en el entorno de Sara Carbonero. La presentadora y empresaria se encontraba en Lanzarote disfrutando de la recta final de las fiestas navide\u00f1as junto a su pareja, el empresario canario Jos\u00e9 Luis Cabrera, su socia e \u00edntima amiga Isabel Jim\u00e9nez y un grupo de allegados.<\/p>\n<p class=\"v-p\">Pese a que Sara comparti\u00f3 im\u00e1genes en sus redes sociales celebrando la llegada del nuevo a\u00f1o con mensajes positivos (\u00abBa\u00f1o en el mar, la isla m\u00e1s bonita y una compa\u00f1\u00eda excelente\u00bb), su estado cambi\u00f3 radicalmente el pasado viernes. Tras experimentar un malestar general y dolores intensos, acudi\u00f3 a los servicios de urgencias de un centro hospitalario de la isla, donde el equipo m\u00e9dico decidi\u00f3 su ingreso inmediato para controlar su evoluci\u00f3n.<\/p>\n<p class=\"v-p\">Desde que se conoci\u00f3 la noticia este lunes por la tarde, el c\u00edrculo \u00edntimo de la periodista ha hecho un llamamiento a la cautela y el respeto. Aunque existe cierta inquietud, no ha trascendido si este bache est\u00e1 relacionado con su historial m\u00e9dico previo (cabe recordar que fue diagnosticada de c\u00e1ncer de ovario en 2019 y ha pasado por varias intervenciones desde entonces).<\/p>\n<p class=\"v-p\">Fuentes cercanas confirman que su exmarido, Iker Casillas, est\u00e1 siendo informado puntualmente de la evoluci\u00f3n de la madre de sus hijos desde el primer momento.<\/p>\n<p>Reporta un error<\/p>\n","protected":false},"excerpt":{"rendered":"Lunes, 5 de enero 2026, 21:44 Lo que para Sara Carbonero comenz\u00f3 como unas vacaciones id\u00edlicas para recibir&hellip;\n","protected":false},"author":2,"featured_media":325207,"comment_status":"","ping_status":"","sticky":false,"template":"","format":"standard","meta":{"footnotes":""},"categories":[174],"tags":[72954,255,146,147,25,24,256,3345,23511,3641,10406,23,9849],"class_list":{"0":"post-325206","1":"post","2":"type-post","3":"status-publish","4":"format-standard","5":"has-post-thumbnail","7":"category-famosos","8":"tag-carbonero","9":"tag-celebrities","10":"tag-entertainment","11":"tag-entretenimiento","12":"tag-es","13":"tag-espana","14":"tag-famosos","15":"tag-hospital","16":"tag-ingresada","17":"tag-lanzarote","18":"tag-sara","19":"tag-spain","20":"tag-urgencia"},"share_on_mastodon":{"url":"https:\/\/pubeurope.com\/@es\/115845649082041418","error":""},"_links":{"self":[{"href":"https:\/\/www.europesays.com\/es\/wp-json\/wp\/v2\/posts\/325206","targetHints":{"allow":["GET"]}}],"collection":[{"href":"https:\/\/www.europesays.com\/es\/wp-json\/wp\/v2\/posts"}],"about":[{"href":"https:\/\/www.europesays.com\/es\/wp-json\/wp\/v2\/types\/post"}],"author":[{"embeddable":true,"href":"https:\/\/www.europesays.com\/es\/wp-json\/wp\/v2\/users\/2"}],"replies":[{"embeddable":true,"href":"https:\/\/www.europesays.com\/es\/wp-json\/wp\/v2\/comments?post=325206"}],"version-history":[{"count":0,"href":"https:\/\/www.europesays.com\/es\/wp-json\/wp\/v2\/posts\/325206\/revisions"}],"wp:featuredmedia":[{"embeddable":true,"href":"https:\/\/www.europesays.com\/es\/wp-json\/wp\/v2\/media\/325207"}],"wp:attachment":[{"href":"https:\/\/www.europesays.com\/es\/wp-json\/wp\/v2\/media?parent=325206"}],"wp:term":[{"taxonomy":"category","embeddable":true,"href":"https:\/\/www.europesays.com\/es\/wp-json\/wp\/v2\/categories?post=325206"},{"taxonomy":"post_tag","embeddable":true,"href":"https:\/\/www.europesays.com\/es\/wp-json\/wp\/v2\/tags?post=325206"}],"curies":[{"name":"wp","href":"https:\/\/api.w.org\/{rel}","templated":true}]}}