{"id":325208,"date":"2026-01-06T01:51:13","date_gmt":"2026-01-06T01:51:13","guid":{"rendered":"https:\/\/www.europesays.com\/es\/325208\/"},"modified":"2026-01-06T01:51:13","modified_gmt":"2026-01-06T01:51:13","slug":"quien-tiene-el-cristo-mas-grande-una-fe-monumental","status":"publish","type":"post","link":"https:\/\/www.europesays.com\/es\/325208\/","title":{"rendered":"\u00bfQui\u00e9n tiene el Cristo m\u00e1s grande? Una fe monumental"},"content":{"rendered":"<p>Hubo un tiempo en que la fe cab\u00eda en una cruz de madera, pero en las \u00faltimas d\u00e9cadas Cristo empez\u00f3 a crecer hasta hacerse colosal: su figura se ha alzado en estatuas gigantes que dominan paisajes enteros. No es una cuesti\u00f3n de trascendencia, sino de escala: traducir la fe en metros y el esp\u00edritu navide\u00f1o en n\u00famero de bombillas dice mucho de c\u00f3mo creemos hoy.<\/p>\n<p class=\"voc-paragraph\">En Indonesia se alza un Cristo de m\u00e1s de 60 metros de alto (incluyendo pedestal). Esta estatua, llamada Cristo de Buntu Burake, ostenta el r\u00e9cord de ser la m\u00e1s alta en un pa\u00eds de mayor\u00eda musulmana. Armenia, cuna del primer Estado cristiano, pretende destronar a los indonesios y avanza en la construcci\u00f3n de un Cristo de 33 metros que se elevar\u00e1 sobre un pedestal de casi 45. La estatua se instalar\u00e1 en la cumbre del monte Hatis, a 30 kil\u00f3metros de la capital, como \u00abs\u00edmbolo de fe, unidad y proyecci\u00f3n internacional de Armenia\u00bb, dice su impulsor y quien lo paga: el empresario Gagik Tsarukyan, aspirante a primer ministro, investigado en varias ocasiones por fraude electoral y evasi\u00f3n de impuestos. Tsarukyan afirma que supervisa personalmente su construcci\u00f3n.<\/p>\n<p class=\"voc-paragraph\">Hasta hace poco, el Cristo m\u00e1s elevado, por altura y ubicaci\u00f3n, era el archifamoso Corcovado, en R\u00edo de Janerio, pero incluso ese fue superado en su propio pa\u00eds. En el sur de Brasil, el Cristo Protector de Encantado, con 43 metros, ya supera en altura al icono carioca. Y Espa\u00f1a tambi\u00e9n ha decidido entrar en esta carrera simb\u00f3lica.<\/p>\n<p class=\"voc-paragraph\">En las afueras de Madrid, el municipio de Boadilla del Monte impulsa el Proyecto del Sagrado Coraz\u00f3n, una imagen de 37 metros de Jes\u00fas que, si se cumplen los plazos y se consiguen los doce millones que costar\u00eda el proyecto, podr\u00eda inaugurarse en 2030. La obra aspira a situar Espa\u00f1a en el mapa global de los Cristos monumentales.<\/p>\n<p class=\"voc-paragraph\">De momento, el buz\u00f3n de donativos apenas ha cubierto poco m\u00e1s del medio por ciento del presupuesto necesario. Aun as\u00ed, los promotores conf\u00edan en que la obra se inaugure en 2030 y asumen que generar\u00e1 pol\u00e9mica.<\/p>\n","protected":false},"excerpt":{"rendered":"Hubo un tiempo en que la fe cab\u00eda en una cruz de madera, pero en las \u00faltimas d\u00e9cadas&hellip;\n","protected":false},"author":2,"featured_media":325209,"comment_status":"","ping_status":"","sticky":false,"template":"","format":"standard","meta":{"footnotes":""},"categories":[173],"tags":[229,233,231,230,232,234,146,147,25,24,23],"class_list":{"0":"post-325208","1":"post","2":"type-post","3":"status-publish","4":"format-standard","5":"has-post-thumbnail","7":"category-arte-y-diseno","8":"tag-arte","9":"tag-arte-y-diseno","10":"tag-arts","11":"tag-arts-and-design","12":"tag-design","13":"tag-diseno","14":"tag-entertainment","15":"tag-entretenimiento","16":"tag-es","17":"tag-espana","18":"tag-spain"},"share_on_mastodon":{"url":"https:\/\/pubeurope.com\/@es\/115845652966494080","error":""},"_links":{"self":[{"href":"https:\/\/www.europesays.com\/es\/wp-json\/wp\/v2\/posts\/325208","targetHints":{"allow":["GET"]}}],"collection":[{"href":"https:\/\/www.europesays.com\/es\/wp-json\/wp\/v2\/posts"}],"about":[{"href":"https:\/\/www.europesays.com\/es\/wp-json\/wp\/v2\/types\/post"}],"author":[{"embeddable":true,"href":"https:\/\/www.europesays.com\/es\/wp-json\/wp\/v2\/users\/2"}],"replies":[{"embeddable":true,"href":"https:\/\/www.europesays.com\/es\/wp-json\/wp\/v2\/comments?post=325208"}],"version-history":[{"count":0,"href":"https:\/\/www.europesays.com\/es\/wp-json\/wp\/v2\/posts\/325208\/revisions"}],"wp:featuredmedia":[{"embeddable":true,"href":"https:\/\/www.europesays.com\/es\/wp-json\/wp\/v2\/media\/325209"}],"wp:attachment":[{"href":"https:\/\/www.europesays.com\/es\/wp-json\/wp\/v2\/media?parent=325208"}],"wp:term":[{"taxonomy":"category","embeddable":true,"href":"https:\/\/www.europesays.com\/es\/wp-json\/wp\/v2\/categories?post=325208"},{"taxonomy":"post_tag","embeddable":true,"href":"https:\/\/www.europesays.com\/es\/wp-json\/wp\/v2\/tags?post=325208"}],"curies":[{"name":"wp","href":"https:\/\/api.w.org\/{rel}","templated":true}]}}