{"id":325223,"date":"2026-01-06T02:01:08","date_gmt":"2026-01-06T02:01:08","guid":{"rendered":"https:\/\/www.europesays.com\/es\/325223\/"},"modified":"2026-01-06T02:01:08","modified_gmt":"2026-01-06T02:01:08","slug":"de-cuanto-es-la-pension-para-personas-adultas-mayores-en-2026-programas-para-el-bienestar","status":"publish","type":"post","link":"https:\/\/www.europesays.com\/es\/325223\/","title":{"rendered":"\u00bfDe cu\u00e1nto es la Pensi\u00f3n para Personas Adultas Mayores en 2026? &#8211; Programas para el Bienestar"},"content":{"rendered":"<ol>\n<li><a href=\"https:\/\/news.google.com\/rss\/articles\/CBMipAFBVV95cUxNanZZZGpZeU9rNU1DSjhKS01XQXhWcnV2eFNaYktUUmVuLVgtR2JsT2lEam9uQmNwdUYtdHNiRjF6ZWVGSGVOUF9UTWpzUzM5cnVqSUVjRDZ5b2h0Q3p6U1dpMXd3UnpSTE42c2F3YkhnYjNLSEtwT1p5MVBOVjh0VnE4Snp2QVB5QTRRa3h3SVdjUXlsV0FvRUFOSExFQTZtTmVjYg?oc=5\" target=\"_blank\" rel=\"nofollow noopener\">\u00bfDe cu\u00e1nto es la Pensi\u00f3n para Personas Adultas Mayores en 2026?<\/a>&nbsp;&nbsp;Programas para el Bienestar<\/li>\n<li><a href=\"https:\/\/news.google.com\/rss\/articles\/CBMivwFBVV95cUxQRE1QMndPWnVrN1JSb2pYV2JJeExCUndSX2I5cVU4VV8yUDJ4UllYYkJVUkVGbnJBZVpmX19VOGlKb2plOFNBeFhTY2JSQUphUVpNTDdMQmt3SHhvZHdvVjI1MmdSLXZzWExCQzc4TXdMdkJPYkVBVkZ1d0Jra21JclB0MnlsSzhoMlBfV21ZSzBqdk52NmFWcmJlbzJ2ekNVcjB2bUtIY3pjM3hpYXM4U18wZkR3OVNIMGN5Q3BfMA?oc=5\" target=\"_blank\" rel=\"nofollow noopener\">Aumento a la Pensi\u00f3n para el Bienestar: calendario de pagos y nuevo monto en 2026<\/a>&nbsp;&nbsp;EL PA\u00cdS<\/li>\n<li><a href=\"https:\/\/news.google.com\/rss\/articles\/CBMiqwFBVV95cUxQYzkwQTExVnFwald1d19UcjFweXpVM0VzamJUanZua0tQaGRpN08yd1dzY0p6dGFJVFc0azBVUVNKU2NUMzRpTDdGLUpPc0VsbHlGX0xNR1Q4LU5YNFBJaVI1RXYyV1pxMUFPc2ZiUWhVMUF3UTQxM252MFZuQzdkTUowemZ4S2R1SUo0cWRHdXJIMW80bzZ3UVJvZmxGaTBqSlk1TV90Qkd4a3PSAcYBQVVfeXFMT0xXZGR3WUVDcFRMY2FjZklzZkJ3VFhRQWdSeExIalVvU0RQMUM1ejNFeks2UUJHalRvS1V0VndKNm83M21xeERfWTBqYVJsVDctcWNsYmtLOE8wY2d1d2c3T2pWazhlQ3F2UUFWdC1NTXlzRE16WklGbzM3RlFadGgwRlEtZmpVdDhzckhMV3dnME1YS19VbXM0d2ZrUXA0OGwwWDdJR1pWUGtfZ2dCeVhnSGlOX0w0dVludGQ5d3dabjNMQTBn?oc=5\" target=\"_blank\" rel=\"nofollow noopener\">Pensi\u00f3n Bienestar 2026: \u00bfDe cu\u00e1nto dinero ser\u00e1n los pagos de enero?<\/a>&nbsp;&nbsp;Infobae<\/li>\n<li><a href=\"https:\/\/news.google.com\/rss\/articles\/CBMilAFBVV95cUxQVW52ZXJZd2Yzd3RiZnBZb1RHMWRmT0tJZjBpdy1zcGdkZWVydVB3OXdFdXdJQkpnaUFNMDN6RTNycm9EQ2xiYlJRUEJTTnYxTWwwWXpySGpNem5CS1gxWDZYVkFCYU5YYnpPWnJEejE1b0RNejQ5VmV1eHp6aEZ2R0h4V1BiVnFBREJnVUhGNnd4VGx5?oc=5\" target=\"_blank\" rel=\"nofollow noopener\">Sheinbaum confirma un bill\u00f3n de pesos para programas sociales<\/a>&nbsp;&nbsp;eldemocrata.com<\/li>\n<li><a href=\"https:\/\/news.google.com\/rss\/articles\/CBMi4gFBVV95cUxNRGY0ak9TVzd4b0FhVjYtalBiVllzUVJyN3QzbDJ0ZjlSS2JKeWJ0NE56RExvWmx0cXpaTUVNNnd4a2lZczlPdldzMVF2Zk90ZTl4c1lTYThUNlV6R0ZCOW5IeGJOemplUzhRaS1tOVRCbnpoQkx1cVlUcjFPU3BPWU5MOUl2OUl3aTBaOHJ1dWRiRzY0c2xJVFBCTTNFdHQzdmYyVTFNWk9Yc1lmaFFZLVJwUFhoZ05wb0lBanlZeno0UHU3UldWaHVYMXlMSmhINk9GTS1OcXk0UUJ2cVIwUmxR?oc=5\" target=\"_blank\" rel=\"nofollow noopener\">\u00bfAumentar\u00e1n los apoyos? Ariadna Montiel presenta nuevos montos de las pensiones del Bienestar para 2026 https:\/\/mile.io\/49oDSZ2<\/a>&nbsp;&nbsp;facebook.com<\/li>\n<\/ol>\n","protected":false},"excerpt":{"rendered":"\u00bfDe cu\u00e1nto es la Pensi\u00f3n para Personas Adultas Mayores en 2026?&nbsp;&nbsp;Programas para el Bienestar Aumento a la Pensi\u00f3n&hellip;\n","protected":false},"author":2,"featured_media":297172,"comment_status":"","ping_status":"","sticky":false,"template":"","format":"standard","meta":{"footnotes":""},"categories":[42],"tags":[17,18,13,14,11,61,62,63,64,19,20,9,10,15,16,12,21,22,65,66,67],"class_list":{"0":"post-325223","1":"post","2":"type-post","3":"status-publish","4":"format-standard","5":"has-post-thumbnail","7":"category-internacional","8":"tag-breaking-news","9":"tag-breakingnews","10":"tag-featured-news","11":"tag-featurednews","12":"tag-headlines","13":"tag-internacional","14":"tag-international","15":"tag-international-news","16":"tag-internationalnews","17":"tag-latest-news","18":"tag-latestnews","19":"tag-news","20":"tag-noticias","21":"tag-noticias-destacadas","22":"tag-noticiasdestacadas","23":"tag-titulares","24":"tag-ultimas-noticias","25":"tag-ultimasnoticias","26":"tag-world","27":"tag-world-news","28":"tag-worldnews"},"share_on_mastodon":{"url":"https:\/\/pubeurope.com\/@es\/115845692329217784","error":""},"_links":{"self":[{"href":"https:\/\/www.europesays.com\/es\/wp-json\/wp\/v2\/posts\/325223","targetHints":{"allow":["GET"]}}],"collection":[{"href":"https:\/\/www.europesays.com\/es\/wp-json\/wp\/v2\/posts"}],"about":[{"href":"https:\/\/www.europesays.com\/es\/wp-json\/wp\/v2\/types\/post"}],"author":[{"embeddable":true,"href":"https:\/\/www.europesays.com\/es\/wp-json\/wp\/v2\/users\/2"}],"replies":[{"embeddable":true,"href":"https:\/\/www.europesays.com\/es\/wp-json\/wp\/v2\/comments?post=325223"}],"version-history":[{"count":0,"href":"https:\/\/www.europesays.com\/es\/wp-json\/wp\/v2\/posts\/325223\/revisions"}],"wp:featuredmedia":[{"embeddable":true,"href":"https:\/\/www.europesays.com\/es\/wp-json\/wp\/v2\/media\/297172"}],"wp:attachment":[{"href":"https:\/\/www.europesays.com\/es\/wp-json\/wp\/v2\/media?parent=325223"}],"wp:term":[{"taxonomy":"category","embeddable":true,"href":"https:\/\/www.europesays.com\/es\/wp-json\/wp\/v2\/categories?post=325223"},{"taxonomy":"post_tag","embeddable":true,"href":"https:\/\/www.europesays.com\/es\/wp-json\/wp\/v2\/tags?post=325223"}],"curies":[{"name":"wp","href":"https:\/\/api.w.org\/{rel}","templated":true}]}}