{"id":325224,"date":"2026-01-06T02:02:37","date_gmt":"2026-01-06T02:02:37","guid":{"rendered":"https:\/\/www.europesays.com\/es\/325224\/"},"modified":"2026-01-06T02:02:37","modified_gmt":"2026-01-06T02:02:37","slug":"benidorm-retransmite-la-cabalgata-de-reyes-a-traves-del-canal-de-youtube-de-onda-benidorm","status":"publish","type":"post","link":"https:\/\/www.europesays.com\/es\/325224\/","title":{"rendered":"Benidorm retransmite la Cabalgata de Reyes a trav\u00e9s del canal de Youtube de Onda Benidorm"},"content":{"rendered":"<p>El Ayuntamiento de Benidorm retransmitir\u00e1 esta tarde en directo la Cabalgata de Reyes a trav\u00e9s del canal oficial de Youtube de Onda Benidorm, pinchando en el enlace <a href=\"https:\/\/www.youtube.com\/live\/GsYY7k5IdZQ\" rel=\"nofollow noopener\" target=\"_blank\">https:\/\/www.youtube.com\/live\/GsYY7k5IdZQ<\/a> . As\u00ed lo ha trasladado el alcalde de la ciudad, Toni P\u00e9rez, quien ha se\u00f1alado que \u201ccomo venimos haciendo ya desde hace a\u00f1os, la intenci\u00f3n es acercar la magia y la ilusi\u00f3n de la llegada a nuestra ciudad de Melchor, Gaspar y Baltasar a todos los hogares, a cualquier punto de Benidorm, de Espa\u00f1a y del mundo. Y en esta ocasi\u00f3n, con m\u00e1s motivo debido a la lluvia, que va a impedir a mucha gente poder disfrutar del paso de Sus Majestades por nuestras calles\u201d.\u00a0<\/p>\n<p>Como ya se avanz\u00f3 ayer, el Consistorio ha cambiado de ubicaci\u00f3n la celebraci\u00f3n de esta tradicional Cabalgata, traslad\u00e1ndola al Palau d\u2019Esports L\u2019Illa de Benidorm, debido a la previsi\u00f3n de lluvias durante toda la jornada de hoy. Para facilitar el acceso de la ciudadan\u00eda, se han dispuesto una serie de medidas para desplazarse hasta el Palau, que tambi\u00e9n se completar\u00e1n con la retransmisi\u00f3n en directo del evento, a partir de las 18 horas, para quienes no puedan desplazarse o prefieran verlo desde sus hogares. \u00a0<\/p>\n<p>Adem\u00e1s, se recuerda a las personas que quieran acudir al Palau que habr\u00e1 un servicio gratuito de autobuses lanzadera a las 17 horas, que saldr\u00e1 de las siguientes paradas: calle Langreo (Hotel Bali), calle Esperanto (Hotel Madeira), avenida del Mediterr\u00e1neo (Casino Mediterr\u00e1neo) y avenida Jaime I (frente a la gasolinera BP).\u00a0<\/p>\n<p>Asimismo, quienes deseen desplazarse en su veh\u00edculo particular podr\u00e1n estacionar en el aparcamiento subterr\u00e1neo del Palau, en el parking en superficie, as\u00ed como tambi\u00e9n en el Salt de l\u2019Aig\u00fca y en los aparcamientos disuasorios asfaltados situados en el complejo escolar.<\/p>\n<p>La entrada a este recinto es libre hasta completar el aforo.\u00a0<\/p>\n","protected":false},"excerpt":{"rendered":"El Ayuntamiento de Benidorm retransmitir\u00e1 esta tarde en directo la Cabalgata de Reyes a trav\u00e9s del canal oficial&hellip;\n","protected":false},"author":2,"featured_media":325225,"comment_status":"","ping_status":"","sticky":false,"template":"","format":"standard","meta":{"footnotes":""},"categories":[8],"tags":[17,18,25,24,13,14,43,11,19,20,41214,9,10,15,16,75336,23,12,21,22],"class_list":{"0":"post-325224","1":"post","2":"type-post","3":"status-publish","4":"format-standard","5":"has-post-thumbnail","7":"category-espana","8":"tag-breaking-news","9":"tag-breakingnews","10":"tag-es","11":"tag-espana","12":"tag-featured-news","13":"tag-featurednews","14":"tag-fiestas","15":"tag-headlines","16":"tag-latest-news","17":"tag-latestnews","18":"tag-marilo-cebreros","19":"tag-news","20":"tag-noticias","21":"tag-noticias-destacadas","22":"tag-noticiasdestacadas","23":"tag-retrasmision-cabalgata","24":"tag-spain","25":"tag-titulares","26":"tag-ultimas-noticias","27":"tag-ultimasnoticias"},"share_on_mastodon":{"url":"https:\/\/pubeurope.com\/@es\/115845696587731121","error":""},"_links":{"self":[{"href":"https:\/\/www.europesays.com\/es\/wp-json\/wp\/v2\/posts\/325224","targetHints":{"allow":["GET"]}}],"collection":[{"href":"https:\/\/www.europesays.com\/es\/wp-json\/wp\/v2\/posts"}],"about":[{"href":"https:\/\/www.europesays.com\/es\/wp-json\/wp\/v2\/types\/post"}],"author":[{"embeddable":true,"href":"https:\/\/www.europesays.com\/es\/wp-json\/wp\/v2\/users\/2"}],"replies":[{"embeddable":true,"href":"https:\/\/www.europesays.com\/es\/wp-json\/wp\/v2\/comments?post=325224"}],"version-history":[{"count":0,"href":"https:\/\/www.europesays.com\/es\/wp-json\/wp\/v2\/posts\/325224\/revisions"}],"wp:featuredmedia":[{"embeddable":true,"href":"https:\/\/www.europesays.com\/es\/wp-json\/wp\/v2\/media\/325225"}],"wp:attachment":[{"href":"https:\/\/www.europesays.com\/es\/wp-json\/wp\/v2\/media?parent=325224"}],"wp:term":[{"taxonomy":"category","embeddable":true,"href":"https:\/\/www.europesays.com\/es\/wp-json\/wp\/v2\/categories?post=325224"},{"taxonomy":"post_tag","embeddable":true,"href":"https:\/\/www.europesays.com\/es\/wp-json\/wp\/v2\/tags?post=325224"}],"curies":[{"name":"wp","href":"https:\/\/api.w.org\/{rel}","templated":true}]}}