{"id":325226,"date":"2026-01-06T02:03:10","date_gmt":"2026-01-06T02:03:10","guid":{"rendered":"https:\/\/www.europesays.com\/es\/325226\/"},"modified":"2026-01-06T02:03:10","modified_gmt":"2026-01-06T02:03:10","slug":"la-ocde-adapta-el-impuesto-minimo-a-las-multinacionales-a-las-exigencias-de-ee-uu-economia","status":"publish","type":"post","link":"https:\/\/www.europesays.com\/es\/325226\/","title":{"rendered":"La OCDE adapta el impuesto m\u00ednimo a las multinacionales a las exigencias de EE UU | Econom\u00eda"},"content":{"rendered":"<p class=\"\">La Organizaci\u00f3n para la Cooperaci\u00f3n y el Desarrollo Econ\u00f3micos (OCDE) ha anunciado este lunes cambios en la determinaci\u00f3n y el funcionamiento del <a href=\"https:\/\/elpais.com\/economia\/2021-10-08\/la-ocde-logra-el-acuerdo-de-136-paises-y-fija-en-15-el-gravamen-internacional-de-las-multinacionales.html\" target=\"_self\" rel=\"nofollow noopener\" title=\"https:\/\/elpais.com\/economia\/2021-10-08\/la-ocde-logra-el-acuerdo-de-136-paises-y-fija-en-15-el-gravamen-internacional-de-las-multinacionales.html\">impuesto m\u00ednimo a las multinacionales<\/a> que eximir\u00e1n a las empresas estadounidenses del tributo, tal y como hab\u00eda exigido Washington. La Administraci\u00f3n de Donald Trump se opuso diametralmente al gravamen, que fue inicialmente apoyado por su antecesor Joe Biden, aunque el Congreso estadounidense nunca lleg\u00f3 a ratificarlo. El magnate neoyorquino, que volvi\u00f3 el a\u00f1o pasado a tomar las riendas del Despacho Oval, aleg\u00f3 que era discriminatorio para las firmas norteamericanas y amenaz\u00f3 con imponer impuestos en represalia a los pa\u00edses que gravaran a las corporaciones estadounidenses bajo el marco acordado en la OCDE.<\/p>\n<p class=\"\">La hoja de ruta ya ven\u00eda marcada desde el pasado verano, cuando el grupo del G-7, que re\u00fane a las siete mayores econom\u00edas del mundo, <a href=\"https:\/\/elpais.com\/economia\/2025-06-28\/el-g-7-alcanza-un-acuerdo-para-eximir-del-impuesto-minimo-a-las-multinacionales-estadounidenses.html\" target=\"_self\" rel=\"nofollow noopener\" title=\"https:\/\/elpais.com\/economia\/2025-06-28\/el-g-7-alcanza-un-acuerdo-para-eximir-del-impuesto-minimo-a-las-multinacionales-estadounidenses.html\">acord\u00f3 eximir a las multinacionales estadounidenses del impuesto m\u00ednimo del 15%<\/a> a las grandes corporaciones acordado en 2021 en seno internacional. Este lunes, la exoneraci\u00f3n ha sido confirmada en un acuerdo suscrito por los m\u00e1s de 145 pa\u00edses y jurisdicciones que trabajan en el denominado Marco Inclusivo de la OCDE-G20 \u2014conformado en 2016 para frenar la elusi\u00f3n fiscal corporativa\u2014. <\/p>\n<p class=\"\"><a href=\"https:\/\/www.oecd.org\/content\/dam\/oecd\/en\/topics\/policy-sub-issues\/global-minimum-tax\/side-by-side-package.pdf\" target=\"_self\" rel=\"nofollow noopener\" title=\"https:\/\/www.oecd.org\/content\/dam\/oecd\/en\/topics\/policy-sub-issues\/global-minimum-tax\/side-by-side-package.pdf\">El acuerdo<\/a> reconoce una exenci\u00f3n del gravamen a los pa\u00edses que cumplen con determinados criterios, una lista en la cual a d\u00eda de hoy solo aparece Estados Unidos. En la pr\u00e1ctica, se acepta que no se aplique el impuesto m\u00ednimo del 15% a las multinacionales estadounidenses puesto que Washington ya cuenta con un sistema para gravar los beneficios que sus corporaciones obtienen en el extranjero, una especie de impuesto m\u00ednimo nacional calculado seg\u00fan reglas distintas a las internacionales que la Administraci\u00f3n Trump \u2014que lo puso en marcha durante su primer mandato\u2014 reivindicaba como alternativo al acordado en \u00e1mbito internacional. <\/p>\n<p class=\"\">\u201cSe ha hecho una suerte de traje a medida para Estados Unidos\u201d, contextualiza F\u00e9lix Mart\u00ednez, profesor de Derecho Financiero y Tributario en la Universidad Aut\u00f3noma de Madrid (UAM). \u201cEl pilar dos [como se conoce en jerga el impuesto m\u00ednimo del 15% a las multinacionales] ya estaba cerrado, pero quedaba un escollo: Estados Unidos lo rechazaba porque tiene su propio sistema. Ahora se le da una ventaja competitiva, porque las multinacionales de EE UU no van a tener que cumplir con todos los criterios que se exigen a las de otros pa\u00edses que aplican el pilar dos\u201d.<\/p>\n<p class=\"\">El impuesto m\u00ednimo se acord\u00f3 en 2021 entre m\u00e1s de<a href=\"https:\/\/elpais.com\/economia\/2021-07-01\/las-principales-economias-mundiales-logran-un-historico-acuerdo-para-hacer-tributar-mas-a-las-multinacionales.html\" rel=\"nofollow noopener\" title=\"https:\/\/elpais.com\/economia\/2021-07-01\/las-principales-economias-mundiales-logran-un-historico-acuerdo-para-hacer-tributar-mas-a-las-multinacionales.html\" target=\"_blank\"> 130 pa\u00edses<\/a>, con el objetivo de frenar la elusi\u00f3n fiscal de las mayores multinacionales \u2014aquellas que facturan m\u00e1s de 750 millones euros\u2014 y limitar la competencia a la baja en el impuesto de sociedades entre pa\u00edses. El acuerdo fue recibido entonces como hist\u00f3rico, puesto que nunca se hab\u00eda alcanzado un consenso tan amplio a nivel internacional sobre una materia tan compleja y delicada, sobre la cual los Estados tienen plena soberan\u00eda.<\/p>\n<p class=\"\">Estados Unidos, sede de las principales multinacionales del globo, se fue mostrando cada vez m\u00e1s reacio al acuerdo, hasta llegar a la ruptura total tras la victoria electoral de Trump. La UE, en cambio, ya ha plasmado el impuesto m\u00ednimo en una directiva que los Estados miembros <a href=\"https:\/\/elpais.com\/economia\/2025-04-03\/el-gobierno-aprueba-el-reglamento-que-adapta-la-tasa-minima-a-las-multinacionales-a-la-ley-europea.html\" target=\"_self\" rel=\"nofollow noopener\" title=\"https:\/\/elpais.com\/economia\/2025-04-03\/el-gobierno-aprueba-el-reglamento-que-adapta-la-tasa-minima-a-las-multinacionales-a-la-ley-europea.html\">han tenido que trasponer<\/a> en sus legislaciones nacionales, y que tras los \u00faltimos cambios se queda desfasada. <\/p>\n<p>\u201cDecisi\u00f3n hist\u00f3rica\u201d<\/p>\n<p class=\"\">La instituci\u00f3n multilateral ha presentado el cambio como un \u201cacuerdo pol\u00edtico y t\u00e9cnico significativo que sentar\u00e1 las bases para la estabilidad y la certeza en el sistema tributario internacional\u201d. \u201cEste acuerdo del Marco Inclusivo, que incluye a m\u00e1s de 145 pa\u00edses, constituye una decisi\u00f3n hist\u00f3rica en la cooperaci\u00f3n fiscal internacional\u201d, ha afirmado el secretario General de la OCDE, Mathias Cormann, en un comunicado difundido por la instituci\u00f3n.<\/p>\n<p class=\"\">La OCDE ha subrayado que el consenso se ha alcanzado \u201ctras meses de intensas negociaciones\u201d, y que la revisi\u00f3n llevada a cabo fija \u201clos elementos clave de un paquete que marca el camino a seguir para la operaci\u00f3n coordinada de los acuerdos de impuestos m\u00ednimos globales en el contexto de una econom\u00eda digitalizada y globalizada\u201d. <\/p>\n<p class=\"\">Este paquete est\u00e1 conformado por cinco componentes de car\u00e1cter t\u00e9cnico, seg\u00fan detalla el propio organismo, que ha agregado que en las pr\u00f3ximas semanas pondr\u00e1 a disposici\u00f3n m\u00e1s informaci\u00f3n y realizar\u00e1 un seminario en l\u00ednea para facilitar su implementaci\u00f3n. El primero de ellos tiene que ver con una simplificaci\u00f3n de las cargas para calcular y presentar los informes relativos al impuesto m\u00ednimo, tanto para multinacionales como para autoridades fiscales. <\/p>\n<p class=\"\">Adem\u00e1s, el acuerdo armoniza el tratamiento de los incentivos fiscales corporativos a nivel mundial e introduce nuevas salvaguardias para los grupos multinacionales cuya entidad matriz \u201cse encuentre en una jurisdicci\u00f3n elegible que cumpla con los requisitos m\u00ednimos de tributaci\u00f3n\u201d, justo el elemento que abre la puerta a que las empresas con matriz en Estados Unidos esquiven el impuesto.<\/p>\n<p class=\"\">\u201cAhora el pilar dos queda cojo, porque uno de sus objetivos era tener reglas comunes para conseguir esa tributaci\u00f3n m\u00ednima, y dibuja un multilateralismo a dos niveles: el resto del mundo y EE UU\u201d, concluye Mart\u00ednez.<\/p>\n","protected":false},"excerpt":{"rendered":"La Organizaci\u00f3n para la Cooperaci\u00f3n y el Desarrollo Econ\u00f3micos (OCDE) ha anunciado este lunes cambios en la determinaci\u00f3n&hellip;\n","protected":false},"author":2,"featured_media":325227,"comment_status":"","ping_status":"","sticky":false,"template":"","format":"standard","meta":{"footnotes":""},"categories":[5],"tags":[17,18,352,95,2308,18192,25,24,629,75338,13,14,75337,11,10760,766,19,20,9,10,15,16,57198,23,12,21,22],"class_list":{"0":"post-325226","1":"post","2":"type-post","3":"status-publish","4":"format-standard","5":"has-post-thumbnail","7":"category-titulares","8":"tag-breaking-news","9":"tag-breakingnews","10":"tag-donald-trump","11":"tag-economia","12":"tag-empresas","13":"tag-empresas-multinacionales","14":"tag-es","15":"tag-espana","16":"tag-estados-unidos","17":"tag-evasion-capitales","18":"tag-featured-news","19":"tag-featurednews","20":"tag-g-7","21":"tag-headlines","22":"tag-impuesto-sociedades","23":"tag-impuestos","24":"tag-latest-news","25":"tag-latestnews","26":"tag-news","27":"tag-noticias","28":"tag-noticias-destacadas","29":"tag-noticiasdestacadas","30":"tag-ocde","31":"tag-spain","32":"tag-titulares","33":"tag-ultimas-noticias","34":"tag-ultimasnoticias"},"share_on_mastodon":{"url":"https:\/\/pubeurope.com\/@es\/115845700190666194","error":""},"_links":{"self":[{"href":"https:\/\/www.europesays.com\/es\/wp-json\/wp\/v2\/posts\/325226","targetHints":{"allow":["GET"]}}],"collection":[{"href":"https:\/\/www.europesays.com\/es\/wp-json\/wp\/v2\/posts"}],"about":[{"href":"https:\/\/www.europesays.com\/es\/wp-json\/wp\/v2\/types\/post"}],"author":[{"embeddable":true,"href":"https:\/\/www.europesays.com\/es\/wp-json\/wp\/v2\/users\/2"}],"replies":[{"embeddable":true,"href":"https:\/\/www.europesays.com\/es\/wp-json\/wp\/v2\/comments?post=325226"}],"version-history":[{"count":0,"href":"https:\/\/www.europesays.com\/es\/wp-json\/wp\/v2\/posts\/325226\/revisions"}],"wp:featuredmedia":[{"embeddable":true,"href":"https:\/\/www.europesays.com\/es\/wp-json\/wp\/v2\/media\/325227"}],"wp:attachment":[{"href":"https:\/\/www.europesays.com\/es\/wp-json\/wp\/v2\/media?parent=325226"}],"wp:term":[{"taxonomy":"category","embeddable":true,"href":"https:\/\/www.europesays.com\/es\/wp-json\/wp\/v2\/categories?post=325226"},{"taxonomy":"post_tag","embeddable":true,"href":"https:\/\/www.europesays.com\/es\/wp-json\/wp\/v2\/tags?post=325226"}],"curies":[{"name":"wp","href":"https:\/\/api.w.org\/{rel}","templated":true}]}}