{"id":325234,"date":"2026-01-06T02:13:13","date_gmt":"2026-01-06T02:13:13","guid":{"rendered":"https:\/\/www.europesays.com\/es\/325234\/"},"modified":"2026-01-06T02:13:13","modified_gmt":"2026-01-06T02:13:13","slug":"llevaba-sus-cenizas-todos-los-dias-en-una-bolsita","status":"publish","type":"post","link":"https:\/\/www.europesays.com\/es\/325234\/","title":{"rendered":"Llevaba sus cenizas todos los d\u00edas en una bolsita"},"content":{"rendered":"<p id=\"ed3d5ZxOHn\" data-wc=\"126\"><strong>Amparo Larra\u00f1aga<\/strong> pertenece a una de las sagas m\u00e1s conocidas de la historia de la interpretaci\u00f3n. A pesar de que, en un primer momento, quiso ser enfermera o m\u00e9dico, finalmente no llev\u00f3 a cabo sus planes porque su abuelo se empe\u00f1\u00f3 en que deb\u00eda dedicarse al mundo del espect\u00e1culo. A los 18 a\u00f1os debut\u00f3 ante las c\u00e1maras y ya no se alej\u00f3 nunca de la industria del entretenimiento. Aunque ha convivido durante toda su vida con el hecho de ser conocida y de pertenecer a una familia de artistas, siempre ha sido muy discreta con su vida privada. Este lunes 5 de enero acudi\u00f3 al programa Y ahora, Sonsoles<a class=\"hm-link ho-link\" href=\"https:\/\/www.hola.com\/actualidad\/20230326228747\/amparo-larranaga-60-cumpleanos-tras-operacion-corazon\/\" data-mrf-recirculation=\"article-body-link\" rel=\"nofollow noopener\" target=\"_blank\">, donde ha hablado de su lado m\u00e1s personal<\/a> y de los momentos m\u00e1s complicados de su vida.<\/p>\n<p> <img src=\"https:\/\/www.europesays.com\/es\/wp-content\/uploads\/2026\/01\/131fedeea65e-dlu573067019.jpg\"   width=\"1024\" height=\"682\" loading=\"lazy\" decoding=\"async\" alt=\"Amparo durante la presentaci\u00f3n de &quot;Fitzroy&quot;\" fetchpriority=\"auto\" class=\"image ho-image\"\/>\u00a9 GTRESAmparo durante la presentaci\u00f3n de \u00abFitzroy\u00bb<\/p>\n<p id=\"eTIi7sndEC\" data-wc=\"105\">Sonsoles \u00d3nega ha recibido a la int\u00e9rprete con un caluroso aplauso y proyectando un emotivo v\u00eddeo sobre los 47 a\u00f1os de trayectoria profesional de Larra\u00f1aga. En la actualidad, la actriz ha dejado de lado las series de televisi\u00f3n y se centra en el teatro, lo que considera su \u00abverdadera pasi\u00f3n\u00bb. De hecho, acudi\u00f3 al programa televisivo para presentar su obra, Victoria, la cual \u00abtrata sobre temas familiares, el nido vac\u00edo, pero todo desde el punto de vista del humor\u00bb. Justo en este momento de la conversaci\u00f3n, confes\u00f3 que sus hijos, como todos los j\u00f3venes, tienen<strong>\u00a0\u00abproblemas y dificultades con la vivienda si no les ayudo\u00bb.<\/strong><\/p>\n<p> <img src=\"https:\/\/www.europesays.com\/es\/wp-content\/uploads\/2026\/01\/88549df7c65b-con-sonsoles.jpg\"   width=\"1024\" height=\"710\" loading=\"lazy\" decoding=\"async\" alt=\"Durante su entrevista con Sonsoles \u00d3nega\" fetchpriority=\"auto\" class=\"image ho-image\"\/>\u00a9 Antena 3Durante su entrevista con Sonsoles \u00d3nega<\/p>\n<p id=\"eu8yveJmmV\" data-wc=\"77\">Posteriormente, Sonsoles \u00d3nega <a class=\"hm-link ho-link\" href=\"https:\/\/www.hola.com\/actualidad\/20230208226061\/amparo-larranaga-operacion-corazon-vuelve-trabajo\/\" data-mrf-recirculation=\"article-body-link\" rel=\"nofollow noopener\" target=\"_blank\">ha querido hablar sobre el padre de la actriz<\/a>. \u00abDurante mucho tiempo has llevado encima sus cenizas\u00bb, ha dicho la presentadora. Unas palabras que ha recogido Amparo: \u00abYa las hemos echado. Las hemos tirado. Las tiras y ya est\u00e1\u00bb. Su padre, Carlos Larra\u00f1aga, siempre confi\u00f3 en el talento de su hija y, mucho antes de su primer papel, cont\u00f3 que la artista ya apuntaba maneras para seguir sus pasos y dedicarse a la interpretaci\u00f3n.<\/p>\n<p> <img src=\"https:\/\/www.europesays.com\/es\/wp-content\/uploads\/2026\/01\/bfa3755ad7d9-dlu593154008.jpg\"   width=\"682\" height=\"1024\" loading=\"lazy\" decoding=\"async\" alt=\"Actuando en su proyecto, 'Victoria' en Madrid\" fetchpriority=\"auto\" class=\"image ho-image\"\/>\u00a9 GTRESActuando en su proyecto, &#8216;Victoria&#8217; en Madrid<\/p>\n<p id=\"eO4sEFhcn8\" data-wc=\"89\">\u201c\u00bfC\u00f3mo es llevar las cenizas de tu padre encima? \u00bfEn un bolso?\u201d, ha querido saber Sonsoles \u00d3nega. \u201cA ver, <strong>la muerte de mi padre para m\u00ed fue horrorosa.<\/strong> Lo pas\u00e9 muy mal; estuve con \u00e9l todo el tiempo en hospitales y UCI, y para m\u00ed fue muy traum\u00e1tico. Luego hice una obra sobre la muerte de un padre. Al principio dije que no quer\u00eda hacerla, pero finalmente la hice, y reci\u00e9n fallecido mi padre, imag\u00ednate, hacer una obra que comienza con la muerte de un progenitor\u201d, ha comenzado confesando.\u00a0<\/p>\n<p id=\"eK_7W7OtDg6\" data-wc=\"95\">Posteriormente<a class=\"hm-link ho-link\" href=\"https:\/\/www.hola.com\/actualidad\/20251125869514\/amparo-larranaga-asalto-navaja-embarazada\/\" data-mrf-recirculation=\"article-body-link\" rel=\"nofollow noopener\" target=\"_blank\">\u00a0ha continuado relatando c\u00f3mo vivi\u00f3\u00a0<\/a>la muerte de su padre: \u201cAl principio no pod\u00eda tirar sus cenizas<strong>; las llevaba a todos lados en una bolsita.<\/strong> Incluso les pon\u00eda pel\u00edculas en casa de mi hermano. Una locura. Luego esto se fue normalizando. Finalmente, ya las tiramos, y fue un desastre absoluto: fuimos al Pardo, nos perdimos al volver al coche, y la idea de meter la mano y dejarlas ir me daba miedo. Al final lo hizo mi hermano Luis, pero el viento nos devolvi\u00f3 algunas. \u00cdbamos todos de negro y terminamos todos de gris\u201d.<\/p>\n<p> <img src=\"https:\/\/www.europesays.com\/es\/wp-content\/uploads\/2026\/01\/ce69f237e4f5-dlu593154004.jpg\"   width=\"1024\" height=\"682\" loading=\"lazy\" decoding=\"async\" alt=\"Recuerda a su padre como &quot;el amor de mi vida&quot;\" fetchpriority=\"auto\" class=\"image ho-image\"\/>\u00a9 GTRESRecuerda a su padre como \u00abel amor de mi vida\u00bb<\/p>\n<p id=\"eK-Z1evy40\" data-wc=\"78\">\u00abYo era la ni\u00f1a de sus ojos. Bueno, Paula tambi\u00e9n. Yo era su c\u00f3mplice, su amiga y era el amor de mi vida. Era el hombre m\u00e1s guapo que he conocido en mi vida\u00bb, ha dicho muy emocionada Amparo. <strong>\u00abYo ten\u00eda muy claro que era el amor de mi vida pero mi madre sufr\u00eda mucho,<\/strong> antes se sufr\u00eda de otra manera. Ella siempre dec\u00eda que mi padre se enamoraba todos los d\u00edas de otras\u00bb, ha contado entre risas.<\/p>\n","protected":false},"excerpt":{"rendered":"Amparo Larra\u00f1aga pertenece a una de las sagas m\u00e1s conocidas de la historia de la interpretaci\u00f3n. A pesar&hellip;\n","protected":false},"author":2,"featured_media":325235,"comment_status":"","ping_status":"","sticky":false,"template":"","format":"standard","meta":{"footnotes":""},"categories":[174],"tags":[517,4040,255,146,147,25,24,256,23,807],"class_list":{"0":"post-325234","1":"post","2":"type-post","3":"status-publish","4":"format-standard","5":"has-post-thumbnail","7":"category-famosos","8":"tag-actualidad","9":"tag-antena-3","10":"tag-celebrities","11":"tag-entertainment","12":"tag-entretenimiento","13":"tag-es","14":"tag-espana","15":"tag-famosos","16":"tag-spain","17":"tag-television"},"share_on_mastodon":{"url":"https:\/\/pubeurope.com\/@es\/115845739550275352","error":""},"_links":{"self":[{"href":"https:\/\/www.europesays.com\/es\/wp-json\/wp\/v2\/posts\/325234","targetHints":{"allow":["GET"]}}],"collection":[{"href":"https:\/\/www.europesays.com\/es\/wp-json\/wp\/v2\/posts"}],"about":[{"href":"https:\/\/www.europesays.com\/es\/wp-json\/wp\/v2\/types\/post"}],"author":[{"embeddable":true,"href":"https:\/\/www.europesays.com\/es\/wp-json\/wp\/v2\/users\/2"}],"replies":[{"embeddable":true,"href":"https:\/\/www.europesays.com\/es\/wp-json\/wp\/v2\/comments?post=325234"}],"version-history":[{"count":0,"href":"https:\/\/www.europesays.com\/es\/wp-json\/wp\/v2\/posts\/325234\/revisions"}],"wp:featuredmedia":[{"embeddable":true,"href":"https:\/\/www.europesays.com\/es\/wp-json\/wp\/v2\/media\/325235"}],"wp:attachment":[{"href":"https:\/\/www.europesays.com\/es\/wp-json\/wp\/v2\/media?parent=325234"}],"wp:term":[{"taxonomy":"category","embeddable":true,"href":"https:\/\/www.europesays.com\/es\/wp-json\/wp\/v2\/categories?post=325234"},{"taxonomy":"post_tag","embeddable":true,"href":"https:\/\/www.europesays.com\/es\/wp-json\/wp\/v2\/tags?post=325234"}],"curies":[{"name":"wp","href":"https:\/\/api.w.org\/{rel}","templated":true}]}}