{"id":325246,"date":"2026-01-06T02:22:15","date_gmt":"2026-01-06T02:22:15","guid":{"rendered":"https:\/\/www.europesays.com\/es\/325246\/"},"modified":"2026-01-06T02:22:15","modified_gmt":"2026-01-06T02:22:15","slug":"samsung-presenta-the-freestyle-antes-del-ces-2026-un-proyector-portatil-mas-avanzado-gracias-a-la-inteligencia-artificial","status":"publish","type":"post","link":"https:\/\/www.europesays.com\/es\/325246\/","title":{"rendered":"Samsung presenta The Freestyle+ antes del CES 2026, un proyector port\u00e1til m\u00e1s avanzado gracias a la inteligencia artificial"},"content":{"rendered":"<p>                        The Freestyle+ combina portabilidad en peque\u00f1o formato, mayor brillo y optimizaci\u00f3n de pantalla gracias a la inteligencia artificial, lo que permite disfrutar de streaming, juegos y visualizaci\u00f3n en m\u00e1s lugares y situaciones<\/p>\n<p><img decoding=\"async\" src=\"https:\/\/www.europesays.com\/es\/wp-content\/uploads\/2026\/01\/Samsung-TVs-and-Displays-Freestyle-Samsung-Unveils-The-Freestyle-Ahead-of-CES-2026_Main1.jpg\"\/><\/p>\n<p>\u00a0<\/p>\n<p>Samsung Electronics ha anunciado hoy el lanzamiento mundial de The Freestyle+, su \u00faltimo proyector port\u00e1til con inteligencia artificial, dise\u00f1ado para ofrecer una experiencia de entretenimiento m\u00e1s flexible y personalizada en una amplia variedad de espacios.<\/p>\n<p>\u00a0<\/p>\n<p>The Freestyle+ se ha presentado antes del comienzo del CES 2026 en Las Vegas y parte del dise\u00f1o distintivo del Freestyle original, pero introduce capacidades de IA m\u00e1s avanzadas, un brillo mejorado y funciones de entretenimiento ampliadas, lo que permite a los usuarios disfrutar del contenido con mayor libertad, pero con una m\u00ednima configuraci\u00f3n o ajuste.<\/p>\n<p>\u00a0<\/p>\n<p>\u00abThe Freestyle+ refleja la visi\u00f3n de Samsung de crear dispositivos que se adapten de forma natural al modo de vida de las personas y a su desplazamiento entre espacios\u00bb, afirma Hun Lee, vicepresidente ejecutivo de Visual Display en Samsung Electronics. \u00abAl combinar una verdadera portabilidad con una IA avanzada que optimiza tanto el entorno de visualizaci\u00f3n como el propio contenido, The Freestyle+ facilita disfrutar de una experiencia de alta calidad de forma consistente, est\u00e9s donde est\u00e9s\u00bb.<\/p>\n<p>\u00a0<\/p>\n<p><strong>Una IA m\u00e1s inteligente que te permite apuntar y jugar al instante.<\/strong><\/p>\n<p>\u00a0<\/p>\n<p>El elemento distintivo de The Freestyle+ es <strong>AI OptiScreen<\/strong>, la tecnolog\u00eda de optimizaci\u00f3n de pantalla con inteligencia artificial de Samsung que ajusta autom\u00e1ticamente la imagen a diferentes espacios, de forma que los usuarios solo tienen que apuntar, colocar y empezar a ver.<\/p>\n<p>\u00a0<\/p>\n<p>AI OptiScreen incluye un conjunto de funciones inteligentes dise\u00f1adas para optimizar autom\u00e1ticamente la imagen en diferentes superficies y entornos:<\/p>\n<p>\u00a0<\/p>\n<ul>\n<li>La funci\u00f3n <strong>3D Auto Keystone<\/strong> corrige autom\u00e1ticamente la distorsi\u00f3n incluso cuando se proyecta sobre superficies irregulares o no planas, como esquinas, cortinas o paredes en \u00e1ngulo.<\/li>\n<li><strong>Real Time Focus<\/strong> ajusta continuamente el enfoque a medida que el proyector se mueve o gira, lo que ayuda a mantener im\u00e1genes n\u00edtidas y estables sin desenfoque ni ruido visual.<\/li>\n<li><strong>Screen Fit<\/strong> ajusta autom\u00e1ticamente la imagen para que se adapte al \u00e1rea de la pantalla cuando se utiliza con un accesorio de pantalla de proyecci\u00f3n compatible.<\/li>\n<li><strong>Wall Calibration<\/strong> analiza el color o el patr\u00f3n de la superficie de proyecci\u00f3n y minimiza las distracciones visuales para una visualizaci\u00f3n m\u00e1s n\u00edtida.<\/li>\n<\/ul>\n<p>\u00a0<\/p>\n<p>Esta experiencia de visualizaci\u00f3n inteligente se ve reforzada por <strong>Vision AI Companion<\/strong>, la plataforma de inteligencia artificial personalizada de Samsung, que integra una versi\u00f3n mejorada de Bixby con servicios de IA de partners globales para permitir una interacci\u00f3n m\u00e1s natural y conversacional con el contenido en pantalla.<\/p>\n<p>\u00a0<\/p>\n<p><strong>Ligero de llevar, dise\u00f1ado para el uso diario<\/strong><\/p>\n<p>\u00a0<\/p>\n<p>Dise\u00f1ado pensando en la portabilidad, The Freestyle+ presenta un formato cil\u00edndrico compacto que facilita su traslado entre habitaciones o para acompa\u00f1arte en tus desplazamientos. Con <strong>430 l\u00famenes ISO<\/strong>, ofrece casi el doble de brillo que la generaci\u00f3n anterior, lo que ayuda a que el contenido se vea claro e interesante en los entornos cotidianos.<\/p>\n<p>\u00a0<\/p>\n<p>Dise\u00f1ado para el d\u00eda a d\u00eda, The Freestyle+ permite a los usuarios moverlo libremente sin preocuparse de si el espacio es \u201cadecuado\u201d para la proyecci\u00f3n. Su dise\u00f1o giratorio de 180 grados permite la proyecci\u00f3n en pr\u00e1cticamente cualquier \u00e1ngulo, incluyendo paredes, suelos y techos, sin necesidad de soportes o accesorios adicionales, lo que permite configuraciones de visionado flexibles que se adaptan de forma natural a diferentes habitaciones y momentos a lo largo del d\u00eda.<\/p>\n<p>\u00a0<\/p>\n<p><strong>Entretenimiento sobre la marcha con sonido envolvente<\/strong><\/p>\n<p>\u00a0<\/p>\n<p>Dise\u00f1ado para momentos m\u00e1s all\u00e1 del sal\u00f3n, The Freestyle+ te ofrece entretenimiento sin depender de dispositivos externos ni configuraciones fijas. El acceso integrado a <strong>Samsung TV Plus,<\/strong> partners de servicios OTT certificados y <strong>Samsung Gaming Hub<\/strong> permite a los usuarios transmitir, reproducir y explorar contenido directamente desde el proyector sin necesidad de dispositivos externos.<\/p>\n<p>\u00a0<\/p>\n<p>En cuanto al audio, The Freestyle+ ofrece un sonido envolvente que llena la habitaci\u00f3n gracias a su <strong>altavoz integrado de 360 grados<\/strong>, dise\u00f1ado para reproducir un audio m\u00e1s rico con un dise\u00f1o compacto. <strong>Q-Symphony<\/strong> permite que el proyector funcione en sincron\u00eda con algunas de las barras de sonido Samsung, creando una experiencia de sonido m\u00e1s rica y cohesionada dondequiera que se utilice.<\/p>\n<p>\u00a0<\/p>\n<p>Samsung Electronics presentar\u00e1 The Freestyle+ en el CES 2026, que se celebrar\u00e1 del 6 al 9 de enero en Las Vegas, con un lanzamiento mundial por fases previsto para la primera mitad del a\u00f1o.<\/p>\n","protected":false},"excerpt":{"rendered":"The Freestyle+ combina portabilidad en peque\u00f1o formato, mayor brillo y optimizaci\u00f3n de pantalla gracias a la inteligencia artificial,&hellip;\n","protected":false},"author":2,"featured_media":325247,"comment_status":"","ping_status":"","sticky":false,"template":"","format":"standard","meta":{"footnotes":""},"categories":[81],"tags":[119,123,124,25,24,117,121,122,23,118,120],"class_list":{"0":"post-325246","1":"post","2":"type-post","3":"status-publish","4":"format-standard","5":"has-post-thumbnail","7":"category-ciencia-y-tecnologia","8":"tag-ciencia","9":"tag-ciencia-y-tecnologia","10":"tag-cienciaytecnologia","11":"tag-es","12":"tag-espana","13":"tag-science","14":"tag-science-and-technology","15":"tag-scienceandtechnology","16":"tag-spain","17":"tag-technology","18":"tag-tecnologia"},"share_on_mastodon":{"url":"https:\/\/pubeurope.com\/@es\/115845774953516493","error":""},"_links":{"self":[{"href":"https:\/\/www.europesays.com\/es\/wp-json\/wp\/v2\/posts\/325246","targetHints":{"allow":["GET"]}}],"collection":[{"href":"https:\/\/www.europesays.com\/es\/wp-json\/wp\/v2\/posts"}],"about":[{"href":"https:\/\/www.europesays.com\/es\/wp-json\/wp\/v2\/types\/post"}],"author":[{"embeddable":true,"href":"https:\/\/www.europesays.com\/es\/wp-json\/wp\/v2\/users\/2"}],"replies":[{"embeddable":true,"href":"https:\/\/www.europesays.com\/es\/wp-json\/wp\/v2\/comments?post=325246"}],"version-history":[{"count":0,"href":"https:\/\/www.europesays.com\/es\/wp-json\/wp\/v2\/posts\/325246\/revisions"}],"wp:featuredmedia":[{"embeddable":true,"href":"https:\/\/www.europesays.com\/es\/wp-json\/wp\/v2\/media\/325247"}],"wp:attachment":[{"href":"https:\/\/www.europesays.com\/es\/wp-json\/wp\/v2\/media?parent=325246"}],"wp:term":[{"taxonomy":"category","embeddable":true,"href":"https:\/\/www.europesays.com\/es\/wp-json\/wp\/v2\/categories?post=325246"},{"taxonomy":"post_tag","embeddable":true,"href":"https:\/\/www.europesays.com\/es\/wp-json\/wp\/v2\/tags?post=325246"}],"curies":[{"name":"wp","href":"https:\/\/api.w.org\/{rel}","templated":true}]}}