{"id":325250,"date":"2026-01-06T02:24:07","date_gmt":"2026-01-06T02:24:07","guid":{"rendered":"https:\/\/www.europesays.com\/es\/325250\/"},"modified":"2026-01-06T02:24:07","modified_gmt":"2026-01-06T02:24:07","slug":"del-basta-de-fantasias-al-si-un-pais-de-la-otan-ataca-a-otro-pais-de-la-otan-todo-se-acabara","status":"publish","type":"post","link":"https:\/\/www.europesays.com\/es\/325250\/","title":{"rendered":"del \u00abbasta de fantas\u00edas\u00bb al \u00absi un pa\u00eds de la OTAN ataca a otro pa\u00eds de la OTAN, todo se acabar\u00e1\u00bb"},"content":{"rendered":"<p class=\"L6-news-detail__text\"><b><a title=\"Groenlandia est\u00e1 en el punto de mira de Trump\" href=\"https:\/\/www.lasexta.com\/noticias\/internacional\/groenlandia-cuba-colombia-mexico-punto-mira-trump-puede-pasarles-mismo-que-maduro_20260105695bce5722f0db7daf060fb1.html\" target=\"_blank\" rel=\"nofollow noopener\">Groenlandia est\u00e1 en el punto de mira de Trump<\/a><\/b> y el l\u00edder groenland\u00e9s y la primera ministra danesa no han dudado en responder. El presidente del Gobierno aut\u00f3nomo de Groenlandia, Jens-Frederik Nielsen, ha llamado este lunes a evitar el \u00abp\u00e1nico\u00bb por el reiterado inter\u00e9s de Estados Unidos en hacerse con este territorio dan\u00e9s y se ha abierto a estrechar la relaci\u00f3n con Washington. Antes de estas palabras, sin embargo, lanzaba un claro mensaje a Trump: <b>\u00abBasta de fantas\u00edas sobre la anexi\u00f3n\u00bb<\/b>.<\/p>\n<p class=\"L6-news-detail__text\"><b>\u00abNo estamos en una situaci\u00f3n en la que Estados Unidos pueda conquistar Groenlandia<\/b>. As\u00ed no es la situaci\u00f3n, por eso no hay que entrar en p\u00e1nico. Debemos restaurar la buena colaboraci\u00f3n que hemos tenido\u00bb, ha dicho este lunes Nielsen en rueda de prensa en Nuuk, capital groenlandesa.<\/p>\n<p class=\"L6-news-detail__text\">Nielsen<b> ha rechazado las comparaciones con Venezuela<\/b>, en donde Estados Unidos realiz\u00f3 hace dos d\u00edas <b><a title=\"una intervenci\u00f3n militar para capturar al presidente\" href=\"https:\/\/www.lasexta.com\/noticias\/internacional\/maduro-declara-inocente-promete-dar-batalla-judicial-eeuu-soy-presidente-venezuela-estoy-secuestrado_20260105695c24b222f0db7daf0651e6.html\" target=\"_blank\" rel=\"nofollow noopener\">una intervenci\u00f3n militar para capturar al presidente<\/a><\/b>, Nicol\u00e1s Maduro. \u00abNuestro pa\u00eds no es el adecuado para comparar con Venezuela. Somos un pa\u00eds democr\u00e1tico desde hace muchos a\u00f1os\u00bb, ha afirmado. El presidente groenland\u00e9s ha asegurado que quiere \u00abprofundizar\u00bb y \u00abreforzar\u00bb la relaci\u00f3n con la OTAN y tener una \u00abl\u00ednea directa\u00bb de comunicaci\u00f3n con Estados Unidos, no a trav\u00e9s de los medios de comunicaci\u00f3n.<\/p>\n<p class=\"L6-news-detail__text\">Horas antes, en un comunicado en su perfil de Facebook, Nielsen se ha dirigido m\u00e1s directamente a Trump: \u00abBasta de presiones. Basta de insinuaciones. Basta de fantas\u00edas sobre la anexi\u00f3n\u00bb. \u00abLa ret\u00f3rica inmediata y reiterada de Estados Unidos<b> es total y absolutamente inaceptable<\/b>\u00ab, ha insistido. \u00abCuando el presidente de Estados Unidos dice &#8216;necesitamos Groenlandia&#8217; y nos vincula con Venezuela y la intervenci\u00f3n militar, no solo est\u00e1 mal, sino que es una falta de respeto\u00bb, ha criticado.<\/p>\n<p>Ni \u00abnerviosa\u00bb ni \u00abingenua\u00bb<\/p>\n<p class=\"L6-news-detail__text\"><b><a title=\"La primera ministra danesa, Mette Frederiksen\" href=\"https:\/\/www.lasexta.com\/noticias\/internacional\/dinamarca-pide-eeuu-poner-fin-amenazas-anexion-groenlandia-tenemos-acuerdo-defensa_20260104695ae33d22f0db7daf0564c7.html\" target=\"_blank\" rel=\"nofollow noopener\">La primera ministra danesa, Mette Frederiksen<\/a><\/b>, tambi\u00e9n se ha pronunciado este lunes sobre las aspiraciones de Trump de hacerse con Groenlandia y <b>ha reconocido que se toma en serio las intenciones del presidente de EEUU<\/b>, pero ha afirmado que hace todo lo posible para que todo termine bien. \u00abCreo en la democracia y en el orden internacional basado en normas\u00bb, ha subrayado.<\/p>\n<p class=\"L6-news-detail__text\">Frederiksen ha indicado que no est\u00e1 \u00abnerviosa\u00bb, pero que tampoco es \u00abingenua\u00bb con respecto a la posibilidad de que Washington act\u00fae para imponer sus intereses. Por ello, ha advertido de que <b>\u00absi un pa\u00eds de la OTAN ataca a otro pa\u00eds de la OTAN, todo se acabar\u00e1<\/b>. Incluida nuestra OTAN y, en consecuencia, la seguridad que ha proporcionado desde el fin de la Segunda Guerra Mundial\u00bb.<\/p>\n<p>\u00abEste es NUESTRO hemisferio\u00bb<\/p>\n<p class=\"L6-news-detail__text\">Trump ha afirmado en varias ocasiones el \u00faltimo a\u00f1o que Estados Unidos \u00abnecesita\u00bb Groenlandia y <b>ha sugerido que podr\u00eda explorar opciones para que pase bajo jurisdicci\u00f3n estadounidense<\/b>. La designaci\u00f3n el mes pasado del gobernador de Luisiana, Jeff Landry, como enviado especial de EEUU para Groenlandia desat\u00f3 las cr\u00edticas de los gobiernos dan\u00e9s y groenland\u00e9s y una protesta formal ante el embajador estadounidense.<\/p>\n<p class=\"L6-news-detail__text\">Groenlandia, un estrat\u00e9gico territorio aut\u00f3nomo perteneciente a Dinamarca, tiene una poblaci\u00f3n de unos 57.000 habitantes en 2,1 millones de kil\u00f3metros cuadrados y depende de los ingresos de la pesca y de la ayuda econ\u00f3mica anual de Dinamarca, que cubre cerca de la mitad de su presupuesto.<\/p>\n<p class=\"L6-news-detail__text\">El domingo, adem\u00e1s, Trump volvi\u00f3 a insistir en sus amenazas de anexionarse la isla. <b>\u00abNecesitamos a Groenlandia desde el punto de vista de la seguridad nacional\u00bb<\/b>, lanz\u00f3 en el Air Force One camino de Washington solo un d\u00eda despu\u00e9s de su ataque contra Venezuela. El mandatario se permiti\u00f3, incluso, bromear: \u00abDinamarca aument\u00f3 la seguridad en Groenlandia, agregaron un trineo de perros m\u00e1s\u00bb.<\/p>\n<p class=\"L6-news-detail__text\">El Departamento de Estado de Estados Unidos ha tensado este lunes, a\u00fan m\u00e1s, la situaci\u00f3n con una publicaci\u00f3n en su cuenta de X. \u00ab<b>Este es NUESTRO hemisferio y el presidente Trump no permitir\u00e1 que nuestra seguridad se vea amenazada<\/b>\u00ab, ha escrito.<\/p>\n<p class=\"L6-news-detail__text\"><b><a title=\"*Sigue a laSexta en Google. Toda la actualidad y el mejor contenido aqu\u00ed.\" href=\"https:\/\/profile.google.com\/cp\/CgkvbS8wZG5xejA\" target=\"_blank\" rel=\"nofollow noopener\">*Sigue a laSexta en Google. Toda la actualidad y el mejor contenido aqu\u00ed.<\/a><\/b><\/p>\n<p class=\"L6-support-news-video__title\">Detenci\u00f3n de Maduro<\/p>\n<p>            <a href=\"https:\/\/www.lasexta.com\/noticias\/internacional\/nestor-prieto-topo-eeuu-dentro-filas-chavistas-genera-paranoia-porque-alguien-llegado-cuarto-nicolas-maduro_20260105695c3a7aea66eb7353276b28.html\" class=\"L6-news__link\" rel=\"nofollow noopener\" target=\"_blank\"><br \/>\n                N\u00e9stor Prieto, sobre el topo de EEUU dentro de las filas chavistas: \u00abGenera paranoia porque alguien ha llegado hasta el cuarto de Nicol\u00e1s Maduro\u00bb<\/p>\n<p class=\"recirculation-video-desc\">El contexto Una o varias personas filtraron informaci\u00f3n clave a EEUU sobre las actividades del expresidente, que acab\u00f3 con su captura.<\/p>\n<p>            <\/a><\/p>\n","protected":false},"excerpt":{"rendered":"Groenlandia est\u00e1 en el punto de mira de Trump y el l\u00edder groenland\u00e9s y la primera ministra danesa&hellip;\n","protected":false},"author":2,"featured_media":325251,"comment_status":"","ping_status":"","sticky":false,"template":"","format":"standard","meta":{"footnotes":""},"categories":[42],"tags":[17,18,13,14,11,61,62,63,64,19,20,9,10,15,16,12,21,22,65,66,67],"class_list":{"0":"post-325250","1":"post","2":"type-post","3":"status-publish","4":"format-standard","5":"has-post-thumbnail","7":"category-internacional","8":"tag-breaking-news","9":"tag-breakingnews","10":"tag-featured-news","11":"tag-featurednews","12":"tag-headlines","13":"tag-internacional","14":"tag-international","15":"tag-international-news","16":"tag-internationalnews","17":"tag-latest-news","18":"tag-latestnews","19":"tag-news","20":"tag-noticias","21":"tag-noticias-destacadas","22":"tag-noticiasdestacadas","23":"tag-titulares","24":"tag-ultimas-noticias","25":"tag-ultimasnoticias","26":"tag-world","27":"tag-world-news","28":"tag-worldnews"},"share_on_mastodon":{"url":"https:\/\/pubeurope.com\/@es\/115845782907905873","error":""},"_links":{"self":[{"href":"https:\/\/www.europesays.com\/es\/wp-json\/wp\/v2\/posts\/325250","targetHints":{"allow":["GET"]}}],"collection":[{"href":"https:\/\/www.europesays.com\/es\/wp-json\/wp\/v2\/posts"}],"about":[{"href":"https:\/\/www.europesays.com\/es\/wp-json\/wp\/v2\/types\/post"}],"author":[{"embeddable":true,"href":"https:\/\/www.europesays.com\/es\/wp-json\/wp\/v2\/users\/2"}],"replies":[{"embeddable":true,"href":"https:\/\/www.europesays.com\/es\/wp-json\/wp\/v2\/comments?post=325250"}],"version-history":[{"count":0,"href":"https:\/\/www.europesays.com\/es\/wp-json\/wp\/v2\/posts\/325250\/revisions"}],"wp:featuredmedia":[{"embeddable":true,"href":"https:\/\/www.europesays.com\/es\/wp-json\/wp\/v2\/media\/325251"}],"wp:attachment":[{"href":"https:\/\/www.europesays.com\/es\/wp-json\/wp\/v2\/media?parent=325250"}],"wp:term":[{"taxonomy":"category","embeddable":true,"href":"https:\/\/www.europesays.com\/es\/wp-json\/wp\/v2\/categories?post=325250"},{"taxonomy":"post_tag","embeddable":true,"href":"https:\/\/www.europesays.com\/es\/wp-json\/wp\/v2\/tags?post=325250"}],"curies":[{"name":"wp","href":"https:\/\/api.w.org\/{rel}","templated":true}]}}