{"id":325254,"date":"2026-01-06T02:26:20","date_gmt":"2026-01-06T02:26:20","guid":{"rendered":"https:\/\/www.europesays.com\/es\/325254\/"},"modified":"2026-01-06T02:26:20","modified_gmt":"2026-01-06T02:26:20","slug":"el-lider-de-groenlandia-a-trump-ya-basta-de-fantasias-sobre-la-anexion-internacional","status":"publish","type":"post","link":"https:\/\/www.europesays.com\/es\/325254\/","title":{"rendered":"El l\u00edder de Groenlandia a Trump: \u201cYa basta de fantas\u00edas sobre la anexi\u00f3n\u201d | Internacional"},"content":{"rendered":"<p class=\"\">La tensi\u00f3n entre Copenhague y Washington a cuenta de Groenlandia <a href=\"https:\/\/elpais.com\/internacional\/2026-01-04\/el-ataque-de-trump-en-venezuela-dispara-los-temores-sobre-una-futura-incursion-en-groenlandia.html\" target=\"_self\" rel=\"nofollow noopener\" title=\"https:\/\/elpais.com\/internacional\/2026-01-04\/el-ataque-de-trump-en-venezuela-dispara-los-temores-sobre-una-futura-incursion-en-groenlandia.html\">sube por momentos<\/a>. El domingo, el presidente de Estados Unidos, Donald Trump, insisti\u00f3 en sus amenazas de anexionarse la isla, un estrat\u00e9gico territorio aut\u00f3nomo perteneciente a Dinamarca. \u201cNecesitamos a Groenlandia desde el punto de vista de la seguridad nacional\u201d, lanz\u00f3 en el Air Force One camino de Washington. El mandatario, que lleg\u00f3 a decir que la UE \u201cnecesita\u201d que EEUU se haga con la isla, se permiti\u00f3, incluso, bromear: \u201cDinamarca aument\u00f3 la seguridad en Groenlandia, agregaron un trineo de perros m\u00e1s\u201d. Sus palabras han provocado una dura reacci\u00f3n de la primera ministra danesa, Mette Frederiksen, que ha exigido le ha que cese en sus amenazas. Tambi\u00e9n ha reaccionado el primer ministro de Groenlandia, Jens-Frederik Nielsen. \u201cBasta de presiones. Basta de insinuaciones. Basta de fantas\u00edas sobre la anexi\u00f3n\u201d, <a href=\"https:\/\/elpais.com\/internacional\/2025-12-23\/el-lider-groenlandes-responde-a-trump-groenlandia-es-nuestro-pais-nuestras-decisiones-se-toman-aqui.html\" target=\"_self\" rel=\"nofollow noopener\" title=\"https:\/\/elpais.com\/internacional\/2025-12-23\/el-lider-groenlandes-responde-a-trump-groenlandia-es-nuestro-pais-nuestras-decisiones-se-toman-aqui.html\">exigi\u00f3 en<\/a> un comunicado publicado en la red social Facebook. <\/p>\n<p class=\"\">El l\u00edder groenland\u00e9s se ha manifestado \u201cabierto al di\u00e1logo\u201d con Washington, pero sin presiones. En una rueda de prensa en Nuuk, la capital de Groenlandia, Nielsen ha recalcado que no puede compararse la isla con Venezuela. Tambi\u00e9n ha insistido en que busca \u201crestablecer las buenas relaciones\u201d con EEUU y establecer \u201cl\u00ednea directa\u201d con Washington.<\/p>\n<p class=\"\">Que los l\u00edderes groenland\u00e9s y danesa se pronuncien en esos t\u00e9rminos revela el p\u00e1nico a una posible intervenci\u00f3n de Estados Unidos (como Dinamarca, miembro de la OTAN) en Groenlandia. Una acci\u00f3n que tendr\u00eda consecuencias catastr\u00f3ficas para la seguridad de Europa y ser\u00eda otro golpe al orden mundial basado en reglas. <\/p>\n<p class=\"\">\u201cCreo que uno deber\u00eda tomar en serio al presidente estadounidense cuando dice que quiere a Groenlandia\u201d, ha recalcado Mette Frederiksen en una entrevista con la emisora danesa TV2. \u201cPero tambi\u00e9n dejar\u00e9 claro que si Estados Unidos elige atacar militarmente a otro pa\u00eds de la OTAN, entonces todo se detiene, incluida la OTAN y, por lo tanto, la seguridad que se ha establecido desde el final de la Segunda Guerra Mundial\u201d, ha advertido la mandataria danesa.<\/p>\n<p><img alt=\"Mette Frederiksen\" decoding=\"auto\" class=\"_re lazyload a_m-h\" height=\"276\"  width=\"414\"  src=\"https:\/\/www.europesays.com\/es\/wp-content\/uploads\/2026\/01\/4GP5NEOEEVBKJEZ6OZ47T7JSII.jpg\" loading=\"lazy\"\/>Mette Frederiksen en Nuuk (Groenlandia)el pasado septiembre.MADS CLAUS RASMUSSEN (EFE)<\/p>\n<p class=\"\">Los pa\u00edses n\u00f3rdicos y b\u00e1lticos, tradicionalmente muy atlantistas, han cerrado filas con Dinamarca, tambi\u00e9n miembro de la UE. Otros pa\u00edses, como Francia y Reino Unido tambi\u00e9n han manifestado su apoyo. \u201cNadie decide sobre Groenlandia y sobre Dinamarca, salvo Groenlandia y Dinamarca por s\u00ed mismas\u201d, ha recalcado el presidente finland\u00e9s, Alexander Stubb, uno de los l\u00edderes europeos con mejor relaci\u00f3n con el magnate republicano gracias a su habilidad para jugar al golf. \u201cDinamarca es una democracia s\u00f3lida y un aliado confiable de la OTAN. Groenlandia es parte integral del Reino de Dinamarca. Al comprender las leg\u00edtimas necesidades de seguridad de EE UU, creo que estas pueden abordarse mediante un di\u00e1logo directo entre Dinamarca y EE UU y dentro del marco de defensa colectiva\u201d, ha dicho en las redes sociales, por su parte, el presidente de Letonia, Edgars Rinkevics. <\/p>\n<p class=\"\">La Comisi\u00f3n Europea ha sido m\u00e1s suave. Tambi\u00e9n ha eludido condenar <a href=\"https:\/\/elpais.com\/internacional\/2026-01-04\/el-ataque-de-trump-en-venezuela-dispara-los-temores-sobre-una-futura-incursion-en-groenlandia.html\" target=\"_self\" rel=\"nofollow noopener\" title=\"https:\/\/elpais.com\/internacional\/2026-01-04\/el-ataque-de-trump-en-venezuela-dispara-los-temores-sobre-una-futura-incursion-en-groenlandia.html\">las amenaza<\/a>s de Trump y se ha limitado a mostrar su \u201csolidaridad\u201d con Dinamarca y a recordar la \u201cinviolabilidad de las fronteras\u201d. \u201cLa UE seguir\u00e1 defendiendo los principios de soberan\u00eda nacional, integridad territorial e inviolabilidad de las fronteras, as\u00ed como la Carta de Naciones Unidas\u201d, ha dicho una portavoz este lunes. \u201cGroenlandia no es una propiedad que alguien pueda comprar\u201d, ha dicho otra portavoz comunitaria.<\/p>\n<p class=\"\">La situaci\u00f3n en la <a href=\"https:\/\/elpais.com\/internacional\/2025-12-28\/europa-entra-en-estado-de-alerta-ante-la-embestida-estrategica-de-trump.html\" target=\"_self\" rel=\"nofollow noopener\" title=\"https:\/\/elpais.com\/internacional\/2025-12-28\/europa-entra-en-estado-de-alerta-ante-la-embestida-estrategica-de-trump.html\">geoestrat\u00e9gica isla, rica en tierras raras, es dif\u00edcil<\/a>. Este lunes, el ministro de Asuntos Exteriores alem\u00e1n, Johann Wadephul, ha apuntado que la Alianza Atl\u00e1ntica podr\u00eda debatir la posibilidad de reforzar su protecci\u00f3n de Groenlandia si fuera necesario. La pregunta es c\u00f3mo y de qui\u00e9n protegerla. Dinamarca y Estados Unidos son miembros de la misma organizaci\u00f3n militar (de la que tambi\u00e9n es parte Espa\u00f1a desde 1982); adem\u00e1s, ambos pa\u00edses tienen un acuerdo de seguridad y el pa\u00eds norteamericano tiene all\u00ed una base militar (Pituffik), un vestigio de los tiempos de la Guerra Fr\u00eda que le proporciona una ubicaci\u00f3n estrat\u00e9gica para misiones de defensa y antimisiles. Pese a esto, Trump ha puesto el foco en la isla.<\/p>\n<p class=\"\">\u201cHemos sido amigos cercanos y leales de Estados Unidos durante generaciones. Hemos permanecido unidos en tiempos dif\u00edciles, asumido la responsabilidad de la seguridad del Atl\u00e1ntico Norte y, sobre todo, de Norteam\u00e9rica\u201d, ha dicho el l\u00edder groenland\u00e9s. \u201cEsto es lo que hacen los verdaderos amigos. Precisamente por eso, la ret\u00f3rica inmediata y reiterada de Estados Unidos es total y absolutamente inaceptable\u201d, ha insistido. \u201cCuando el presidente de Estados Unidos dice \u2018necesitamos Groenlandia\u2019 y nos vincula con Venezuela y la intervenci\u00f3n militar, no solo est\u00e1 mal, sino que es una falta de respeto\u201d, ha criticado. \u201cLas amenazas, la presi\u00f3n y los rumores de anexi\u00f3n no tienen cabida entre amigos. As\u00ed no se le habla a un pueblo que ha demostrado responsabilidad, estabilidad y lealtad una y otra vez. Ya basta\u201d, ha zanjado.<\/p>\n","protected":false},"excerpt":{"rendered":"La tensi\u00f3n entre Copenhague y Washington a cuenta de Groenlandia sube por momentos. El domingo, el presidente de&hellip;\n","protected":false},"author":2,"featured_media":325255,"comment_status":"","ping_status":"","sticky":false,"template":"","format":"standard","meta":{"footnotes":""},"categories":[5],"tags":[17,18,1196,1708,47619,72,26254,2496,352,25,24,629,13,14,8741,29392,11,19,20,1804,7861,9,1194,10,15,16,1613,6939,952,23,12,21,22,1617,1192],"class_list":{"0":"post-325254","1":"post","2":"type-post","3":"status-publish","4":"format-standard","5":"has-post-thumbnail","7":"category-titulares","8":"tag-breaking-news","9":"tag-breakingnews","10":"tag-chavismo","11":"tag-comision-europea","12":"tag-conflictos-diplomaticos","13":"tag-conflictos-internacionales","14":"tag-consejo-europeo","15":"tag-dinamarca","16":"tag-donald-trump","17":"tag-es","18":"tag-espana","19":"tag-estados-unidos","20":"tag-featured-news","21":"tag-featurednews","22":"tag-finlandia","23":"tag-groenlandia","24":"tag-headlines","25":"tag-latest-news","26":"tag-latestnews","27":"tag-latinoamerica","28":"tag-letonia","29":"tag-news","30":"tag-nicolas-maduro","31":"tag-noticias","32":"tag-noticias-destacadas","33":"tag-noticiasdestacadas","34":"tag-otan","35":"tag-parlamento-europeo","36":"tag-politica","37":"tag-spain","38":"tag-titulares","39":"tag-ultimas-noticias","40":"tag-ultimasnoticias","41":"tag-union-europea","42":"tag-venezuela"},"share_on_mastodon":{"url":"","error":"Validation failed: Text character limit of 500 exceeded"},"_links":{"self":[{"href":"https:\/\/www.europesays.com\/es\/wp-json\/wp\/v2\/posts\/325254","targetHints":{"allow":["GET"]}}],"collection":[{"href":"https:\/\/www.europesays.com\/es\/wp-json\/wp\/v2\/posts"}],"about":[{"href":"https:\/\/www.europesays.com\/es\/wp-json\/wp\/v2\/types\/post"}],"author":[{"embeddable":true,"href":"https:\/\/www.europesays.com\/es\/wp-json\/wp\/v2\/users\/2"}],"replies":[{"embeddable":true,"href":"https:\/\/www.europesays.com\/es\/wp-json\/wp\/v2\/comments?post=325254"}],"version-history":[{"count":0,"href":"https:\/\/www.europesays.com\/es\/wp-json\/wp\/v2\/posts\/325254\/revisions"}],"wp:featuredmedia":[{"embeddable":true,"href":"https:\/\/www.europesays.com\/es\/wp-json\/wp\/v2\/media\/325255"}],"wp:attachment":[{"href":"https:\/\/www.europesays.com\/es\/wp-json\/wp\/v2\/media?parent=325254"}],"wp:term":[{"taxonomy":"category","embeddable":true,"href":"https:\/\/www.europesays.com\/es\/wp-json\/wp\/v2\/categories?post=325254"},{"taxonomy":"post_tag","embeddable":true,"href":"https:\/\/www.europesays.com\/es\/wp-json\/wp\/v2\/tags?post=325254"}],"curies":[{"name":"wp","href":"https:\/\/api.w.org\/{rel}","templated":true}]}}