{"id":325258,"date":"2026-01-06T02:32:09","date_gmt":"2026-01-06T02:32:09","guid":{"rendered":"https:\/\/www.europesays.com\/es\/325258\/"},"modified":"2026-01-06T02:32:09","modified_gmt":"2026-01-06T02:32:09","slug":"colombianos-en-el-world-tour-2026-asi-se-mueve-la-elite-del-ciclismo-en-la-nueva-temporada-el-espectador","status":"publish","type":"post","link":"https:\/\/www.europesays.com\/es\/325258\/","title":{"rendered":"Colombianos, en el World Tour 2026: as\u00ed se mueve la \u00e9lite del ciclismo en la nueva temporada &#8211; El Espectador"},"content":{"rendered":"<ol>\n<li><a href=\"https:\/\/news.google.com\/rss\/articles\/CBMi1AFBVV95cUxOZ1RtaDNMcTBnZndGYnp6STJEdVlzZEpSTHk0aWlXUU0yRURoMW5OVGlPNE0xd2UyTTdwS2RpZ3YtVUc3ampjSHBabGw4dExLNG1NVzBBb2FlUjhldlBPdzNyRmJwc3B3Q09FQW9DNGxVQ3FCcFNhcWxVMmpsWUlRRlBMRldRdmE4TGE2dHZfT1pVOXZueTFpWTRkSktsMmpPNkNTZnpOMjByaDVNcU5MWWxwNFF2b2g0Smg2d20tS1FXR2EyRDZaaWdmLWNyMTVBX1Rhcg?oc=5\" target=\"_blank\" rel=\"nofollow noopener\">Colombianos, en el World Tour 2026: as\u00ed se mueve la \u00e9lite del ciclismo en la nueva temporada<\/a>&nbsp;&nbsp;El Espectador<\/li>\n<li><a href=\"https:\/\/news.google.com\/rss\/articles\/CBMitgFBVV95cUxPMTVQNFNFRW4tLUd5WDZTREFqLWpwLTBmWWdsTVlLdHRibkpfc0dLbmE3SWxRQXBtbFZKcEFLaFBjSGUtNTNsU1ZzQXVFRnNSUUZTUGF2Uk9wNWRTSEtGUDhhUkYyQXhOdTdxemtJaTVrazA3TDF5RmludEdFeDFxeDhOYldBZWhyT1pIdHBZRkd0RGM2Uzl5LXhFTkFIUFZqVHNZM3czVW5iWGYySjhVZnk2dGVqQdIBuwFBVV95cUxOWGJoQkV4X2o5OGJpcmpweTBKNkcwNWJhcEZCcWgwNEJvX2I2cFZrS2xHVks0aG14cF9GUUtLdWFCcGJReVFHd2x2VGJ0Yks1bjJvM0Z0WVBMYlBoRkxLUk56RmJUNjA5bUI4M0kxQU90TXFpMElRLTFQOGNTVnhMNTFvQlhMV1d2aGh3UDl5OGFWS01nSmthV3dOZ3pCVGpOcUJwbTRKVk95aERESzFHaTczZGpOOGJtSkVB?oc=5\" target=\"_blank\" rel=\"nofollow noopener\">El Petrolike se refuerza con el joven vallecaucano Juan Diego Quintero<\/a>&nbsp;&nbsp;Revista Mundo Cicl\u00edstico<\/li>\n<li><a href=\"https:\/\/news.google.com\/rss\/articles\/CBMiygFBVV95cUxQcWVrcHJpcS1HMEVoaEk0WmtMMk1RWDFXdU14Y1Q2Rk0zWUYtODRhb0dUbXNCb0ZyWUl6Z2pQNGFsc195X0xxWmRSS05ham5TbXBiWWVITmxscUsxVWpNSUF4bjBkU09xOWpZRThIRkZKTnFxbEdHM0dlWDQ4NFZZQW5iOXVoYnY1LUZWRWFYVzVzbk50c0dkbXdkSElhTldGcnlYY1Nqbm13Y1AwTTFpV1J5dzFGZzdYRkJ0U2hSbVVlb3lLY3FwUW9R?oc=5\" target=\"_blank\" rel=\"nofollow noopener\">\u00a1De Colombia pal&#8217; mundo! Joven ciclista vallecaucano firm\u00f3 con el Team Petrolike<\/a>&nbsp;&nbsp;Colombia.com<\/li>\n<li><a href=\"https:\/\/news.google.com\/rss\/articles\/CBMiqwFBVV95cUxQVzVzZTBqa1Z6UXNtUThQX1l0dldObFlDejUzVnNlS2FNUmxsMVNzWUFNdDJiTmg3akhJSGMyeGN0a2I0VlpHSlVoYlgyNTZUX1dURmdTaWwxc1oxelo3X0JFUnBsUWpQR3MtMGcyNW5FMXcwYkgtb3ppVEhYc1Z4TlJWaHRPdTdPMXcyczEyckF3eHZtM2E5U0xvdk1hdjlkaTVvTzI1NTRXVzjSAfICQVVfeXFMTUFNT09TQjNvcC1CZm1udmFnVzhLVUFzTU5OMXZUTDU2WGljSWlWU3hTdGpWNGhZektpVUd5TkxVWjlvSDQyZFNGdHd4YlprQVFtUUVjVERsZjNiaENBUTc3T01oYjFoT2RQck1kS1Rvdmx1M3p2a2NsNFVON0trMGJaZHBXbTFyN2F1Q2VuT1Y3ZEt1eThGemkwclZVWEw5UVA2OE1WMDNzVG5HVmpVaXhzY0NtNHFrc2N3cjJ3UzdZMnpsamFQMHhBZWIxZ3UwV09GbzBhNHFQMlZaVW5YUnA2bHNBV3FYTE1pSkI3R0lQaW9OOFlJTTA5X0dqMnVFYWJwa01IYmZJNTc1MG0wM0VNbE5VemEtejhKMkU2YmJ5YzNFWXJ4R09MeW9WaUQzbEpjT1IxUHp4cWlBYlRRcm9oOWluUnA4ZmVNTThVU3JyU2o4VFFRRjRPTDJpQU5YbUNwdVcycGVmQXhQX2pObXlSQQ?oc=5\" target=\"_blank\" rel=\"nofollow noopener\">Temporada 2026: con la mira puesta en los sprinters colombianos<\/a>&nbsp;&nbsp;Revista Mundo Cicl\u00edstico<\/li>\n<li><a href=\"https:\/\/news.google.com\/rss\/articles\/CBMixAFBVV95cUxNZGMtR3QxX1N1bENPZmZjVVVadVYxbzhPN3ZhMy1TMUZPbjVMOVJhd3BheGpCX2t3ZlMzX0d1cDVsNWRBWnVWRVNYMlA3ZGY4a180d3FRMUg0a0dqeGZtNVhrYWpQdnhQelN3ZHBCZmJLU2NwWUtSU203eXo1cmloWVhDcFpGSEVzcUw3cmpUTWhWb0JwQVRBLWVIWFFucmVQc3d1eXhlT3BYQ3FtT291c09yVmpWQTI1ZTZCNlQ1T2hnMTBB0gHKAUFVX3lxTE45M3ViZkk1WGp0ajJPMGU2NnhTaXhvc3VCWEotbkZlSV9rWjMybThEdW8zRXplUkh1ZHhOT1U4UWpNN0xLNFZvWnF2MXRjcjRoSlNFV0o2MXRwSjJOUE0teE5UOVJJSDNrcnYycHY3ZlAxM2Y1QUFKWXI3SUk4Sm5UN0QtY3RHOWZLbzAxVk4tU2M3WGltUzltZVdBRlVBRjlZU3Z5dlR4WVB2cHd3MUIycEF5MnJrV3IwbnpIOWo5N0FIcHljNDF6b1E?oc=5\" target=\"_blank\" rel=\"nofollow noopener\">Temporada 2026: los ciclistas m\u00e1s longevos que correr\u00e1n en la categor\u00eda World Tour<\/a>&nbsp;&nbsp;Revista Mundo Cicl\u00edstico<\/li>\n<\/ol>\n","protected":false},"excerpt":{"rendered":"Colombianos, en el World Tour 2026: as\u00ed se mueve la \u00e9lite del ciclismo en la nueva temporada&nbsp;&nbsp;El Espectador&hellip;\n","protected":false},"author":2,"featured_media":325259,"comment_status":"","ping_status":"","sticky":false,"template":"","format":"standard","meta":{"footnotes":""},"categories":[273],"tags":[313,47902,75339,75343,75341,312,168,25,24,75342,64761,23,167,14860,75340],"class_list":{"0":"post-325258","1":"post","2":"type-post","3":"status-publish","4":"format-standard","5":"has-post-thumbnail","7":"category-ciclismo","8":"tag-ciclismo","9":"tag-ciclismo-colombiano","10":"tag-ciclismo-world-tour","11":"tag-ciclistas-colombianos","12":"tag-colombianos-en-el-world-tour","13":"tag-cycling","14":"tag-deportes","15":"tag-es","16":"tag-espana","17":"tag-noticias-de-ciclismo","18":"tag-premiumee","19":"tag-spain","20":"tag-sports","21":"tag-world-tour","22":"tag-world-tour-cycling"},"share_on_mastodon":{"url":"https:\/\/pubeurope.com\/@es\/115845814185561403","error":""},"_links":{"self":[{"href":"https:\/\/www.europesays.com\/es\/wp-json\/wp\/v2\/posts\/325258","targetHints":{"allow":["GET"]}}],"collection":[{"href":"https:\/\/www.europesays.com\/es\/wp-json\/wp\/v2\/posts"}],"about":[{"href":"https:\/\/www.europesays.com\/es\/wp-json\/wp\/v2\/types\/post"}],"author":[{"embeddable":true,"href":"https:\/\/www.europesays.com\/es\/wp-json\/wp\/v2\/users\/2"}],"replies":[{"embeddable":true,"href":"https:\/\/www.europesays.com\/es\/wp-json\/wp\/v2\/comments?post=325258"}],"version-history":[{"count":0,"href":"https:\/\/www.europesays.com\/es\/wp-json\/wp\/v2\/posts\/325258\/revisions"}],"wp:featuredmedia":[{"embeddable":true,"href":"https:\/\/www.europesays.com\/es\/wp-json\/wp\/v2\/media\/325259"}],"wp:attachment":[{"href":"https:\/\/www.europesays.com\/es\/wp-json\/wp\/v2\/media?parent=325258"}],"wp:term":[{"taxonomy":"category","embeddable":true,"href":"https:\/\/www.europesays.com\/es\/wp-json\/wp\/v2\/categories?post=325258"},{"taxonomy":"post_tag","embeddable":true,"href":"https:\/\/www.europesays.com\/es\/wp-json\/wp\/v2\/tags?post=325258"}],"curies":[{"name":"wp","href":"https:\/\/api.w.org\/{rel}","templated":true}]}}