{"id":325260,"date":"2026-01-06T02:34:11","date_gmt":"2026-01-06T02:34:11","guid":{"rendered":"https:\/\/www.europesays.com\/es\/325260\/"},"modified":"2026-01-06T02:34:11","modified_gmt":"2026-01-06T02:34:11","slug":"el-valencia-basket-busca-ganar-por-primera-vez-al-estrella-roja-en-belgrado-en-la-euroliga","status":"publish","type":"post","link":"https:\/\/www.europesays.com\/es\/325260\/","title":{"rendered":"El Valencia Basket busca ganar por primera vez al Estrella Roja en Belgrado en la Euroliga"},"content":{"rendered":"<p class=\"ft-text\">La segunda vuelta de la Euroliga arranca este martes con el Valencia Basket <a class=\"ft-link ft-link--decoration\" href=\"https:\/\/www.euroleaguebasketball.net\/euroleague\/standings\/\" rel=\"nofollow noopener\" target=\"_blank\">en lo alto de la clasificaci\u00f3n<\/a> y con su <strong>primera defensa del liderato en un pabell\u00f3n de Belgrado en el que no han ganado nunca en la m\u00e1xima competici\u00f3n europea<\/strong>. Un reto may\u00fasculo para los de Pedro Mart\u00ednez en una <a class=\"ft-link ft-link--decoration\" href=\"https:\/\/www.superdeporte.es\/valencia-basket\/2026\/01\/05\/cuesta-enero-valencia-basket-partidos-euroliga-liga-endesa-125380735.html\" rel=\"nofollow noopener\" target=\"_blank\">semana en la que, tras medirse al Estrella Roja, han de jugar otros dos partidos de m\u00e1ximo nivel<\/a>, el jueves ante el M\u00f3naco y el s\u00e1bado contra el Unicaja, ambos en el Roig Arena.<\/p>\n<p class=\"ft-text\">Pero es tal la igualdad en lo alto de la clasificaci\u00f3n de la Euroliga, que <strong>incluso podr\u00eda no ser suficiente una victoria para mantener el liderato, ya que est\u00e1n empatados con el Hapoel Tel Aviv y solo est\u00e1n separados por un punto en el average general<\/strong>, de ah\u00ed que en caso de ganar ambos sus respectivos encuentros ante el Estrella Roja y el Dubai Basketball, la diferencia en el marcador decidir\u00eda el liderato provisional el t\u00e9rmino de la jornada. Una cuesti\u00f3n menor a estas alturas de la temporada y que quedar\u00eda en un segundo plano si los taronja logran prolongar su buena racha y ganar en una de las pistas m\u00e1s dif\u00edciles de Europa.<\/p>\n<p class=\"ft-text\">De hecho, <strong>solo el propio Valencia Basket (9-1) y el Real Madrid (8-1) mejoran el balance de 8-2 que presenta el conjunto rojiblanco en casa<\/strong>, haciendo del Aleksandar Nikolic Hall un fort\u00edn para los de Sasa Obradovic.<\/p>\n<p><img decoding=\"async\" src=\"https:\/\/www.europesays.com\/es\/wp-content\/uploads\/2026\/01\/c5795d18-7d84-4947-aef6-0c438e3790f0_alta-libre-aspect-ratio_default_0.jpg\" width=\"1200\" height=\"800\" alt=\"Darius Thompson, disponible de nuevo tras descansar en el partido ante el Baxi Manresa.\" class=\"ft-helper-img-rd\" loading=\"lazy\"\/><\/p>\n<p class=\"ft-helper-fontColor-quaternary ft-helper-fontSize-body-S ft-helper-spacer-t-xxs\">Darius Thompson, disponible de nuevo tras descansar en el partido ante el Baxi Manresa.  \/ Miguel \u00c1ngel Montesinos<\/p>\n<p>Cambios y descansos<\/p>\n<p class=\"ft-text\">Los taronja, eso s\u00ed, llegan con la confianza de su buen momento de forma y <a class=\"ft-link ft-link--decoration\" href=\"https:\/\/www.superdeporte.es\/valencia-basket\/2025\/11\/21\/valencia-basket-vence-autentica-batalla-123996257.html\" rel=\"nofollow noopener\" target=\"_blank\"><strong>habiendo ganado ya a este equipo en la primera vuelta en el Roig Arena<\/strong><\/a>, aunque hubo que sufrir hasta el final en un partido en el que los serbios llegaron a tener un \u00faltimo lanzamiento para forzar la pr\u00f3rroga. Respecto a aquel encuentro, el conjunto rojiblanco recupera a Devonte Graham y Ebuka Izundu, ausentes en ese choque por lesi\u00f3n, pero pierde a Uros Plavsic. Mientras, Pedro Mart\u00ednez no cuenta con ninguna baja por lesi\u00f3n.<\/p>\n<p><img decoding=\"async\" src=\"https:\/\/www.europesays.com\/es\/wp-content\/uploads\/2026\/01\/d94913ce-698a-43e0-ae17-022654719f86_alta-libre-aspect-ratio_default_0.jpg\" width=\"1200\" height=\"800\" alt=\"Kameron Taylor, decisivo en el partido de la primera vuelta de la Euroliga ante el Estrella Roja.\" class=\"ft-helper-img-rd\" loading=\"lazy\"\/><\/p>\n<p class=\"ft-helper-fontColor-quaternary ft-helper-fontSize-body-S ft-helper-spacer-t-xxs\">Kameron Taylor, decisivo en el partido de la primera vuelta de la Euroliga ante el Estrella Roja.  \/ Miguel \u00c1ngel Montesinos<\/p>\n<p class=\"ft-text\">En esta ocasi\u00f3n, el Estrella Roja tambi\u00e9n ha comenzado el 2026 con dos victorias. La primera un contundente triunfo en la pista del Anadolu Efes Istanbul por 65-87 que le permite asentarse en la mitad alta de la tabla con un balance de 11-8 para ocupar la novena posici\u00f3n antes de este partido. Y el domingo, en la pista del Perspektiva Ilirija por 74-91 en un partido en el que el entrenador <strong>Sasa Obradovic pudo darle descanso a jugadores importantes como Jared Butler o el extaronja Semi Ojeleye<\/strong>. <a class=\"ft-link ft-link--decoration\" href=\"https:\/\/www.superdeporte.es\/valencia-basket\/2026\/01\/04\/descartes-pedro-martinez-baxi-manresa-roig-arena-liga-endesa-125367325.html\" rel=\"nofollow noopener\" target=\"_blank\">Algo que hizo tambi\u00e9n Pedro Mart\u00ednez ante el Manresa, con Kameron Taylor, Darius Thompson y Yankuba Sima sin entrar en la convocatoria<\/a>.<\/p>\n<p>Entre las mejores defensas<\/p>\n<p class=\"ft-text\"><strong>El partido enfrenta a dos de las mejores defensas de la competici\u00f3n<\/strong> (los serbios son la segunda mejor eficiencia defensiva con 1,10 puntos encajados por posesi\u00f3n y los valencianos la tercera con 1,11) en un choque entre un Valencia Basket que es el que m\u00e1s triples mete y un rival que es el que m\u00e1s baja el porcentaje de acierto de sus rivales desde detr\u00e1s del arco.<\/p>\n<p>Sako analiza el partido<\/p>\n<p class=\"ft-text\">Tras el partido del pasado domingo en el que Neal Sako sum\u00f3 10 puntos y 2 rebotes, el franc\u00e9s destac\u00f3 del pr\u00f3ximo partido de Euroliga que \u201csabemos que <strong>ganar en el campo del Crvena Zvezda es muy dif\u00edcil. Es un equipo con mucho talento, que juega muy f\u00edsico<\/strong>. Vamos a intentar dar nuestro m\u00e1ximo para competir y esperamos tener nuestra opci\u00f3n de poder ganar. Este ritmo de partidos es nuevo para muchos jugadores en el equipo. En enero tenemos doce partidos, eso s\u00ed que es nuevo para todos, pero somos muchos jugadores y pienso que vamos a estar bien\u201d.<\/p>\n<p>Moneke-Nwora, dupla temible<\/p>\n<p class=\"ft-text\">Solo hay dos equipos que tengan a dos jugadores entre los diez m\u00e1s valorados de la Euroliga. Y el Estrella Roja es uno de ellos. <strong>El ala-p\u00edvot Chima Moneke es el cuarto jugador con mejor valoraci\u00f3n del torneo (19,7 cr\u00e9ditos)<\/strong> con una tarjeta de 14,4 puntos siendo el d\u00e9cimo que m\u00e1s canastas de dos mete (4,3) y el sexto que m\u00e1s tiros libres encesta (4,5) siendo el que m\u00e1s veces va a la l\u00ednea de personal (5,9). El nigeriano es segundo en rebotes totales (7,7) y el mejor reboteador defensivo del torneo (5,5), a lo que a\u00f1ade 1,9 asistencias y ser el s\u00e9ptimo en faltas recibidas (4,5).<strong> El escolta Jordan Nwora es el noveno jugador m\u00e1s valorado de la competici\u00f3n (18,3)<\/strong> siendo el s\u00e9ptimo m\u00e1ximo anotador (17,5 puntos) con la novena mejor marca en canastas de dos (4,4) y un interesante 37,1% en triples. Es el quinto mejor reboteador defensivo (4,2) para un total de 4,7 rebotes y tercero en recuperaciones (1,5), adem\u00e1s de repartir 1,4 asistencias y recibir 3,8 faltas por partido.<\/p>\n","protected":false},"excerpt":{"rendered":"La segunda vuelta de la Euroliga arranca este martes con el Valencia Basket en lo alto de la&hellip;\n","protected":false},"author":2,"featured_media":325261,"comment_status":"","ping_status":"","sticky":false,"template":"","format":"standard","meta":{"footnotes":""},"categories":[269],"tags":[299,298,14082,4616,1616,168,25,24,14267,833,13686,37370,13644,23,167,235,2916],"class_list":{"0":"post-325260","1":"post","2":"type-post","3":"status-publish","4":"format-standard","5":"has-post-thumbnail","7":"category-baloncesto","8":"tag-baloncesto","9":"tag-basketball","10":"tag-belgrado","11":"tag-clasificacion","12":"tag-defensa","13":"tag-deportes","14":"tag-es","15":"tag-espana","16":"tag-estrella","17":"tag-euroliga","18":"tag-liderato","19":"tag-neal-sako","20":"tag-roja","21":"tag-spain","22":"tag-sports","23":"tag-valencia","24":"tag-valencia-basket"},"share_on_mastodon":{"url":"https:\/\/pubeurope.com\/@es\/115845822104492737","error":""},"_links":{"self":[{"href":"https:\/\/www.europesays.com\/es\/wp-json\/wp\/v2\/posts\/325260","targetHints":{"allow":["GET"]}}],"collection":[{"href":"https:\/\/www.europesays.com\/es\/wp-json\/wp\/v2\/posts"}],"about":[{"href":"https:\/\/www.europesays.com\/es\/wp-json\/wp\/v2\/types\/post"}],"author":[{"embeddable":true,"href":"https:\/\/www.europesays.com\/es\/wp-json\/wp\/v2\/users\/2"}],"replies":[{"embeddable":true,"href":"https:\/\/www.europesays.com\/es\/wp-json\/wp\/v2\/comments?post=325260"}],"version-history":[{"count":0,"href":"https:\/\/www.europesays.com\/es\/wp-json\/wp\/v2\/posts\/325260\/revisions"}],"wp:featuredmedia":[{"embeddable":true,"href":"https:\/\/www.europesays.com\/es\/wp-json\/wp\/v2\/media\/325261"}],"wp:attachment":[{"href":"https:\/\/www.europesays.com\/es\/wp-json\/wp\/v2\/media?parent=325260"}],"wp:term":[{"taxonomy":"category","embeddable":true,"href":"https:\/\/www.europesays.com\/es\/wp-json\/wp\/v2\/categories?post=325260"},{"taxonomy":"post_tag","embeddable":true,"href":"https:\/\/www.europesays.com\/es\/wp-json\/wp\/v2\/tags?post=325260"}],"curies":[{"name":"wp","href":"https:\/\/api.w.org\/{rel}","templated":true}]}}