{"id":325264,"date":"2026-01-06T02:36:09","date_gmt":"2026-01-06T02:36:09","guid":{"rendered":"https:\/\/www.europesays.com\/es\/325264\/"},"modified":"2026-01-06T02:36:09","modified_gmt":"2026-01-06T02:36:09","slug":"el-ingreso-de-urgencia-de-sara-carbonero-durante-sus-vacaciones-navidenas-dispara-la-preocupacion","status":"publish","type":"post","link":"https:\/\/www.europesays.com\/es\/325264\/","title":{"rendered":"El ingreso de urgencia de Sara Carbonero durante sus vacaciones navide\u00f1as dispara la preocupaci\u00f3n"},"content":{"rendered":"<p class=\"paragraph\">Momentos delicados para<a href=\"https:\/\/www.esdiario.com\/chismografo\/251211\/174448\/isabel-jimenez-desvela-detalles-ruptura-practicamente-conocia-sara-carbonero.html\" title=\"Isabel Jim\u00e9nez desvela detalles de su ruptura que pr\u00e1cticamente no conoc\u00eda m\u00e1s que Sara Carbonero\" rel=\"nofollow noopener\" target=\"_blank\"> <b>Sara Carbonero<\/b> <\/a>los que est\u00e1 pasando estas vacaciones de Navidad. Seg\u00fan la revista <b>Semana<\/b>, la presentadora tuvo\u00a0que ser ingresada de urgencia en Lanzarote mientras disfrutaba de unos d\u00edas de descanso en Canarias, lo que ha encendido de nuevo las alarmas sobre su estado de salud.\u00a0<\/p>\n<p class=\"paragraph\">Cabe se\u00f1alar que Carbonero hab\u00eda dado la bienvenida a 2026 en La Graciosa rodeada de amigos \u00edntimos como su comadre <b>Isabel Jim\u00e9nez<\/b> y compartiendo im\u00e1genes de mar, calma y \u00abcompa\u00f1\u00eda de lujo\u00bb. Sin embargo, sus vacaciones se truncaron por unas molestias que la llevaron directamente a urgencias.<\/p>\n<p class=\"paragraph\">Seg\u00fan la informaci\u00f3n publicada por la revista, Sara (41 a\u00f1os), comenz\u00f3 a encontrarse mal y decidi\u00f3 acudir al hospital, donde fue atendida de inmediato y se decidi\u00f3 su ingreso para mantenerla en observaci\u00f3n y realizarle distintas pruebas. Este nuevo susto llega despu\u00e9s de varios antecedentes m\u00e9dicos que han marcado su vida en los \u00faltimos a\u00f1os, como el c\u00e1ncer de ovario que se le detect\u00f3 en 2019 y las posteriores intervenciones de urgencia que ya obligaron a que fuera hospitalizada en la Cl\u00ednica Universidad de Navarra en 2021 y 2022.<\/p>\n<p>            <a href=\"#\" title=\"\"><\/p>\n<p>                    <img loading=\"lazy\" decoding=\"async\" data-index=\"\" width=\"140\" height=\"140\" alt=\"Iker Casillas tiene una l\u00ednea roja y esa son sus hijos.\" data-full=\"[object Object]\" data-original=\"[object Object]\" src=\"https:\/\/imagenes.esdiario.com\/files\/related_image\/uploads\/2025\/02\/12\/67aca588e39f8.jpeg\" data-full-src=\"https:\/\/www.europesays.com\/es\/wp-content\/uploads\/2026\/01\/67aca588e39f8.jpeg\"\/><\/p>\n<p>            <\/a><\/p>\n<p class=\"paragraph\">Todo ello sin olvidar que la periodista relat\u00f3 recientemente que uno de los a\u00f1os pasados fue \u00abel peor de su vida\u00bb y que 2025 hab\u00eda supuesto para ella una etapa de reconexi\u00f3n, reflexi\u00f3n y b\u00fasqueda de calma, algo que explicaba el simbolismo de empezar 2026 en un entorno tan sereno como La Graciosa.\u00a0<\/p>\n<p class=\"paragraph\">En su \u00faltimo mensaje p\u00fablico de A\u00f1o Nuevo ped\u00eda \u00absalud y amor\u00bb y un a\u00f1o \u00ablleno de paz y tranquilidad, de momentos que cuenten y de personas que sumen\u00bb, unas palabras que ahora cobran un significado especial tras ver la luz este ingreso inesperado en Lanzarote.<\/p>\n","protected":false},"excerpt":{"rendered":"Momentos delicados para Sara Carbonero los que est\u00e1 pasando estas vacaciones de Navidad. Seg\u00fan la revista Semana, la&hellip;\n","protected":false},"author":2,"featured_media":325265,"comment_status":"","ping_status":"","sticky":false,"template":"","format":"standard","meta":{"footnotes":""},"categories":[174],"tags":[255,146,147,25,24,256,2951,15968,23,2110],"class_list":{"0":"post-325264","1":"post","2":"type-post","3":"status-publish","4":"format-standard","5":"has-post-thumbnail","7":"category-famosos","8":"tag-celebrities","9":"tag-entertainment","10":"tag-entretenimiento","11":"tag-es","12":"tag-espana","13":"tag-famosos","14":"tag-navidad","15":"tag-sara-carbonero","16":"tag-spain","17":"tag-vacaciones"},"share_on_mastodon":{"url":"https:\/\/pubeurope.com\/@es\/115845829923198618","error":""},"_links":{"self":[{"href":"https:\/\/www.europesays.com\/es\/wp-json\/wp\/v2\/posts\/325264","targetHints":{"allow":["GET"]}}],"collection":[{"href":"https:\/\/www.europesays.com\/es\/wp-json\/wp\/v2\/posts"}],"about":[{"href":"https:\/\/www.europesays.com\/es\/wp-json\/wp\/v2\/types\/post"}],"author":[{"embeddable":true,"href":"https:\/\/www.europesays.com\/es\/wp-json\/wp\/v2\/users\/2"}],"replies":[{"embeddable":true,"href":"https:\/\/www.europesays.com\/es\/wp-json\/wp\/v2\/comments?post=325264"}],"version-history":[{"count":0,"href":"https:\/\/www.europesays.com\/es\/wp-json\/wp\/v2\/posts\/325264\/revisions"}],"wp:featuredmedia":[{"embeddable":true,"href":"https:\/\/www.europesays.com\/es\/wp-json\/wp\/v2\/media\/325265"}],"wp:attachment":[{"href":"https:\/\/www.europesays.com\/es\/wp-json\/wp\/v2\/media?parent=325264"}],"wp:term":[{"taxonomy":"category","embeddable":true,"href":"https:\/\/www.europesays.com\/es\/wp-json\/wp\/v2\/categories?post=325264"},{"taxonomy":"post_tag","embeddable":true,"href":"https:\/\/www.europesays.com\/es\/wp-json\/wp\/v2\/tags?post=325264"}],"curies":[{"name":"wp","href":"https:\/\/api.w.org\/{rel}","templated":true}]}}