{"id":325266,"date":"2026-01-06T02:39:13","date_gmt":"2026-01-06T02:39:13","guid":{"rendered":"https:\/\/www.europesays.com\/es\/325266\/"},"modified":"2026-01-06T02:39:13","modified_gmt":"2026-01-06T02:39:13","slug":"ideal-para-disfrutar-en-maraton","status":"publish","type":"post","link":"https:\/\/www.europesays.com\/es\/325266\/","title":{"rendered":"ideal para disfrutar en marat\u00f3n"},"content":{"rendered":"<p class=\"c-paragraph\"><b>Las series de \u00e9poca<\/b> siempre son una gran alternativa para hacer un marat\u00f3n frente a la televisi\u00f3n, como ejemplifican a la perfecci\u00f3n Downton Abbey o <a href=\"https:\/\/www.20minutos.es\/cinemania\/series\/donde-cuando-ver-forsyte-serie-downton-abbey-succession-movistar-plus-estreno_6663117_0.html\" rel=\"nofollow noopener\" target=\"_blank\">Los Forsyte.<\/a> Precisamente es <b>en Movistar Plus+ <\/b>donde est\u00e1 disponible una miniserie no muy conocida en Espa\u00f1a pero que cuenta con un <b>reparto lleno de estrellas,<\/b> y no es otra que <b>En la corte del lobo<\/b> (Wolf Hall por su t\u00edtulo original), estrenada hace ya una d\u00e9cada.<\/p>\n<p class=\"c-paragraph\">Esta miniserie <b>adapta las dos primeras novelas<\/b> de la bilog\u00eda hom\u00f3nima <b>escrita por Hilary Mantel,<\/b> ambas galardonadas con el Premio Booker <a href=\"https:\/\/www.20minutos.es\/cinemania\/jane-austen-rtve-play-gratis-teimpo-limitado-orgullo-prejuicio_6911423_0.html\" rel=\"nofollow noopener\" target=\"_blank\">de literatura<\/a> (en 2020, un lustro despu\u00e9s de que llegase la miniserie, lanz\u00f3 la tercera entrega). La producci\u00f3n se centra en la <b>figura de Thomas Cornwell,<\/b> y cuenta con un elenco estelar conformado por <b>Damian Lewis, Mark Rylance, Claire Foy, Tom Holland o Jonathan Pryce,<\/b> entre muchos otros, por lo que es perfecta para verla del tir\u00f3n.<\/p>\n<p>&#8216;En la corte del lobo&#8217;: sinopsis de la serie sobre Enrique VIII<\/p>\n<p class=\"c-paragraph\"><b>Inglaterra, siglo XVI. Enrique VIII<\/b> (Damian Lewis) reina en el pa\u00eds, pero todav\u00eda no tiene un heredero y, si muere sin uno, toda la naci\u00f3n se sumir\u00e1 en una cruenta guerra civil. El rey desea <b>anular su matrimonio<\/b> con la hija de los Reyes Cat\u00f3licos Espa\u00f1a, Catalina de Arag\u00f3n (Joanne Whalley), y <b>casarse con Ana Bolena<\/b> <a href=\"https:\/\/www.20minutos.es\/cinemania\/series\/claire-foy-famosos-niegan-firmar-autografos-boli-azul-explicacion-5200705\/\" rel=\"nofollow noopener\" target=\"_blank\">(Claire Foy),<\/a> aunque eso conlleve romper con Espa\u00f1a y ganarse la <b>enemistad tanto del Papa<\/b> como del resto de Europa.<\/p>\n<p class=\"c-paragraph\">En este tenso contexto surge la <b>hist\u00f3rica figura de Thomas Cornwell<\/b> <a href=\"https:\/\/www.20minutos.es\/cinemania\/noticias\/mark-rylance-jason-statham-blitz-detesto-retiro-cine-5585811\/\" rel=\"nofollow noopener\" target=\"_blank\">(Mark Rylance),<\/a> un idealista y oportunista que poco a poco ir\u00e1 <b>gan\u00e1ndose la confianza del rey, <\/b>escalando en la poderosa jerarqu\u00eda de la corte y siendo la mano derecha de un gobernante vol\u00e1til. Tal ser\u00e1 la influencia de este nuevo cortesano que tendr\u00e1 un <b>papel fundamental en el devenir de la historia de Inglaterra.<\/b><\/p>\n<p>&#8216;En la corte del lobo&#8217;: reparto y cap\u00edtulos en Movistar Plus+<\/p>\n<p class=\"c-paragraph\">Esta miniserie est\u00e1 compuesta <b>dos temporadas de seis episodios<\/b> cada una, los cuales llegaron este mismo 2025 al <a href=\"https:\/\/www.20minutos.es\/cinemania\/series\/mejores-series-2025-netflix-disney-hbo-max-prime-video-movistar-apple-tv_6911300_0.html\" rel=\"nofollow noopener\" target=\"_blank\">cat\u00e1logo de Movistar Plus+.<\/a> La primera temporada, que adapta los dos primeros libros de la trilog\u00eda (En la corte del lobo y Una reina en el estrado), se estren\u00f3 hace una d\u00e9cada, mientras que la <b>segunda entrega, que adapta la tercera novela,<\/b> lo hizo a finales de 2024 en Reino Unido, los <b>doce cap\u00edtulos de una hora de duraci\u00f3n <\/b>cada uno est\u00e1n disponibles en la plataforma de streaming.<\/p>\n<p class=\"c-paragraph\">El reparto de En la corte del lobo, una producci\u00f3n original de la BBC, est\u00e1 liderado por caras tan conocidas como el ganador en los <a href=\"https:\/\/www.20minutos.es\/cinemania\/noticias\/mejor-casting-nueva-categoria-oscar-2026_6911695_0.html\" rel=\"nofollow noopener\" target=\"_blank\">Premios Oscar <\/a><b>Mark Rylance<\/b> (El puente de los esp\u00edas) y <b>Damian Lewis<\/b> (Homeland), pero que tambi\u00e9n juegan un papel crucial un joven <b>Tom Holland<\/b> <a href=\"https:\/\/www.20minutos.es\/cinemania\/noticias\/odisea-christopher-nolan-trailer-epopeya_6913692_0.html\" rel=\"nofollow noopener\" target=\"_blank\">(La odisea)<\/a> y <b>Claire Foy<\/b> (The Crown), as\u00ed como <b>Jonathan Pryce<\/b> (Juego de tronos), <b>Thomas Brodie-Sangster <\/b><a href=\"https:\/\/www.20minutos.es\/cinemania\/noticias\/love-actually-lecciones-imprescindibles-clasico-navideno-tierno-gamberro_5669273_0.html\" rel=\"nofollow noopener\" target=\"_blank\">(Love, Actually)<\/a>\u00a0y <b>Bernard Hill,<\/b> entre otros. La serie fue galardonada en los <b>Globos de Oro y en los Premios BAFTA.<\/b><\/p>\n","protected":false},"excerpt":{"rendered":"Las series de \u00e9poca siempre son una gran alternativa para hacer un marat\u00f3n frente a la televisi\u00f3n, como&hellip;\n","protected":false},"author":2,"featured_media":325267,"comment_status":"","ping_status":"","sticky":false,"template":"","format":"standard","meta":{"footnotes":""},"categories":[171],"tags":[75347,75344,146,147,25,24,75345,1878,267,46177,75346,23,29418,214],"class_list":{"0":"post-325266","1":"post","2":"type-post","3":"status-publish","4":"format-standard","5":"has-post-thumbnail","7":"category-tv","8":"tag-damian-lewis","9":"tag-en-la-corte-del-lobo","10":"tag-entertainment","11":"tag-entretenimiento","12":"tag-es","13":"tag-espana","14":"tag-miniserie-britanica","15":"tag-movistar-plus","16":"tag-planseo","17":"tag-series-de-epoca","18":"tag-siglo-xvi","19":"tag-spain","20":"tag-tom-holland","21":"tag-tv"},"share_on_mastodon":{"url":"https:\/\/pubeurope.com\/@es\/115845841866597684","error":""},"_links":{"self":[{"href":"https:\/\/www.europesays.com\/es\/wp-json\/wp\/v2\/posts\/325266","targetHints":{"allow":["GET"]}}],"collection":[{"href":"https:\/\/www.europesays.com\/es\/wp-json\/wp\/v2\/posts"}],"about":[{"href":"https:\/\/www.europesays.com\/es\/wp-json\/wp\/v2\/types\/post"}],"author":[{"embeddable":true,"href":"https:\/\/www.europesays.com\/es\/wp-json\/wp\/v2\/users\/2"}],"replies":[{"embeddable":true,"href":"https:\/\/www.europesays.com\/es\/wp-json\/wp\/v2\/comments?post=325266"}],"version-history":[{"count":0,"href":"https:\/\/www.europesays.com\/es\/wp-json\/wp\/v2\/posts\/325266\/revisions"}],"wp:featuredmedia":[{"embeddable":true,"href":"https:\/\/www.europesays.com\/es\/wp-json\/wp\/v2\/media\/325267"}],"wp:attachment":[{"href":"https:\/\/www.europesays.com\/es\/wp-json\/wp\/v2\/media?parent=325266"}],"wp:term":[{"taxonomy":"category","embeddable":true,"href":"https:\/\/www.europesays.com\/es\/wp-json\/wp\/v2\/categories?post=325266"},{"taxonomy":"post_tag","embeddable":true,"href":"https:\/\/www.europesays.com\/es\/wp-json\/wp\/v2\/tags?post=325266"}],"curies":[{"name":"wp","href":"https:\/\/api.w.org\/{rel}","templated":true}]}}