{"id":325268,"date":"2026-01-06T02:40:09","date_gmt":"2026-01-06T02:40:09","guid":{"rendered":"https:\/\/www.europesays.com\/es\/325268\/"},"modified":"2026-01-06T02:40:09","modified_gmt":"2026-01-06T02:40:09","slug":"sam-smith-cantante-dedica-carta-al-peru-tras-sus-vacaciones-en-amazonas-machu-picchu-y-cusco","status":"publish","type":"post","link":"https:\/\/www.europesays.com\/es\/325268\/","title":{"rendered":"Sam Smith cantante dedica carta al Per\u00fa tras sus vacaciones en Amazonas Machu Picchu y Cusco"},"content":{"rendered":"<p><a href=\"https:\/\/rpp.pe\/famosos\/celebridades\/sam-smith-disfruta-sus-vacaciones-en-el-amazonas-y-es-captado-en-cusco-tomandose-fotos-con-sus-seguidores-noticia-1670003\" title=\"Sam Smith\" rel=\"follow nofollow noopener\" target=\"_blank\">Sam Smith<\/a> se encuentra muy feliz por su reciente visita al Per\u00fa. El cantante brit\u00e1nico de 33 a\u00f1os comparti\u00f3 este lunes 5 de enero un carrusel de fotograf\u00edas en su cuenta oficial de Instagram donde mostr\u00f3 algunos lugares \u2014y paisajes\u2014 durante su estad\u00eda en el <strong>Amazonas<\/strong>, <strong>Cusco<\/strong>, <strong>Machu Picchu<\/strong>, entre otros centros tur\u00edsticos en el pa\u00eds.<\/p>\n<p>En unas primeras fotos, el int\u00e9rprete de Stay with me y Unholy mostr\u00f3 el cielo azul, los campos de cosecha, las monta\u00f1as y las peque\u00f1as casas de una comunidad en la sierra peruana. Tambi\u00e9n comparti\u00f3 otra imagen donde aparece en un bote paseando por uno de los lagos de la <a href=\"https:\/\/rpp.pe\/peru\/actualidad\/lideres-indigenas-de-peru-brasil-y-colombia-acuerdan-la-creacion-de-una-plataforma-sobre-infraestructura-amazonica-noticia-1658202\" title=\"Amazon\u00eda Peruana\" rel=\"follow nofollow noopener\" target=\"_blank\">Amazon\u00eda Peruana<\/a>, adem\u00e1s de otra foto de una taza con peque\u00f1as hojas de mu\u00f1a para la preparaci\u00f3n de t\u00e9.<\/p>\n<p>De igual manera, el artista internacional comparti\u00f3 la fotograf\u00eda de un oso perezoso colgado en un \u00e1rbol y un platillo de la selva con pescado y pimiento encima de una hoja. Adem\u00e1s, difundi\u00f3 otra foto de la hist\u00f3rica ciudadela de Machu Picchu junto a peque\u00f1os paisajes alrededor.<\/p>\n<p>Entre las \u00faltimas im\u00e1genes, se ve la oscuridad de la selva dejando ver una casa flotante con l\u00e1mparas encendidas. <a href=\"https:\/\/rpp.pe\/musica\/conciertos\/sam-smith-en-lima-el-drama-de-una-noche-desbordante-tras-una-decada-de-musica-cronica-noticia-1541884\" title=\"Smith\" rel=\"follow nofollow noopener\" target=\"_blank\">Smith<\/a> tambi\u00e9n comparti\u00f3 una \u00faltima foto siendo abrazado por un acompa\u00f1ante dentro de un bote mientas disfrutaba del paseo en la selva.<\/p>\n<p>        <img decoding=\"async\" src=\"https:\/\/www.europesays.com\/es\/wp-content\/uploads\/2026\/01\/480048_1826693.jpg\"   alt=\"Sam Smith estuvo las dos \u00faltimas semanas en el interior del Per\u00fa disfrutando de los paisajes.\" title=\"Sam Smith estuvo las dos \u00faltimas semanas en el interior del Per\u00fa disfrutando de los paisajes\" loading=\"lazy\"\/><\/p>\n<p>    Sam Smith estuvo las dos \u00faltimas semanas en el interior del Per\u00fa disfrutando de los paisajes. |<br \/>\n    Fuente: Instagram (samsmith)   <\/p>\n<p>Sam Smith dedica carta al Per\u00fa: \u00abEste viaje ha sido pura magia\u00bb<\/p>\n<p>Eso no es todo. En su publicaci\u00f3n, <a href=\"https:\/\/rpp.pe\/musica\/conciertos\/sam-smith-llega-a-lima-para-ofrecer-un-concierto-noticia-1520581\" title=\"San Smith\" rel=\"follow noopener nofollow\" target=\"_blank\">San Smith<\/a> dedic\u00f3 una carta al Per\u00fa \u201ccon todo su amor\u201d donde expres\u00f3 su felicidad al pasar Navidad y <a href=\"https:\/\/rpp.pe\/famosos\/farandula\/milett-figueroa-celebro-ano-nuevo-2026-sin-marcelo-tinelli-y-aviva-rumores-de-ruptura-noticia-1670055\" title=\"A\u00f1o Nuevo 2026\" rel=\"follow noopener nofollow\" target=\"_blank\">A\u00f1o Nuevo 2026<\/a> en nuestro pa\u00eds.<\/p>\n<p>\u201cQuerido Per\u00fa, durante las \u00faltimas dos semanas he tenido el privilegio de explorar parte de la belleza que tu pa\u00eds guarda con tanto amor. Ha sido uno de los mayores honores de mi vida ser testigo de tu naturaleza impresionante \u2014 pero a\u00fan m\u00e1s que eso, sentir la calidez y la bondad con la que tantas personas hermosas me recibieron en el camino\u201d, sostuvo.<\/p>\n<p>Del mismo modo, el compositor brit\u00e1nico record\u00f3 el concierto que dio en el Estadio Nacional, en Lima, en marzo de 2024. \u201cDespu\u00e9s de mis conciertos en Lima, ya llevaba a Per\u00fa muy dentro de mi coraz\u00f3n. Pero despu\u00e9s de este viaje, mi coraz\u00f3n est\u00e1 desbordado de gratitud\u201d, acot\u00f3.<\/p>\n<p>Es as\u00ed como <a href=\"https:\/\/rpp.pe\/famosos\/celebridades\/sam-smith-en-peru-cantante-llego-a-lima-y-se-tomo-foto-con-sus-fanaticos-video-noticia-1542194\" title=\"Smith\" rel=\"follow noopener nofollow\" target=\"_blank\">Smith<\/a> resalt\u00f3 haber conocido \u201ca su mi primer perezoso en libertad, hasta subir a Machu Picchu, nadar a solo dos metros de un delf\u00edn rosado, beber innumerables tazas de t\u00e9 de mu\u00f1a\u201d, adem\u00e1s, de \u201csu momento, favorito de todos: sentarme en las islas flotantes del lago Titicaca\u201d.<\/p>\n<p>\u201cEste viaje ha sido pura magia. Gracias a todas las personas que guiaron a mis seres queridos y a m\u00ed, y que nos ense\u00f1aron tanto en el camino. No puedo esperar para volver alg\u00fan d\u00eda \u2014ojal\u00e1 no est\u00e9 tan lejos\u2014. Con todo mi amor, infinitamente, Sam\u201d, concluy\u00f3.<\/p>\n<p>        <img decoding=\"async\" src=\"https:\/\/www.europesays.com\/es\/wp-content\/uploads\/2026\/01\/350235_1826694.jpg\"   alt=\"Sam Smith emocionado al conocer \" a=\"\" su=\"\" primer=\"\" perezoso=\"\" en=\"\" libertad=\"\" title=\"Sam Smith emocionado al conocer \" loading=\"lazy\"\/><\/p>\n<p>    Sam Smith emocionado al conocer \u00aba su primer perezoso en libertad\u00bb. |<br \/>\n    Fuente: Instagram (samsmith)   <\/p>\n<p>Sam Smith disfrut\u00f3 sus vacaciones en el Cusco y el Amazonas<\/p>\n<p><a href=\"https:\/\/rpp.pe\/famosos\/celebridades\/sam-smith-disfruta-sus-vacaciones-en-el-amazonas-y-es-captado-en-cusco-tomandose-fotos-con-sus-seguidores-noticia-1670003\" title=\"Sam Smith\" rel=\"follow nofollow noopener\" target=\"_blank\">Sam Smith<\/a> fue visto en Cusco durante las celebraciones por la llegada del <a href=\"https:\/\/rpp.pe\/famosos\/farandula\/xiomy-kanashiro-y-la-madre-de-jefferson-farfan-celebran-juntas-el-ano-nuevo-fotos-noticia-1670335\" title=\"A\u00f1o Nuevo 2026\" rel=\"follow nofollow noopener\" target=\"_blank\">A\u00f1o Nuevo 2026<\/a>. El artista arrib\u00f3 a la ciudad imperial para pasar unos d\u00edas de descanso, lo que gener\u00f3 sorpresa entre turistas y residentes que lograron reconocerlo mientras recorr\u00eda distintas zonas del centro hist\u00f3rico.<\/p>\n<p>Diversos videos y fotograf\u00edas comenzaron a circular en redes sociales, donde se observa al int\u00e9rprete de I&#8217;m Not The Only One interactuando con algunas personas el \u00faltimo jueves.<\/p>\n<p>Horas antes de que estas im\u00e1genes se volvieran virales, el artista brit\u00e1nico comparti\u00f3 en su cuenta de Instagram tres fotograf\u00edas desde la Amazon\u00eda; sin embargo, no especific\u00f3 el lugar exacto en el que se encontraba, aunque en la secci\u00f3n de comentarios hay personas que aseguran haberlo visto en Iquitos.<\/p>\n<p>\u00abFeliz a\u00f1o nuevo, mundo. Amor desde el Amazonas\u00bb, escribi\u00f3 el artista.<\/p>\n<p>Como se recuerda, <a href=\"https:\/\/rpp.pe\/famosos\/celebridades\/sam-smith-envia-mensaje-a-sus-fans-en-peru-antes-de-concierto-en-lima-noticia-1541414\" title=\"Sam Smith\" rel=\"follow nofollow noopener\" target=\"_blank\">Sam Smith<\/a> estuvo en Lima en 2024 para ofrecer un concierto en la Tribuna Norte del Estadio Nacional como parte de su gira Gloria: The Blackout. El cantante\u00a0salt\u00f3 a la fama con \u00e9xitos como Stay with Me, I&#8217;m Not The Only One y Unholy, ganando m\u00faltiples premios Grammy y un premio Oscar.<\/p>\n<p>            <a href=\"https:\/\/www.whatsapp.com\/channel\/0029VZztxLS3gvWYKY1YWN1I\" class=\"button button--whatsapp button--nothov button--block flex-1\" rel=\"noopener noreferrer nofollow\" target=\"_blank\"><\/p>\n<p>              \u00danete a nuestro canal en WhatsApp<br \/>\n            <\/a><br \/>\n            <a href=\"https:\/\/news.google.com\/publications\/CAAiEPS-1PTwo1fhyncujsNXKmcqFAgKIhD0vtT08KNX4cp3Lo7DVypn?hl=es-419&amp;gl=PE&amp;ceid=PE%3Aes-419\" class=\"button button--transparent button--outline button--nothov button--block flex-1\" rel=\"noopener noreferrer nofollow\" target=\"_blank\"><\/p>\n<p>                  Siguenos en<br \/>\n                  <img decoding=\"async\" src=\"https:\/\/s2.rpp-noticias.io\/static\/dist\/img\/logo-googlenews.svg\" width=\"131\" height=\"20\" alt=\"Google News\" loading=\"lazy\"\/><\/p>\n<p>            <\/a><\/p>\n","protected":false},"excerpt":{"rendered":"Sam Smith se encuentra muy feliz por su reciente visita al Per\u00fa. El cantante brit\u00e1nico de 33 a\u00f1os&hellip;\n","protected":false},"author":2,"featured_media":325269,"comment_status":"","ping_status":"","sticky":false,"template":"","format":"standard","meta":{"footnotes":""},"categories":[170],"tags":[15230,74957,146,147,25,24,256,184,185,1922,2787,23],"class_list":{"0":"post-325268","1":"post","2":"type-post","3":"status-publish","4":"format-standard","5":"has-post-thumbnail","7":"category-musica","8":"tag-amazonas","9":"tag-cusco","10":"tag-entertainment","11":"tag-entretenimiento","12":"tag-es","13":"tag-espana","14":"tag-famosos","15":"tag-music","16":"tag-musica","17":"tag-redes-sociales","18":"tag-sam-smith","19":"tag-spain"},"share_on_mastodon":{"url":"https:\/\/pubeurope.com\/@es\/115845846111417011","error":""},"_links":{"self":[{"href":"https:\/\/www.europesays.com\/es\/wp-json\/wp\/v2\/posts\/325268","targetHints":{"allow":["GET"]}}],"collection":[{"href":"https:\/\/www.europesays.com\/es\/wp-json\/wp\/v2\/posts"}],"about":[{"href":"https:\/\/www.europesays.com\/es\/wp-json\/wp\/v2\/types\/post"}],"author":[{"embeddable":true,"href":"https:\/\/www.europesays.com\/es\/wp-json\/wp\/v2\/users\/2"}],"replies":[{"embeddable":true,"href":"https:\/\/www.europesays.com\/es\/wp-json\/wp\/v2\/comments?post=325268"}],"version-history":[{"count":0,"href":"https:\/\/www.europesays.com\/es\/wp-json\/wp\/v2\/posts\/325268\/revisions"}],"wp:featuredmedia":[{"embeddable":true,"href":"https:\/\/www.europesays.com\/es\/wp-json\/wp\/v2\/media\/325269"}],"wp:attachment":[{"href":"https:\/\/www.europesays.com\/es\/wp-json\/wp\/v2\/media?parent=325268"}],"wp:term":[{"taxonomy":"category","embeddable":true,"href":"https:\/\/www.europesays.com\/es\/wp-json\/wp\/v2\/categories?post=325268"},{"taxonomy":"post_tag","embeddable":true,"href":"https:\/\/www.europesays.com\/es\/wp-json\/wp\/v2\/tags?post=325268"}],"curies":[{"name":"wp","href":"https:\/\/api.w.org\/{rel}","templated":true}]}}