{"id":325292,"date":"2026-01-06T02:57:11","date_gmt":"2026-01-06T02:57:11","guid":{"rendered":"https:\/\/www.europesays.com\/es\/325292\/"},"modified":"2026-01-06T02:57:11","modified_gmt":"2026-01-06T02:57:11","slug":"salimos-perjudicados-sin-tener-culpa-de-nada","status":"publish","type":"post","link":"https:\/\/www.europesays.com\/es\/325292\/","title":{"rendered":"Salimos perjudicados sin tener culpa de nada"},"content":{"rendered":"<p class=\"ft-text\">Sin tiempo para celebrar el triunfo ante el <strong>Real Madrid<\/strong> en el \u00faltimo Cl\u00e1sico,<a class=\"ft-link ft-link--decoration\" href=\"https:\/\/www.sport.es\/es\/noticias\/barca\/baloncesto\/barca-maccabi-tel-aviv-horario-125393168\" rel=\"nofollow noopener\" target=\"_blank\"><strong> el Bar\u00e7a ya solo tiene en mente el partido ante Maccabi Tel Aviv de este martes (20:30h CET)<\/strong><\/a> correspondiente a la vig\u00e9sima jornada de la <strong>Euroliga,<\/strong> la primera de la segunda vuelta.<\/p>\n<p class=\"ft-text\">Un partido que, por motivos de seguridad, se jugar\u00e1 a puerta cerrada ante uno de los equipos que en mejor forma se encuentra en la competici\u00f3n continental, <strong>habiendo ganado cinco de sus \u00faltimos seis duelos.<\/strong> Una situaci\u00f3n, la de jugar sin p\u00fablico en casa, que no ha gustado nada a <strong>Xavi Pascual.<\/strong> \u00abNos seguir\u00e1n a trav\u00e9s de la tele y tenemos que ganar por la afici\u00f3n. <strong>Los vamos a echar mucho de menos, es una situaci\u00f3n en la que salimos perjudicados sin tener culpa de nada, y la verdad es que no me gusta nada jugar sin nuestro p\u00fablico.<\/strong> Pero es lo que hay, nos tenemos que adaptar y ganar en cualquier caso\u00bb, coment\u00f3 en la previa el t\u00e9cnico azulgrana.<\/p>\n<p><img decoding=\"async\" src=\"https:\/\/www.europesays.com\/es\/wp-content\/uploads\/2026\/01\/19e0f363-0af4-4522-ade9-0128d1c75411_alta-libre-aspect-ratio_default_0.jpg\" width=\"1200\" height=\"675\" alt=\"El plan de Xavi Pascual volvi\u00f3 a salir a la perfecci\u00f3n para derrotar al Real Madrid en el primer Cl\u00e1sico de 2026\" class=\"ft-helper-img-rd\" loading=\"lazy\"\/><\/p>\n<p class=\"ft-helper-fontColor-quaternary ft-helper-fontSize-body-S ft-helper-spacer-t-xxs\">El plan de Xavi Pascual volvi\u00f3 a salir a la perfecci\u00f3n para derrotar al Real Madrid en el primer Cl\u00e1sico de 2026  \/ ACB Photo &#8211; Borja B. Hojas<\/p>\n<p>Pascual apela a una buena versi\u00f3n defensiva de los suyos<\/p>\n<p class=\"ft-text\">Un Pascual que advirti\u00f3 de <strong>los peligros del conjunto israel\u00ed,<\/strong> al que ser\u00e1 clave tratar de parar a trav\u00e9s de una gran defensa: <strong>\u00abSon un equipo muy atl\u00e9tico, con mucha calidad individual,<\/strong> en cualquier partido alguno de sus peque\u00f1os te la puede liar por ese talento que les hace entrar en racha y que hace que sea dif\u00edcil de parar. Todos sus grandes pueden tirar y abren mucho el campo para que los peque\u00f1os tengan mucho espacio para poder penetrar. <strong>Son un equipo muy dif\u00edcil de defender, pero nosotros tenemos que hacer nuestro partido, jugar bien en ambos lados de la pista y tener un buen d\u00eda para poder ganar\u00bb,<\/strong> coment\u00f3.<\/p>\n<p class=\"ft-text\">\u00abLa victoria ante el Real Madrid ha sentado bien en el equipo, pero ya estamos enfocados en el partido ante Maccabi. <strong>Ser\u00e1 dif\u00edcil, ellos est\u00e1n en un muy buen momento, y primero de todo nos tenemos que acostumbrar a esta situaci\u00f3n de jugar sin p\u00fablico,<\/strong> adaptarnos a este partido despu\u00e9s de las emociones tras el Cl\u00e1sico, que siempre que ganas un partido grande siempre cuesta mucho. <strong>Esta semana tenemos tres partidos clave\u00bb,<\/strong> record\u00f3 un Pascual que no olvida que el equipo se medir\u00e1 el viernes (20:30h CET) al <strong>Partiz\u00e1n<\/strong> de <strong>Joan Pe\u00f1arroya<\/strong> y el domingo a <strong>Covir\u00e1n Granada (17h CET),<\/strong> en un duelo en el que el equipo catal\u00e1n puede sellar su clasificaci\u00f3n para la <strong>Copa del Rey.<\/strong><\/p>\n<p>Norris, encantado con su momento en el Bar\u00e7a<\/p>\n<p class=\"ft-text\">En la previa del partido ante Maccabi tambi\u00e9n tom\u00f3 la palabra <strong>Miles Norris.<\/strong> El ala-p\u00edvot estadounidense atraviesa un gran estado de forma y est\u00e1 aprovechando todas las oportunidades que le est\u00e1 otorgando Pascual. \u00ab<strong>Me siento bien<\/strong>, siempre es bueno conseguir una victoria como la de ayer. Intentamos mantener esa inercia, as\u00ed que lo que buscamos es venir aqu\u00ed, poner el cuerpo a punto y tambi\u00e9n la cabeza de cara al partido de ma\u00f1ana. <strong>Mentalmente, estamos bastante bien<\/strong>, <strong>llegamos preparados a cada partido, con la mentalidad adecuada, y venimos a los entrenamientos con ese mismo enfoque\u00bb<\/strong>, coment\u00f3.<\/p>\n<p class=\"ft-text\">Un Norris que tambi\u00e9n valor\u00f3 de manera positiva el momento que atraviesa el equipo. \u00abSiento que <strong>estamos en un buen momento durante la temporada<\/strong>. Hay muchos jugadores que llevan haciendo esto desde hace mucho tiempo, as\u00ed que est\u00e1n bastante acostumbrados al calendario. Para m\u00ed, la verdad es que est\u00e1 yendo bastante bien. <strong>Con los viajes y los partidos fuera de casa lo estoy disfrutando, y creo que todo el mundo tambi\u00e9n lo est\u00e1 haciendo\u00bb.<\/strong><\/p>\n<p><img decoding=\"async\" src=\"https:\/\/www.europesays.com\/es\/wp-content\/uploads\/2026\/01\/54a5c9b2-afb0-46aa-8cd1-9e19bfabca16_alta-libre-aspect-ratio_default_0.jpg\" width=\"1200\" height=\"675\" alt=\"Miles Norris vive su mejor momento desde que fich\u00f3 por el Bar\u00e7a\" class=\"ft-helper-img-rd\" loading=\"lazy\"\/><\/p>\n<p class=\"ft-helper-fontColor-quaternary ft-helper-fontSize-body-S ft-helper-spacer-t-xxs\">Miles Norris vive su mejor momento desde que fich\u00f3 por el Bar\u00e7a  \/ Twitter: @Fcbbasket<\/p>\n<p class=\"ft-text\">Por \u00faltimo, Norris tiene claro que <strong>el duelo ante Maccabi ser\u00e1 de m\u00e1xima exigencia,<\/strong> y espera tener delante a un rival motivado tras lo que ocurri\u00f3 en la primera vuelta, con la victoria del <strong>Bar\u00e7a<\/strong> por <strong>71-92.<\/strong><\/p>\n<p>\u00abNos encantar\u00eda jugar con nuestra afici\u00f3n\u00bb<\/p>\n<p class=\"ft-text\">\u00abVa a ser <strong>un partido de alta intensidad<\/strong>. Evidentemente, como les ganamos hace un par de meses, creo que van a venir aqu\u00ed muy preparados para intentar llevarse la victoria. Pero nuestro objetivo es claro: jugar duro y ganar. <strong>Nos encanta tener a los aficionados aqu\u00ed, pero por desgracia ma\u00f1ana no ser\u00e1 posible. Aun as\u00ed, tenemos el mismo objetivo y la misma mentalidad de siempre: salir en cada partido a intentar ganar\u00bb,<\/strong> concluy\u00f3.<\/p>\n","protected":false},"excerpt":{"rendered":"Sin tiempo para celebrar el triunfo ante el Real Madrid en el \u00faltimo Cl\u00e1sico, el Bar\u00e7a ya solo&hellip;\n","protected":false},"author":2,"featured_media":325293,"comment_status":"","ping_status":"","sticky":false,"template":"","format":"standard","meta":{"footnotes":""},"categories":[269],"tags":[299,2296,298,7473,168,25,24,833,15139,5559,4816,4582,740,23,167,6278],"class_list":{"0":"post-325292","1":"post","2":"type-post","3":"status-publish","4":"format-standard","5":"has-post-thumbnail","7":"category-baloncesto","8":"tag-baloncesto","9":"tag-barca","10":"tag-basketball","11":"tag-cerrada","12":"tag-deportes","13":"tag-es","14":"tag-espana","15":"tag-euroliga","16":"tag-maccabi","17":"tag-miles","18":"tag-norris","19":"tag-pascual","20":"tag-puerta","21":"tag-spain","22":"tag-sports","23":"tag-xavi"},"share_on_mastodon":{"url":"https:\/\/pubeurope.com\/@es\/115845912613288709","error":""},"_links":{"self":[{"href":"https:\/\/www.europesays.com\/es\/wp-json\/wp\/v2\/posts\/325292","targetHints":{"allow":["GET"]}}],"collection":[{"href":"https:\/\/www.europesays.com\/es\/wp-json\/wp\/v2\/posts"}],"about":[{"href":"https:\/\/www.europesays.com\/es\/wp-json\/wp\/v2\/types\/post"}],"author":[{"embeddable":true,"href":"https:\/\/www.europesays.com\/es\/wp-json\/wp\/v2\/users\/2"}],"replies":[{"embeddable":true,"href":"https:\/\/www.europesays.com\/es\/wp-json\/wp\/v2\/comments?post=325292"}],"version-history":[{"count":0,"href":"https:\/\/www.europesays.com\/es\/wp-json\/wp\/v2\/posts\/325292\/revisions"}],"wp:featuredmedia":[{"embeddable":true,"href":"https:\/\/www.europesays.com\/es\/wp-json\/wp\/v2\/media\/325293"}],"wp:attachment":[{"href":"https:\/\/www.europesays.com\/es\/wp-json\/wp\/v2\/media?parent=325292"}],"wp:term":[{"taxonomy":"category","embeddable":true,"href":"https:\/\/www.europesays.com\/es\/wp-json\/wp\/v2\/categories?post=325292"},{"taxonomy":"post_tag","embeddable":true,"href":"https:\/\/www.europesays.com\/es\/wp-json\/wp\/v2\/tags?post=325292"}],"curies":[{"name":"wp","href":"https:\/\/api.w.org\/{rel}","templated":true}]}}