{"id":325304,"date":"2026-01-06T03:05:07","date_gmt":"2026-01-06T03:05:07","guid":{"rendered":"https:\/\/www.europesays.com\/es\/325304\/"},"modified":"2026-01-06T03:05:07","modified_gmt":"2026-01-06T03:05:07","slug":"exhibicion-de-akor-adams-con-gol-y-doblete-de-asistencias-en-el-pase-de-nigeria-a-cuartos","status":"publish","type":"post","link":"https:\/\/www.europesays.com\/es\/325304\/","title":{"rendered":"Exhibici\u00f3n de Akor Adams con gol y doblete de asistencias en el pase de Nigeria a cuartos"},"content":{"rendered":"<p>05\/01\/2026<br \/>\n<br \/><strong><br \/>\nActualizado a las 22:22h.<br \/>\n<\/strong><\/p>\n<p class=\"voc-p\" style=\"\"><strong>Nigeria<\/strong> est\u00e1 en cuartos de la <strong>Copa de \u00c1frica<\/strong> tras golear con contundencia a <strong>Mozambique (4-0)<\/strong> en el Estadio de Fez (Marruecos). El ariete del <strong>Sevilla FC<\/strong><strong>Akor Adams<\/strong> fue uno de los protagonistas del encuentro al completar una notable  &#8230; actuaci\u00f3n personal con <strong>dos asistencias y un gol<\/strong>, el cuarto de las &#8216;S\u00faper \u00c1guilas&#8217;. El punta sevillista fue titular formando pareja en ataque con Victor Osimhen y no defraud\u00f3 a su seleccionador, \u00c9ric Chelle, al que sigui\u00f3 devolvi\u00e9ndole la confianza que le est\u00e1 dando en esta Copa de \u00c1frica con un rendimiento excepcional.<\/p>\n<p class=\"voc-p\" style=\"\">Akor jug\u00f3 86 minutos de partido, hasta que ocup\u00f3 su lugar en el campo en el intrascendente tramo final el ex del Villarreal y actual jugador del Fulham Samu Chukwueze. El otro sevillista en las filas de Nigeria, <strong>Chidera Ejuke<\/strong>, no tuvo participaci\u00f3n y vivi\u00f3 el choque desde el banquillo.<\/p>\n<p class=\"voc-p\" style=\"\"><strong>Akor Adams asisti\u00f3 a Lookman<\/strong> en el minuto 20 para el 1-0 de Nigeria y posteriormente el sevillista <strong>tambi\u00e9n dio el pase gol en el 2-0<\/strong>, en el minuto 25, en este caso a <strong>Osimhen<\/strong>. El delantero del Galatasaray firmar\u00eda tambi\u00e9n el 3-0 de los nigerianos en el 47, completando su doblete particular. La guinda de la goleada llev\u00f3 la r\u00fabrica de un <strong>Akor Adams que no desaprovech\u00f3 el servicio del mediapunta del Atalanta Ademola Lookman<\/strong> para recortar a su par y clavar el bal\u00f3n en la escuadra en una definici\u00f3n imposible para el meta de Mozambique.<\/p>\n<p class=\"voc-p\" style=\"\"><strong>Nigeria jugar\u00e1 los cuartos de final de la Copa de \u00c1frica el s\u00e1bado 10 de enero<\/strong> a las 17.00 horas ante el ganador del cruce entre Argelia y Rep\u00fablica Democr\u00e1tica del Congo. <strong>El Sevilla FC juega su partido de la jornada 19\u00aa ante el Celta el lunes 12 a las 21.00<\/strong> en el S\u00e1nchez-Pizju\u00e1n, con lo que estar\u00e1 muy pendiente de lo que hagan sus nigerianos Akor y Ejuke dos d\u00edas antes para ver si contin\u00faan adelante en el torneo africano o por el contrario emprenden viaje de vuelta a Sevilla.<\/p>\n<p>\nArt\u00edculo solo para suscriptores\n<\/p>\n<p>Reportar un error<\/p>\n","protected":false},"excerpt":{"rendered":"05\/01\/2026 Actualizado a las 22:22h. Nigeria est\u00e1 en cuartos de la Copa de \u00c1frica tras golear con contundencia&hellip;\n","protected":false},"author":2,"featured_media":325305,"comment_status":"","ping_status":"","sticky":false,"template":"","format":"standard","meta":{"footnotes":""},"categories":[93],"tags":[22791,4850,47746,11059,168,1354,25,24,608,3689,25639,1301,23,167],"class_list":{"0":"post-325304","1":"post","2":"type-post","3":"status-publish","4":"format-standard","5":"has-post-thumbnail","7":"category-deportes","8":"tag-adams","9":"tag-akor","10":"tag-asistencias","11":"tag-cuartos","12":"tag-deportes","13":"tag-doblete","14":"tag-es","15":"tag-espana","16":"tag-exhibicion","17":"tag-gol","18":"tag-nigeria","19":"tag-pase","20":"tag-spain","21":"tag-sports"},"share_on_mastodon":{"url":"https:\/\/pubeurope.com\/@es\/115845944011256726","error":""},"_links":{"self":[{"href":"https:\/\/www.europesays.com\/es\/wp-json\/wp\/v2\/posts\/325304","targetHints":{"allow":["GET"]}}],"collection":[{"href":"https:\/\/www.europesays.com\/es\/wp-json\/wp\/v2\/posts"}],"about":[{"href":"https:\/\/www.europesays.com\/es\/wp-json\/wp\/v2\/types\/post"}],"author":[{"embeddable":true,"href":"https:\/\/www.europesays.com\/es\/wp-json\/wp\/v2\/users\/2"}],"replies":[{"embeddable":true,"href":"https:\/\/www.europesays.com\/es\/wp-json\/wp\/v2\/comments?post=325304"}],"version-history":[{"count":0,"href":"https:\/\/www.europesays.com\/es\/wp-json\/wp\/v2\/posts\/325304\/revisions"}],"wp:featuredmedia":[{"embeddable":true,"href":"https:\/\/www.europesays.com\/es\/wp-json\/wp\/v2\/media\/325305"}],"wp:attachment":[{"href":"https:\/\/www.europesays.com\/es\/wp-json\/wp\/v2\/media?parent=325304"}],"wp:term":[{"taxonomy":"category","embeddable":true,"href":"https:\/\/www.europesays.com\/es\/wp-json\/wp\/v2\/categories?post=325304"},{"taxonomy":"post_tag","embeddable":true,"href":"https:\/\/www.europesays.com\/es\/wp-json\/wp\/v2\/tags?post=325304"}],"curies":[{"name":"wp","href":"https:\/\/api.w.org\/{rel}","templated":true}]}}