{"id":325316,"date":"2026-01-06T03:11:13","date_gmt":"2026-01-06T03:11:13","guid":{"rendered":"https:\/\/www.europesays.com\/es\/325316\/"},"modified":"2026-01-06T03:11:13","modified_gmt":"2026-01-06T03:11:13","slug":"sus-majestades-los-reyes-magos-llenan-de-ilusion-san-pedro-del-pinatar","status":"publish","type":"post","link":"https:\/\/www.europesays.com\/es\/325316\/","title":{"rendered":"Sus Majestades los Reyes Magos llenan de ilusi\u00f3n San Pedro del Pinatar"},"content":{"rendered":"<p><img fetchpriority=\"high\" decoding=\"async\" width=\"1024\" height=\"683\" src=\"https:\/\/www.europesays.com\/es\/wp-content\/uploads\/2026\/01\/xKYD08291-1024x683.jpg.pagespeed.ic.zhZYauzpdN.jpg\" alt=\"\" class=\"wp-image-81483\"   data-pagespeed-url-hash=\"667206193\" onload=\"pagespeed.CriticalImages.checkImageForCriticality(this);\"\/><\/p>\n<p>Sus Majestades los Reyes Magos de Oriente, visitaron San Pedro del Pinatar en una noche cargada de emoci\u00f3n e ilusi\u00f3n, especialmente para los m\u00e1s peque\u00f1os, en una celebraci\u00f3n que supo adaptarse a las circunstancias meteorol\u00f3gicas sin perder la magia propia de esta tradici\u00f3n.<\/p>\n<p>Debido a la alerta amarilla por lluvia, este a\u00f1o, Melchor, Gaspar y Baltasar, no pudieron realizar la tradicional llegada por mar a la Lonja de Pescados de Lo Pag\u00e1n. Como alternativa, la Cabalgata de Reyes Magos se celebr\u00f3 en un formato est\u00e1tico en el Pabell\u00f3n Pr\u00edncipe de Asturias de San Pedro del Pinatar, organizado en varios pases para facilitar el acceso y evitar aglomeraciones.<\/p>\n<p><img loading=\"lazy\" decoding=\"async\" width=\"1024\" height=\"683\" src=\"https:\/\/www.europesays.com\/es\/wp-content\/uploads\/2026\/01\/KYD08046-1024x683.jpg\" alt=\"\" class=\"wp-image-81484\"   data-pagespeed-url-hash=\"1072889757\" onload=\"pagespeed.CriticalImages.checkImageForCriticality(this);\"\/><\/p>\n<p>Este formato permiti\u00f3 que los ni\u00f1os y ni\u00f1as pudieran disfrutar de una experiencia m\u00e1s cercana, teniendo la oportunidad de saludar a Sus Majestades, conversar con ellos, transmitirles sus deseos y fotografiarse, viviendo de manera directa la ilusi\u00f3n de esta noche tan especial.<\/p>\n<p>Previamente a su llegada al pabell\u00f3n, los Reyes Magos realizaron una emotiva visita al Hogar de Pensionistas de Lo Pag\u00e1n, donde compartieron momentos entra\u00f1ables con peque\u00f1os y mayores.<\/p>\n<p><img loading=\"lazy\" decoding=\"async\" width=\"1024\" height=\"683\" src=\"https:\/\/www.europesays.com\/es\/wp-content\/uploads\/2026\/01\/KYD07894-1024x683.jpg\" alt=\"\" class=\"wp-image-81485\"   data-pagespeed-url-hash=\"2900254059\" onload=\"pagespeed.CriticalImages.checkImageForCriticality(this);\"\/><\/p>\n<p>El recorrido est\u00e1tico cont\u00f3 con la m\u00fasica de Zambomba Flamenca y con la con la participaci\u00f3n de los carboneros, el Ballet Kebanna, y personajes como Mal\u00e9fica, la Pandilla de Drilo, los tres cerditos, Stick, Bluey, Los tres Cerditos, Capericita Roja, Los Pitufos, Pinocho y malabaristas con fuego, entre otros, que aportaron m\u00fasica, color y dinamismo al evento.<\/p>\n<p>Tras los diferentes pases, todos los ni\u00f1os y ni\u00f1as que lo desearon pudieron acercarse a Sus Majestades para conocerlos y hacerse fotograf\u00edas, poniendo el broche final a una jornada inolvidable.<\/p>\n<p><img loading=\"lazy\" decoding=\"async\" width=\"1024\" height=\"683\" src=\"https:\/\/www.europesays.com\/es\/wp-content\/uploads\/2026\/01\/KYD08466-1024x683.jpg\" alt=\"\" class=\"wp-image-81486\"   data-pagespeed-url-hash=\"1130297403\" onload=\"pagespeed.CriticalImages.checkImageForCriticality(this);\"\/><\/p>\n","protected":false},"excerpt":{"rendered":"Sus Majestades los Reyes Magos de Oriente, visitaron San Pedro del Pinatar en una noche cargada de emoci\u00f3n&hellip;\n","protected":false},"author":2,"featured_media":275561,"comment_status":"","ping_status":"","sticky":false,"template":"","format":"standard","meta":{"footnotes":""},"categories":[8],"tags":[17,18,25,24,13,14,11,19,20,9,10,15,16,23,12,21,22],"class_list":{"0":"post-325316","1":"post","2":"type-post","3":"status-publish","4":"format-standard","5":"has-post-thumbnail","7":"category-espana","8":"tag-breaking-news","9":"tag-breakingnews","10":"tag-es","11":"tag-espana","12":"tag-featured-news","13":"tag-featurednews","14":"tag-headlines","15":"tag-latest-news","16":"tag-latestnews","17":"tag-news","18":"tag-noticias","19":"tag-noticias-destacadas","20":"tag-noticiasdestacadas","21":"tag-spain","22":"tag-titulares","23":"tag-ultimas-noticias","24":"tag-ultimasnoticias"},"share_on_mastodon":{"url":"https:\/\/pubeurope.com\/@es\/115845967716022617","error":""},"_links":{"self":[{"href":"https:\/\/www.europesays.com\/es\/wp-json\/wp\/v2\/posts\/325316","targetHints":{"allow":["GET"]}}],"collection":[{"href":"https:\/\/www.europesays.com\/es\/wp-json\/wp\/v2\/posts"}],"about":[{"href":"https:\/\/www.europesays.com\/es\/wp-json\/wp\/v2\/types\/post"}],"author":[{"embeddable":true,"href":"https:\/\/www.europesays.com\/es\/wp-json\/wp\/v2\/users\/2"}],"replies":[{"embeddable":true,"href":"https:\/\/www.europesays.com\/es\/wp-json\/wp\/v2\/comments?post=325316"}],"version-history":[{"count":0,"href":"https:\/\/www.europesays.com\/es\/wp-json\/wp\/v2\/posts\/325316\/revisions"}],"wp:featuredmedia":[{"embeddable":true,"href":"https:\/\/www.europesays.com\/es\/wp-json\/wp\/v2\/media\/275561"}],"wp:attachment":[{"href":"https:\/\/www.europesays.com\/es\/wp-json\/wp\/v2\/media?parent=325316"}],"wp:term":[{"taxonomy":"category","embeddable":true,"href":"https:\/\/www.europesays.com\/es\/wp-json\/wp\/v2\/categories?post=325316"},{"taxonomy":"post_tag","embeddable":true,"href":"https:\/\/www.europesays.com\/es\/wp-json\/wp\/v2\/tags?post=325316"}],"curies":[{"name":"wp","href":"https:\/\/api.w.org\/{rel}","templated":true}]}}