{"id":325317,"date":"2026-01-06T03:12:11","date_gmt":"2026-01-06T03:12:11","guid":{"rendered":"https:\/\/www.europesays.com\/es\/325317\/"},"modified":"2026-01-06T03:12:11","modified_gmt":"2026-01-06T03:12:11","slug":"los-reyes-magos-desafian-el-frio-para-lanzar-1-200-kilos-de-caramelos-en-madrid","status":"publish","type":"post","link":"https:\/\/www.europesays.com\/es\/325317\/","title":{"rendered":"Los Reyes Magos desaf\u00edan el fr\u00edo para lanzar 1.200 kilos de caramelos en Madrid"},"content":{"rendered":"<p class=\"c-paragraph\"><b>Este lunes ha tenido lugar la noche m\u00e1s m\u00e1gica del a\u00f1o. <\/b>Melchor, Gaspar y Baltasar, los Reyes Magos de Oriente, han llenado de luz y color el paseo de la Castellana desde la plaza San Juan de la Cruz hasta Cibeles en una Cabalgata inspirada en la \u00absabidur\u00eda\u00bb. <a href=\"https:\/\/www.20minutos.es\/madrid\/cabalgata-los-reyes-magos-madrid-estara-inspirada-sabiduria-repartira-1-200-kilos-caramelos_6916763_0.html\" title=\"La cabalgata de los Reyes Magos en Madrid estar\u00e1 inspirada en la sabidur\u00eda y repartir\u00e1 1.200 kilos de caramelos\" rel=\"nofollow noopener\" target=\"_blank\">El desfile ha comenzado a las 18.00 horas y se ha prolongado durante unas tres horas con un gran broche final pirot\u00e9cnico frente al Palacio,\u00a0<\/a>donde los term\u00f3metros han marcado los 2\u00b0C, aunque con una sensaci\u00f3n t\u00e9rmica de -2\u00b0C.\u00a0La consecuci\u00f3n de carrozas ha ido precedida de una gran estrella que ha guiado a los reyes hacia Bel\u00e9n acompa\u00f1ados de cientos de pajes, espect\u00e1culos y grandes elementos esc\u00e9nicos como grandes\u00a0figuras celestes, p\u00e1jaros luminosos o planetas.<\/p>\n<p class=\"c-paragraph\">Bajo el lema de &#8216;El saber compartido&#8217; han desfilado personajes universales como don Quijote, figuras de Julio Verne y poetas y h\u00e9roes literarios. Todos ellos acompa\u00f1ados por la m\u00fasica de la Swing Engine Marching Band y la Wallof Sound Marching Band. En total,<b> la comparsa ha estado formada por alrededor de 2.100 personas <\/b>divididas en siete compa\u00f1\u00edas nacionales y otras tres internacionales y m\u00e1s de 250 pajes reales. <a href=\"https:\/\/www.20minutos.es\/madrid\/cabalgata-reyes-magos-madrid-2026-horario-recorrido-donde-ver-directo-majestades_6916401_0.html\" title=\"Cabalgata de los Reyes Magos de Madrid 2026: horario, recorrido y d\u00f3nde verla en directo\" rel=\"nofollow noopener\" target=\"_blank\">Desde las carrozas de los Reyes Magos<\/a> se han repartido hasta 1.200 kilos de caramelos a lo largo de todo el recorrido.<\/p>\n<p class=\"c-paragraph\">Las banderas, percusiones y trompetas de la Wallof Sound Marching Band de Wisconsin (Estados Unidos) han anunciado el comienzo del espect\u00e1culo. Tras ellos, una <b>composici\u00f3n esc\u00e9nica en movimiento formada por la estrella de Oriente. <\/b>Esta figura luminosa, acompa\u00f1ada de constelaciones y \u00e1ngeles custodios, ha guiado con su luz el centro de la ciudad en la tarde m\u00e1s m\u00e1gica del a\u00f1o.\u00a0<\/p>\n<p class=\"c-paragraph\">Mientras tanto, a ambos lados del paseo de la Castellana<b>, los ni\u00f1os, bien abrigados, con guantes, bufadas y gorros <\/b>esperaban expectantes a los Reyes Magos y ped\u00edan caramelos. \u00abChucher\u00edas\u00bb o \u00abaqu\u00ed\u00bb, gritaban al paso de las carrozas desde las vallas de seguridad. Aunque no han sido solo los m\u00e1s peque\u00f1os los que se han agachado a coger estos peque\u00f1os dulces, tambi\u00e9n los m\u00e1s mayores han recogido caramelos con ilusi\u00f3n.<\/p>\n<p class=\"c-paragraph\"><b>La primera carroza real que se ha avistado ha sido la del Rey Melchor,<\/b> decorada en color verde y representando la astronom\u00eda. Su Majestad ha ido rodeado de planetas en una carroza que simulaba un telescopio. Tras \u00e9l, el Rey Gaspar ha llegado vestido de rojo y con un carruaje que representa los n\u00fameros y las ciencias. Por \u00faltimo, el Rey Baltasar, con su traje azul ha representado la literatura, por eso su carroza contaba con un libro.<\/p>\n<p class=\"c-paragraph\">Una vez terminado el desfile, el espect\u00e1culo en Cibeles ha estado protagonizado por el circo, la magia y la danza y\u00a0el discurso de los Reyes Magos. <a href=\"https:\/\/www.20minutos.es\/madrid\/cabalgata-los-reyes-magos-madrid-2026-fecha-horario-recorrido-cortes-trafico_6915998_0.html\" title=\"Cabalgata de los Reyes Magos de Madrid 2026: fecha, horario, recorrido y cortes de tr\u00e1fico\" rel=\"nofollow noopener\" target=\"_blank\">El elenco de Teatro Circo Price ha ofrecido un fragmento de su espect\u00e1culo\u00a0&#8216;Sue\u00f1a despierto&#8217;<\/a>, dirigido por Juan Luis Iborra. Despu\u00e9s, el cuerpo de baile de la cabalgata, bajo la direcci\u00f3n de Nuria Castej\u00f3n, ha presentado una coreograf\u00eda creada especialmente para esta ocasi\u00f3n.\u00a0<\/p>\n<p class=\"c-paragraph\">Por la celebraci\u00f3n de la cabalgata, el Ayuntamiento de Madrid ha activado desde primera hora de la tarde un<a href=\"https:\/\/www.madrid.es\/portales\/munimadrid\/es\/Inicio\/Movilidad-y-transportes\/Incidencias-de-Trafico\/Principales-incidencias-en-la-ciudad\/Plan-de-movilidad-de-la-Cabalgata-de-los-Reyes-Magos-2026-\/?vgnextfmt=default&amp;vgnextoid=739661df8f06b910VgnVCM100000891ecb1aRCRD&amp;vgnextchannel=cbe0aa2dedcb1610VgnVCM2000001f4a900aRCRD\" rel=\"nofollow noopener\" target=\"_blank\">\u00a0dispositivo especial de Movilidad y Seguridad<\/a>. Para ello, <b>se han producido cortes progresivos en el eje Paseo de la Castellana<\/b> \u2013Paseo de Recoletos\u2013 Paseo del Prado, as\u00ed como en calles transversales. La Plaza de Cibeles y su entorno se han empezado a cerrar desde el mediod\u00eda para proceder al montaje del escenario donde se dio el cierre del desfile.\u00a0<\/p>\n","protected":false},"excerpt":{"rendered":"Este lunes ha tenido lugar la noche m\u00e1s m\u00e1gica del a\u00f1o. Melchor, Gaspar y Baltasar, los Reyes Magos&hellip;\n","protected":false},"author":2,"featured_media":325318,"comment_status":"","ping_status":"","sticky":false,"template":"","format":"standard","meta":{"footnotes":""},"categories":[5],"tags":[33912,17,18,46974,75356,39372,31640,25,24,13,14,16249,75277,11,19,20,4417,205,61163,75355,9,2932,10,15,16,75357,3051,23,12,21,22],"class_list":{"0":"post-325317","1":"post","2":"type-post","3":"status-publish","4":"format-standard","5":"has-post-thumbnail","7":"category-titulares","8":"tag-baltasar","9":"tag-breaking-news","10":"tag-breakingnews","11":"tag-cabalgata","12":"tag-caramelos","13":"tag-castellana","14":"tag-cibeles","15":"tag-es","16":"tag-espana","17":"tag-featured-news","18":"tag-featurednews","19":"tag-frio","20":"tag-gaspar","21":"tag-headlines","22":"tag-latest-news","23":"tag-latestnews","24":"tag-los","25":"tag-madrid","26":"tag-magos","27":"tag-melchor","28":"tag-news","29":"tag-ninos","30":"tag-noticias","31":"tag-noticias-destacadas","32":"tag-noticiasdestacadas","33":"tag-pajes","34":"tag-reyes","35":"tag-spain","36":"tag-titulares","37":"tag-ultimas-noticias","38":"tag-ultimasnoticias"},"share_on_mastodon":{"url":"https:\/\/pubeurope.com\/@es\/115845971490589404","error":""},"_links":{"self":[{"href":"https:\/\/www.europesays.com\/es\/wp-json\/wp\/v2\/posts\/325317","targetHints":{"allow":["GET"]}}],"collection":[{"href":"https:\/\/www.europesays.com\/es\/wp-json\/wp\/v2\/posts"}],"about":[{"href":"https:\/\/www.europesays.com\/es\/wp-json\/wp\/v2\/types\/post"}],"author":[{"embeddable":true,"href":"https:\/\/www.europesays.com\/es\/wp-json\/wp\/v2\/users\/2"}],"replies":[{"embeddable":true,"href":"https:\/\/www.europesays.com\/es\/wp-json\/wp\/v2\/comments?post=325317"}],"version-history":[{"count":0,"href":"https:\/\/www.europesays.com\/es\/wp-json\/wp\/v2\/posts\/325317\/revisions"}],"wp:featuredmedia":[{"embeddable":true,"href":"https:\/\/www.europesays.com\/es\/wp-json\/wp\/v2\/media\/325318"}],"wp:attachment":[{"href":"https:\/\/www.europesays.com\/es\/wp-json\/wp\/v2\/media?parent=325317"}],"wp:term":[{"taxonomy":"category","embeddable":true,"href":"https:\/\/www.europesays.com\/es\/wp-json\/wp\/v2\/categories?post=325317"},{"taxonomy":"post_tag","embeddable":true,"href":"https:\/\/www.europesays.com\/es\/wp-json\/wp\/v2\/tags?post=325317"}],"curies":[{"name":"wp","href":"https:\/\/api.w.org\/{rel}","templated":true}]}}