{"id":325323,"date":"2026-01-06T03:21:07","date_gmt":"2026-01-06T03:21:07","guid":{"rendered":"https:\/\/www.europesays.com\/es\/325323\/"},"modified":"2026-01-06T03:21:07","modified_gmt":"2026-01-06T03:21:07","slug":"alvaro-valles-el-rey-gaspar-que-ha-repartido-magia-jamones-y-hasta-una-pedida-de-matrimonio","status":"publish","type":"post","link":"https:\/\/www.europesays.com\/es\/325323\/","title":{"rendered":"\u00c1lvaro Valles, el Rey Gaspar que ha repartido magia, jamones y hasta una pedida de matrimonio"},"content":{"rendered":"<p class=\"voc-p\" style=\"\">Los <strong>Reyes Magos<\/strong> impregnan de ilusi\u00f3n y regalos cada esquina del territorio patrio. Y no lo es menos en la localidad sevillana de <strong>Lora del R\u00edo<\/strong>, donde han contado con un <strong>Gaspar<\/strong> de excepci\u00f3n que ha hecho las delicias de peque\u00f1os y  &#8230; no tan peque\u00f1os durante una intensa y colorida cabalgata cargada de sorpresas: <strong>\u00c1lvaro Valles, portero del Real Betis<\/strong>.<\/p>\n<p class=\"voc-p\" style=\"\">El Rey Gaspar m\u00e1s verdiblanco acapar\u00f3 las miradas en este pueblo sevillano del que es originaria su mujer. Reparti\u00f3 todo tipo de presentes durante el recorrido ante la locura de los vecinos de Lora del R\u00edo: pelotas, camisetas, patines, juguetes&#8230; y sorpresa para los m\u00e1s mayores, porque desde su carroza <strong>tambi\u00e9n tir\u00f3 hasta jamones<\/strong>.<\/p>\n<p class=\"voc-p\" style=\"\">Pero hubo un momento sin igual. Durante el paso de la cabalgata por la calle San Juan, junto a la Parroquia de la Asunci\u00f3n, <strong>\u00c1lvaro Valles lanz\u00f3 un anillo desde su carroza hasta un balc\u00f3n<\/strong>. El gesto arranc\u00f3 los aplausos de la gente y, minutos despu\u00e9s, <strong>uno de los pajes que acompa\u00f1aba al Rey Gaspar aprovech\u00f3 el momento para pedirle matrimonio a su novia<\/strong> en plena cabalgata. La respuesta afirmativa torn\u00f3 en fiesta y jolgorio, aplausos, y gritos de emoci\u00f3n, todo con la magia del Rey Gaspar m\u00e1s verdiblanco.<\/p>\n<p>\nArt\u00edculo solo para suscriptores\n<\/p>\n<p>Reportar un error<\/p>\n","protected":false},"excerpt":{"rendered":"Los Reyes Magos impregnan de ilusi\u00f3n y regalos cada esquina del territorio patrio. Y no lo es menos&hellip;\n","protected":false},"author":2,"featured_media":325324,"comment_status":"","ping_status":"","sticky":false,"template":"","format":"standard","meta":{"footnotes":""},"categories":[268],"tags":[2607,168,25,24,280,282,75277,75359,2518,6019,11883,46964,5330,281,23,167,2976],"class_list":{"0":"post-325323","1":"post","2":"type-post","3":"status-publish","4":"format-standard","5":"has-post-thumbnail","7":"category-futbol","8":"tag-alvaro","9":"tag-deportes","10":"tag-es","11":"tag-espana","12":"tag-football","13":"tag-futbol","14":"tag-gaspar","15":"tag-jamones","16":"tag-magia","17":"tag-matrimonio","18":"tag-pedida","19":"tag-repartido","20":"tag-rey","21":"tag-soccer","22":"tag-spain","23":"tag-sports","24":"tag-valles"},"share_on_mastodon":{"url":"https:\/\/pubeurope.com\/@es\/115846007069416503","error":""},"_links":{"self":[{"href":"https:\/\/www.europesays.com\/es\/wp-json\/wp\/v2\/posts\/325323","targetHints":{"allow":["GET"]}}],"collection":[{"href":"https:\/\/www.europesays.com\/es\/wp-json\/wp\/v2\/posts"}],"about":[{"href":"https:\/\/www.europesays.com\/es\/wp-json\/wp\/v2\/types\/post"}],"author":[{"embeddable":true,"href":"https:\/\/www.europesays.com\/es\/wp-json\/wp\/v2\/users\/2"}],"replies":[{"embeddable":true,"href":"https:\/\/www.europesays.com\/es\/wp-json\/wp\/v2\/comments?post=325323"}],"version-history":[{"count":0,"href":"https:\/\/www.europesays.com\/es\/wp-json\/wp\/v2\/posts\/325323\/revisions"}],"wp:featuredmedia":[{"embeddable":true,"href":"https:\/\/www.europesays.com\/es\/wp-json\/wp\/v2\/media\/325324"}],"wp:attachment":[{"href":"https:\/\/www.europesays.com\/es\/wp-json\/wp\/v2\/media?parent=325323"}],"wp:term":[{"taxonomy":"category","embeddable":true,"href":"https:\/\/www.europesays.com\/es\/wp-json\/wp\/v2\/categories?post=325323"},{"taxonomy":"post_tag","embeddable":true,"href":"https:\/\/www.europesays.com\/es\/wp-json\/wp\/v2\/tags?post=325323"}],"curies":[{"name":"wp","href":"https:\/\/api.w.org\/{rel}","templated":true}]}}