{"id":325343,"date":"2026-01-06T03:35:43","date_gmt":"2026-01-06T03:35:43","guid":{"rendered":"https:\/\/www.europesays.com\/es\/325343\/"},"modified":"2026-01-06T03:35:43","modified_gmt":"2026-01-06T03:35:43","slug":"la-seguridad-social-suma-en-2025-medio-millon-de-afiliados-por-cuarto-ano-consecutivo-y-se-acerca-a-los-219-millones-de-ocupados","status":"publish","type":"post","link":"https:\/\/www.europesays.com\/es\/325343\/","title":{"rendered":"La Seguridad Social suma en 2025 medio mill\u00f3n de afiliados por cuarto a\u00f1o consecutivo y se acerca a los 21,9 millones de ocupados"},"content":{"rendered":"<p>El mercado laboral suma m\u00e1s de medio mill\u00f3n de afiliados en los \u00faltimos doce meses (506.451 en la serie original) y en los \u00faltimos cuatro a\u00f1os, desde la entrada en vigor de la reforma laboral, acumula m\u00e1s de dos millones de afiliados m\u00e1s.<\/p>\n<p>En diciembre, la Seguridad Social ha sumado 19.180 afiliados en t\u00e9rminos medios y se acerca a los 21,9 millones. En concreto, ha alcanzado los 21.844.414 afiliados en la serie original, el tercer mejor mes de la historia, solo superado por los meses de junio y julio de este mismo a\u00f1o. La tasa interanual ha sido del 2,4%.<\/p>\n<p>En t\u00e9rminos desestacionalizados, se han registrado 33.076 afiliados m\u00e1s solo en el \u00faltimo mes y 507.922 afiliados m\u00e1s en los \u00faltimos doce meses, hasta alcanzar un total de 21.871.328, el nivel m\u00e1s elevado de la serie hist\u00f3rica.<\/p>\n<p><img decoding=\"async\" src=\"https:\/\/www.europesays.com\/es\/wp-content\/uploads\/2026\/01\/050126-afiliados-mercado-laboral-diciembre1.JPG\" alt=\"Evoluci\u00f3n del n\u00famero de afiliados - Serie desestacionalizada\" title=\"Evoluci\u00f3n del n\u00famero de afiliados - Serie desestacionalizada\"\/><\/p>\n<p>\u00abNueve de cada diez afiliados son indefinidos, la buena marcha del mercado de trabajo no solo supone m\u00e1s empleo; sino que es de mayor calidad. Antes de la reforma laboral, tres de cada diez ocupados ten\u00edan un contrato temporal\u00bb, ha indicado la ministra de Inclusi\u00f3n, Seguridad Social y Migraciones, Elma Saiz.<\/p>\n<p>Por su parte, los registros diarios se han mantenido la mayor\u00eda de los d\u00edas muy por encima de los 21,8 millones, llegando a superar los 21,9 millones el d\u00eda 11 de diciembre.<\/p>\n<p>El n\u00famero de mujeres afiliadas a la Seguridad Social contin\u00faa en cifras hist\u00f3ricamente altas, con 10.352.780 de media en diciembre. Son 243.578 ocupadas m\u00e1s que hace un a\u00f1o. La mejor\u00eda en el empleo de las mujeres es del 13,4% desde el a\u00f1o previo a la reforma laboral, 3 puntos m\u00e1s alta que la de los hombres.<\/p>\n<p><img decoding=\"async\" src=\"https:\/\/www.europesays.com\/es\/wp-content\/uploads\/2026\/01\/050126-afiliados-mercado-laboral-diciembre2.JPG\" alt=\"Afiliados por sexo - Total reg\u00edmenes\" title=\"Afiliados por sexo - Total reg\u00edmenes\"\/><\/p>\n<p>La cifra de trabajadores extranjeros se mantiene en m\u00e1ximos y roza los 3,1 millones de afiliados. Este colectivo representa el 14,1% del total en el mes de diciembre.<\/p>\n<p>Datos por edades<\/p>\n<p>Por edades, tanto la ocupaci\u00f3n de los j\u00f3venes como la de los mayores, de 55 a\u00f1os y m\u00e1s, ha crecido por encima del 23% desde antes de la reforma laboral: 26,7% entre los menores de 30 a\u00f1os y un 23,7% en los de 55 a\u00f1os y m\u00e1s; mientras que el crecimiento conjunto de la media del mercado laboral est\u00e1 en el 11,8%.<\/p>\n<p><img decoding=\"async\" src=\"https:\/\/www.europesays.com\/es\/wp-content\/uploads\/2026\/01\/050126-afiliados-mercado-laboral-diciembre3.JPG\" alt=\"Afiliados por edad - Total reg\u00edmenes\" title=\"Afiliados por edad - Total reg\u00edmenes\"\/><\/p>\n<p>Sectores altamente productivos<\/p>\n<p>En los \u00faltimos doce meses, han sumado afiliados la pr\u00e1ctica totalidad de las actividades del R\u00e9gimen General de la Seguridad Social. Este incremento es particularmente significativo en Transporte y Almacenamiento (+6,9%), Agricultura, Ganader\u00eda, Caza, Silvicultura y Pesca (+5,4%), Actividades Art\u00edsticas, Recreativas y de Entretenimiento (+5,3%), Suministro de Agua (+5,1%), Construcci\u00f3n (+4,6%) Actividades Inmobiliarias (4%) y Educaci\u00f3n (+3,9%).<\/p>\n<p>Destaca la mejor\u00eda en actividades de alto valor a\u00f1adido, como son Informaci\u00f3n y Comunicaci\u00f3n (+3,2%) y Actividades Profesionales Cient\u00edficas y T\u00e9cnicas (+2,9%), cuyas bases medias de cotizaci\u00f3n y su nivel de estabilidad es superior al de la media.<\/p>\n<p>Dentro de estas actividades altamente productivas son Programaci\u00f3n, Consultor\u00eda e Inform\u00e1tica (+36,2% desde la reforma laboral) y las relativas a Sedes Centrales y Consultor\u00eda Empresarial (+30,5%) las que m\u00e1s crecen.<\/p>\n<p><img decoding=\"async\" src=\"https:\/\/www.europesays.com\/es\/wp-content\/uploads\/2026\/01\/050126-afiliados-mercado-laboral-diciembre4.JPG\" alt=\"Evoluci\u00f3n de la afiliaci\u00f3n en sectores altamente productivos\" title=\"Evoluci\u00f3n de la afiliaci\u00f3n en sectores altamente productivos\"\/><\/p>\n<p>Aut\u00f3nomos<\/p>\n<p>El n\u00famero de trabajadores aut\u00f3nomos se mantiene en cifras r\u00e9cord, por encima de los 3,4 millones (RETA y SETA), con 3.425.767 trabajadores por cuenta propia, 39.002 m\u00e1s que hace un a\u00f1o, lo que supone un crecimiento del 1,2%.<\/p>\n<p><img decoding=\"async\" src=\"https:\/\/www.europesays.com\/es\/wp-content\/uploads\/2026\/01\/050126-afiliados-mercado-laboral-diciembre5.JPG\" alt=\"Afiliados aut\u00f3nomos (RETA+SETA)\" title=\"Afiliados aut\u00f3nomos (RETA+SETA)\"\/><\/p>\n<p>A lo largo de 2025, la afiliaci\u00f3n de trabajadores por cuenta propia ha crecido de forma especialmente pronunciada en Informaci\u00f3n y Comunicaci\u00f3n y en Actividades Inmobiliarias con 10,4% y 8,2%, respectivamente. Tambi\u00e9n crece de forma destacada: Suministro de Energ\u00eda El\u00e9ctrica (+7,6%), Educaci\u00f3n (+5%), Actividades Sanitarias (+4,8%) y Actividades Profesionales, Cient\u00edficas y T\u00e9cnicas, que suma un 4,7% de ocupados.<\/p>\n<p>Los nuevos aut\u00f3nomos de Informaci\u00f3n y Comunicaci\u00f3n y en Actividades Profesionales, Cient\u00edficas y T\u00e9cnicas suman 24.935, el 63,9% del empleo creado en este R\u00e9gimen Especial de Trabajadores Aut\u00f3nomos en el \u00faltimo a\u00f1o.<\/p>\n<p>Mayor crecimiento del empleo que los pa\u00edses de nuestro entorno<\/p>\n<p>El mercado de trabajo en Espa\u00f1a (+10,7%) sigue marcando un ritmo de crecimiento superior al de otras econom\u00edas europeas (Italia, +6%; Francia, +2,1%; Alemania, +1,4%), con referencia a datos de finales de 2021, antes de la entrada en vigor de la reforma laboral.<\/p>\n<p><img decoding=\"async\" src=\"https:\/\/www.europesays.com\/es\/wp-content\/uploads\/2026\/01\/050126-afiliados-mercado-laboral-diciembre6.JPG\" alt=\"Evoluci\u00f3n del empleo en Espa\u00f1a y pa\u00edses europeos comparables\" title=\"Evoluci\u00f3n del empleo en Espa\u00f1a y pa\u00edses europeos comparables\"\/><\/p>\n<p>M\u00e1s estabilidad<\/p>\n<p>Desde diciembre de 2021, se ha producido una gran transformaci\u00f3n en los tipos de contratos de nuestro mercado de trabajo: hay 4.179.738 m\u00e1s con contrato indefinido y 2.141.171 afiliados menos con contrato temporal. Cada vez hay m\u00e1s empleos estables, con m\u00e1s derechos y mejores salarios. El mayor incremento se produce entre los contratos indefinidos con jornada a tiempo completo, con 310.200 m\u00e1s que hace un a\u00f1o. Mientras que los contratos a tiempo parcial aumentan en 83.763.<\/p>\n<p>El peso de los trabajadores temporales se encuentra en el 12,3%, frente al 30,2% que supon\u00eda en 2018. Esta mejor\u00eda es a\u00fan m\u00e1s destacable entre los trabajadores menores de 30 a\u00f1os, que tienen una tasa de temporalidad del 20,7% cuando hace siete a\u00f1os ten\u00edan una superior al 46,4%.<\/p>\n","protected":false},"excerpt":{"rendered":"El mercado laboral suma m\u00e1s de medio mill\u00f3n de afiliados en los \u00faltimos doce meses (506.451 en la&hellip;\n","protected":false},"author":2,"featured_media":325344,"comment_status":"","ping_status":"","sticky":false,"template":"","format":"standard","meta":{"footnotes":""},"categories":[5],"tags":[517,17,18,25,24,13,14,11,17322,19,20,9,10,15,16,2330,29767,23,12,21,22],"class_list":{"0":"post-325343","1":"post","2":"type-post","3":"status-publish","4":"format-standard","5":"has-post-thumbnail","7":"category-titulares","8":"tag-actualidad","9":"tag-breaking-news","10":"tag-breakingnews","11":"tag-es","12":"tag-espana","13":"tag-featured-news","14":"tag-featurednews","15":"tag-headlines","16":"tag-inclusion","17":"tag-latest-news","18":"tag-latestnews","19":"tag-news","20":"tag-noticias","21":"tag-noticias-destacadas","22":"tag-noticiasdestacadas","23":"tag-prensa","24":"tag-seguridad-social-y-migraciones","25":"tag-spain","26":"tag-titulares","27":"tag-ultimas-noticias","28":"tag-ultimasnoticias"},"share_on_mastodon":{"url":"https:\/\/pubeurope.com\/@es\/115846062066115781","error":""},"_links":{"self":[{"href":"https:\/\/www.europesays.com\/es\/wp-json\/wp\/v2\/posts\/325343","targetHints":{"allow":["GET"]}}],"collection":[{"href":"https:\/\/www.europesays.com\/es\/wp-json\/wp\/v2\/posts"}],"about":[{"href":"https:\/\/www.europesays.com\/es\/wp-json\/wp\/v2\/types\/post"}],"author":[{"embeddable":true,"href":"https:\/\/www.europesays.com\/es\/wp-json\/wp\/v2\/users\/2"}],"replies":[{"embeddable":true,"href":"https:\/\/www.europesays.com\/es\/wp-json\/wp\/v2\/comments?post=325343"}],"version-history":[{"count":0,"href":"https:\/\/www.europesays.com\/es\/wp-json\/wp\/v2\/posts\/325343\/revisions"}],"wp:featuredmedia":[{"embeddable":true,"href":"https:\/\/www.europesays.com\/es\/wp-json\/wp\/v2\/media\/325344"}],"wp:attachment":[{"href":"https:\/\/www.europesays.com\/es\/wp-json\/wp\/v2\/media?parent=325343"}],"wp:term":[{"taxonomy":"category","embeddable":true,"href":"https:\/\/www.europesays.com\/es\/wp-json\/wp\/v2\/categories?post=325343"},{"taxonomy":"post_tag","embeddable":true,"href":"https:\/\/www.europesays.com\/es\/wp-json\/wp\/v2\/tags?post=325343"}],"curies":[{"name":"wp","href":"https:\/\/api.w.org\/{rel}","templated":true}]}}