{"id":325349,"date":"2026-01-06T03:44:08","date_gmt":"2026-01-06T03:44:08","guid":{"rendered":"https:\/\/www.europesays.com\/es\/325349\/"},"modified":"2026-01-06T03:44:08","modified_gmt":"2026-01-06T03:44:08","slug":"juan-iglesias-se-perfila-como-el-primer-refuerzo-del-sevilla-fc-para-la-2026-27","status":"publish","type":"post","link":"https:\/\/www.europesays.com\/es\/325349\/","title":{"rendered":"Juan Iglesias se perfila como el primer refuerzo del Sevilla FC para la 2026-27"},"content":{"rendered":"<p>06\/01\/2026 a las 00:19h.<\/p>\n<p class=\"voc-save-news__paragraph\">Esta funcionalidad es s\u00f3lo para suscriptores<\/p>\n<p><a href=\"https:\/\/secure.abc.es\/suscripcion#vca=suscribete&amp;vso=abcdesevilla&amp;vmc=on&amp;vli=comentarios-btn-flujo\" data-voc-vtm-id=\"comienzoSuscripcionON\" data-voc-vtm-info=\"btncomentar\" class=\"voc-btn voc-btn--w voc-btn--xs voc-save-news__btn\" rel=\"nofollow noopener\" target=\"_blank\"><br \/>\nSuscribete<br \/>\n<\/a><\/p>\n<p class=\"voc-p\" style=\"\">El Sevilla, inmerso en la propia venta de la sociedad y en salvar los muebles en otra temporada complicada en lo deportivo, no detiene su maquinaria de planificaci\u00f3n pensando en el futuro e intenta adelantar trabajo desde la m\u00e1xima de aprovechar las oportunidades de mercado.  &#8230; Una de ellas es la del lateral del Getafe Juan Iglesias, jugador que la entidad de Nervi\u00f3n tendr\u00eda atado ya para las pr\u00f3ximas 4 campa\u00f1as. <\/p>\n<p class=\"voc-p\" style=\"\">El lateral diestro de 27 a\u00f1os termina contrato con el Getafe en junio, con lo que se trata de un refuerzo pensando en la temporada 2026-27, seg\u00fan avanza el periodista especializado en mercado Mateo Moretto. Iglesias aterrizar\u00e1 si se cierra el acuerdo definitivamente en el S\u00e1nchez-Pizju\u00e1n como agente libre y tras varias temporadas de consolidaci\u00f3n en Primera divisi\u00f3n, destacando por su fiabilidad defensiva y capacidad para incorporarse al ataque.<\/p>\n<p class=\"voc-p\" style=\"\">En definitiva, un defensor de garant\u00edas con experiencia en LaLiga, competitivo en el uno contra uno y con recorrido en banda derecha. Su llegada permitir\u00e1 aumentar la competencia en una posici\u00f3n clave para el entrenador Almeyda, en el que el club conf\u00eda a largo plazo.<\/p>\n<p class=\"voc-p\" style=\"\">Juan Iglesias es jugador de rendimiento inmediato. Adem\u00e1s, el hecho de llegar libre supondr\u00eda un movimiento estrat\u00e9gico de refuerzo de la la plantilla sin comprometer el equilibrio econ\u00f3mico del club que la sociedad busca en este ejercicio.<\/p>\n<p>\nArt\u00edculo solo para suscriptores\n<\/p>\n<p>Reportar un error<\/p>\n<p class=\"voc-save-news__paragraph\">Esta funcionalidad es s\u00f3lo para suscriptores<\/p>\n<p><a href=\"https:\/\/secure.abc.es\/suscripcion#vca=suscribete&amp;vso=abcdesevilla&amp;vmc=on&amp;vli=comentarios-btn-flujo\" data-voc-vtm-id=\"comienzoSuscripcionON\" data-voc-vtm-info=\"btncomentar\" class=\"voc-btn voc-btn--w voc-btn--xs voc-save-news__btn\" rel=\"nofollow noopener\" target=\"_blank\"><br \/>\nSuscribete<br \/>\n<\/a><\/p>\n","protected":false},"excerpt":{"rendered":"06\/01\/2026 a las 00:19h. Esta funcionalidad es s\u00f3lo para suscriptores Suscribete El Sevilla, inmerso en la propia venta&hellip;\n","protected":false},"author":2,"featured_media":325350,"comment_status":"","ping_status":"","sticky":false,"template":"","format":"standard","meta":{"footnotes":""},"categories":[268],"tags":[75362,168,25,24,280,282,7534,409,1042,977,2871,1171,281,23,167],"class_list":{"0":"post-325349","1":"post","2":"type-post","3":"status-publish","4":"format-standard","5":"has-post-thumbnail","7":"category-futbol","8":"tag-75362","9":"tag-deportes","10":"tag-es","11":"tag-espana","12":"tag-football","13":"tag-futbol","14":"tag-iglesias","15":"tag-juan","16":"tag-perfila","17":"tag-primer","18":"tag-refuerzo","19":"tag-sevilla","20":"tag-soccer","21":"tag-spain","22":"tag-sports"},"share_on_mastodon":{"url":"https:\/\/pubeurope.com\/@es\/115846097584517413","error":""},"_links":{"self":[{"href":"https:\/\/www.europesays.com\/es\/wp-json\/wp\/v2\/posts\/325349","targetHints":{"allow":["GET"]}}],"collection":[{"href":"https:\/\/www.europesays.com\/es\/wp-json\/wp\/v2\/posts"}],"about":[{"href":"https:\/\/www.europesays.com\/es\/wp-json\/wp\/v2\/types\/post"}],"author":[{"embeddable":true,"href":"https:\/\/www.europesays.com\/es\/wp-json\/wp\/v2\/users\/2"}],"replies":[{"embeddable":true,"href":"https:\/\/www.europesays.com\/es\/wp-json\/wp\/v2\/comments?post=325349"}],"version-history":[{"count":0,"href":"https:\/\/www.europesays.com\/es\/wp-json\/wp\/v2\/posts\/325349\/revisions"}],"wp:featuredmedia":[{"embeddable":true,"href":"https:\/\/www.europesays.com\/es\/wp-json\/wp\/v2\/media\/325350"}],"wp:attachment":[{"href":"https:\/\/www.europesays.com\/es\/wp-json\/wp\/v2\/media?parent=325349"}],"wp:term":[{"taxonomy":"category","embeddable":true,"href":"https:\/\/www.europesays.com\/es\/wp-json\/wp\/v2\/categories?post=325349"},{"taxonomy":"post_tag","embeddable":true,"href":"https:\/\/www.europesays.com\/es\/wp-json\/wp\/v2\/tags?post=325349"}],"curies":[{"name":"wp","href":"https:\/\/api.w.org\/{rel}","templated":true}]}}