{"id":325351,"date":"2026-01-06T03:45:11","date_gmt":"2026-01-06T03:45:11","guid":{"rendered":"https:\/\/www.europesays.com\/es\/325351\/"},"modified":"2026-01-06T03:45:11","modified_gmt":"2026-01-06T03:45:11","slug":"desde-el-minuto-uno-nos-llevamos-muy-bien","status":"publish","type":"post","link":"https:\/\/www.europesays.com\/es\/325351\/","title":{"rendered":"\u201cDesde el minuto uno nos llevamos muy bien\u00bb"},"content":{"rendered":"<p data-journey-content=\"true\" data-node-id=\"0\" class=\"body-dropcap css-1vn2egp emevuu60\">Acaban de celebrarse el 25\u00ba aniversario del estreno de Oto\u00f1o en Nueva York, la pel\u00edcula dirigida por Joan Chen en la que <strong data-node-id=\"0.3\">Richard Gere y Winona Ryder<\/strong> viven un fugaz pero intenso romance convertidos en Will Keane y Charlotte Fielding. La Gran Manzana ejerce de testigo de la relaci\u00f3n que surge entre dos personas de ambientes muy distintos, con una gran diferencia de edad entre ellos y que est\u00e1 condenada a una pronta fecha de caducidad por a salud de ella. <\/p>\n<p data-journey-content=\"true\" data-node-id=\"1\" class=\"css-6wxqfj emevuu60\">\u00abHe estado trabajando desde que ten\u00eda 12 a\u00f1os, simplemente vas a trabajar y haces el trabajo y a veces te olvidas de mirar alrededor y ver la incre\u00edble lugar en el que estabas. Esa vieja frase de &#8216;<strong data-node-id=\"1.1\">detente y huele las flores&#8217; o &#8216;disfruta el momento&#8217;<\/strong> se nos olvida. (&#8230;) Si nos enter\u00e1ramos de que solo nos queda una <a href=\"https:\/\/www.harpersbazaar.com\/es\/cultura\/ocio\/a61643115\/winona-ryder-entrevista-beetlejuice-exclusiva-vida-carrera\/\" target=\"_blank\" data-vars-ga-outbound-link=\"https:\/\/www.harpersbazaar.com\/es\/cultura\/ocio\/a61643115\/winona-ryder-entrevista-beetlejuice-exclusiva-vida-carrera\/\" data-vars-ga-ux-element=\"Hyperlink\" data-vars-ga-call-to-action=\"cierta cantidad de tiempo de vida\" data-node-id=\"1.3\" class=\"body-link css-156jt4g emevuu60\" rel=\"nofollow noopener\">cierta cantidad de tiempo de vida<\/a>, querr\u00edamos experimentar todo, querr\u00edamos hacer todo lo m\u00e1s tangible posible\u00bb, explic\u00f3 la actriz en <a href=\"https:\/\/www.youtube.com\/watch?v=-mhXqdqs-Gk\" target=\"_blank\" rel=\"nofollow noopener\" data-vars-ga-outbound-link=\"https:\/\/www.youtube.com\/watch?v=-mhXqdqs-Gk\" data-vars-ga-ux-element=\"Hyperlink\" data-vars-ga-call-to-action=\"una entrevista\" data-node-id=\"1.5\" class=\"body-link css-156jt4g emevuu60\">una entrevista<\/a> concedida en plena promoci\u00f3n de la cinta, en la cual dijo acept\u00f3 participar precisamente atra\u00edda por la consciencia del tiempo que le obligaba a tomar su papel. <\/p>\n<p><img draggable=\"true\" alt=\"richard gere stars as will keane and winona ryder stars as charlotte fielding in mgm pict...\" title=\"Richard Gere Stars As Will Keane And Winona Ryder Stars As Charlotte Fielding In Mgm Pict...\" loading=\"lazy\" width=\"2489\" height=\"1730\" decoding=\"async\" data-nimg=\"1\" style=\"color:transparent;width:100%;height:auto;\"   src=\"https:\/\/www.europesays.com\/es\/wp-content\/uploads\/2026\/01\/richard-gere-stars-as-will-keane-and-winona-ryder-stars-as-news-photo-1765361532.pjpeg.jpeg\" class=\"css-0 e1g79fud0\"\/>getty images\/\/Getty Images<\/p>\n<p>Escena de la pel\u00edcula Oto\u00f1o en Nueva York. <\/p>\n<p data-journey-content=\"true\" data-node-id=\"3\" class=\"css-6wxqfj emevuu60\">Winona Ryder y Richard Gere se embarcaron en este filme que no goz\u00f3 de muy buenas cr\u00edticas siendo los dos grandes estrellas de Hollywood. La primera ya era famosa desde comienzos de la<a href=\"https:\/\/www.harpersbazaar.com\/es\/famosas\/el-estilo-de\/a64252234\/winona-ryder-relacion-johnny-depp-anos-90-era-joven\/\" target=\"_blank\" data-vars-ga-outbound-link=\"https:\/\/www.harpersbazaar.com\/es\/famosas\/el-estilo-de\/a64252234\/winona-ryder-relacion-johnny-depp-anos-90-era-joven\/\" data-vars-ga-ux-element=\"Hyperlink\" data-vars-ga-call-to-action=\" d\u00e9cada de los 90\" data-node-id=\"3.1\" class=\"body-link css-156jt4g emevuu60\" rel=\"nofollow noopener\"> d\u00e9cada de los 90<\/a> por t\u00edtulos como Eduardo Manostijeras, Bitelch\u00fas y Realy Bites; y el segundo ven\u00eda de triunfar con trabajos en la gran pantalla como American Gigolo, El primer caballero, Las dos caras de la verdad o <a href=\"https:\/\/www.harpersbazaar.com\/es\/famosas\/el-estilo-de\/a68014862\/julia-roberts-pretty-woman-richard-gere-habiamos-rodado-mitad-pelicula-no-guion-terminado\/\" target=\"_blank\" data-vars-ga-outbound-link=\"https:\/\/www.harpersbazaar.com\/es\/famosas\/el-estilo-de\/a68014862\/julia-roberts-pretty-woman-richard-gere-habiamos-rodado-mitad-pelicula-no-guion-terminado\/\" data-vars-ga-ux-element=\"Hyperlink\" data-vars-ga-call-to-action=\"Pretty Woman\" data-node-id=\"3.7.0\" class=\"body-link css-156jt4g emevuu60\" rel=\"nofollow noopener\">Pretty Woman<\/a>. <\/p>\n<p data-journey-content=\"true\" data-node-id=\"5\" class=\"css-6wxqfj emevuu60\">Ambos compart\u00edan, por tanto, categor\u00eda de celebrity, algo que pudo causar estragos entre ellos durante el rodaje. Al menos eso es lo que dijo la rumorolog\u00eda de la \u00e9poca, la cual asegur\u00f3 que Richard Gere hab\u00eda solicitado a los guionistas m\u00e1s cuota de pantalla para \u00e9l, algo que la int\u00e9rprete se encarg\u00f3 de negar seg\u00fan cont\u00f3 <a href=\"https:\/\/www.theguardian.com\/film\/2001\/may\/08\/news2\" target=\"_blank\" rel=\"nofollow noopener\" data-vars-ga-outbound-link=\"https:\/\/www.theguardian.com\/film\/2001\/may\/08\/news2\" data-vars-ga-ux-element=\"Hyperlink\" data-vars-ga-call-to-action=\"The Guardian\" data-node-id=\"5.1\" class=\"body-link css-156jt4g emevuu60\">The Guardian<\/a>: \u00abEstamos juntos en el 90% de las escenas, as\u00ed que <strong data-node-id=\"5.3\">es rid\u00edculo pensar que Richard pidiera m\u00e1s di\u00e1logo<\/strong>. Ese es el tipo de rumor est\u00fapido que no tiene ninguna base real\u00bb, indic\u00f3 la actriz.  <\/p>\n<p><img draggable=\"true\" alt=\"winona ryder and richard gere film autumn in new york\" title=\"Winona Ryder And Richard Gere Film Autumn In New York\" loading=\"lazy\" width=\"2890\" height=\"2254\" decoding=\"async\" data-nimg=\"1\" style=\"color:transparent;width:100%;height:auto;\"   src=\"https:\/\/www.europesays.com\/es\/wp-content\/uploads\/2026\/01\/new-york-city-winona-ryder-and-richard-gere-film-autumn-in-news-photo-1765362324.pjpeg.jpeg\" class=\"css-0 e1g79fud0\"\/>Mario Magnani\/\/Getty Images<\/p>\n<p>Richard Gere y Winona Ryder en la pel\u00edcula Oto\u00f1o en Nueva York.  <\/p>\n<p data-journey-content=\"true\" data-node-id=\"7\" class=\"css-6wxqfj emevuu60\"> La realidad es que Winona Ryder y Richard Gere congeniaron muy bien desde el momento en el que se conocieron tal y como relat\u00f3 la propia int\u00e9rprete estadounidense en la citada entrevista del a\u00f1o 2000: \u00ab<strong data-node-id=\"7.1\">Desde el minuto uno nos llevamos muy bien<\/strong>\u00ab, afirm\u00f3. \u00ab\u00c9l es, <a href=\"https:\/\/www.harpersbazaar.com\/es\/famosas\/el-estilo-de\/a63781204\/richard-gere-premio-vida-espana\/\" target=\"_blank\" data-vars-ga-outbound-link=\"https:\/\/www.harpersbazaar.com\/es\/famosas\/el-estilo-de\/a63781204\/richard-gere-premio-vida-espana\/\" data-vars-ga-ux-element=\"Hyperlink\" data-vars-ga-call-to-action=\"es realmente amable\" data-node-id=\"7.3\" class=\"body-link css-156jt4g emevuu60\" rel=\"nofollow noopener\">es realmente amable<\/a>, muy generoso y tiene grandes ideas. Es relajado en la forma en que trabaja, es abierto y es tan hermoso por dentro como lo es por fuera\u00bb, a\u00f1adi\u00f3 sobre su compa\u00f1ero de reparto. <\/p>\n","protected":false},"excerpt":{"rendered":"Acaban de celebrarse el 25\u00ba aniversario del estreno de Oto\u00f1o en Nueva York, la pel\u00edcula dirigida por Joan&hellip;\n","protected":false},"author":2,"featured_media":325352,"comment_status":"","ping_status":"","sticky":false,"template":"","format":"standard","meta":{"footnotes":""},"categories":[174],"tags":[255,253,146,147,25,24,256,23],"class_list":{"0":"post-325351","1":"post","2":"type-post","3":"status-publish","4":"format-standard","5":"has-post-thumbnail","7":"category-famosos","8":"tag-celebrities","9":"tag-discover","10":"tag-entertainment","11":"tag-entretenimiento","12":"tag-es","13":"tag-espana","14":"tag-famosos","15":"tag-spain"},"share_on_mastodon":{"url":"https:\/\/pubeurope.com\/@es\/115846101286395698","error":""},"_links":{"self":[{"href":"https:\/\/www.europesays.com\/es\/wp-json\/wp\/v2\/posts\/325351","targetHints":{"allow":["GET"]}}],"collection":[{"href":"https:\/\/www.europesays.com\/es\/wp-json\/wp\/v2\/posts"}],"about":[{"href":"https:\/\/www.europesays.com\/es\/wp-json\/wp\/v2\/types\/post"}],"author":[{"embeddable":true,"href":"https:\/\/www.europesays.com\/es\/wp-json\/wp\/v2\/users\/2"}],"replies":[{"embeddable":true,"href":"https:\/\/www.europesays.com\/es\/wp-json\/wp\/v2\/comments?post=325351"}],"version-history":[{"count":0,"href":"https:\/\/www.europesays.com\/es\/wp-json\/wp\/v2\/posts\/325351\/revisions"}],"wp:featuredmedia":[{"embeddable":true,"href":"https:\/\/www.europesays.com\/es\/wp-json\/wp\/v2\/media\/325352"}],"wp:attachment":[{"href":"https:\/\/www.europesays.com\/es\/wp-json\/wp\/v2\/media?parent=325351"}],"wp:term":[{"taxonomy":"category","embeddable":true,"href":"https:\/\/www.europesays.com\/es\/wp-json\/wp\/v2\/categories?post=325351"},{"taxonomy":"post_tag","embeddable":true,"href":"https:\/\/www.europesays.com\/es\/wp-json\/wp\/v2\/tags?post=325351"}],"curies":[{"name":"wp","href":"https:\/\/api.w.org\/{rel}","templated":true}]}}