{"id":325372,"date":"2026-01-06T03:58:06","date_gmt":"2026-01-06T03:58:06","guid":{"rendered":"https:\/\/www.europesays.com\/es\/325372\/"},"modified":"2026-01-06T03:58:06","modified_gmt":"2026-01-06T03:58:06","slug":"el-venezolano-que-dibujo-a-maduro-en-el-tribunal-de-nueva-york-el-estaba-sonriente-y-miraba-a-todos-los-que-estabamos-alli-a-la-cara-el-pais","status":"publish","type":"post","link":"https:\/\/www.europesays.com\/es\/325372\/","title":{"rendered":"El venezolano que dibuj\u00f3 a Maduro en el tribunal de Nueva York: \u201c\u00c9l estaba sonriente y miraba a todos los que est\u00e1bamos all\u00ed a la cara\u201d &#8211; EL PA\u00cdS"},"content":{"rendered":"<ol>\n<li><a href=\"https:\/\/news.google.com\/rss\/articles\/CBMi_wFBVV95cUxNTHFGVUwzNzFfUE1KcVZUNzdZMjZWZkdicFNhdTFwUS0ybkd4cWlGNWpQUi14bFRyWEVRUzdCYkVtQUhKRVZaeGh6TmI5UkEyUkRmU3loTjZoYnRaakxJU2lvOEg0V09fMHE0NHh3d0xKS19iMmVsNDJGeXdhWWtLVHhfaFR4Qy05b0RRZV9CWlVMWGVsUm9qWlItekJFdklmNElJX3NXd040bzlta0VHc1NqdDhOTEFVbDB0VlJjZ3ZoLUhuRXJCeGJpR0RpcG93LXZNXzk3OG5KMUR6enJ5WUc5ZndiNTVqS3pxbUNWazJuVENpX29KSGJfbXlCRUnSAZMCQVVfeXFMTVBUVkJiSXlqc3MyN0RjejBpSXdhbHplcF91T09WOTBkeTg1a01zS0Rnb0twNnJkUVFTb1RlSW1EbVlrTjliNkdENG8tNG9KUnVmd2s2Rl9XeXVzU1hDQ2FCa3NSWHVIaTI3RmpMcjh2dk5qTzdUNHFGTi1keU92Y3NqdllCRDNvc2RGcFZRc3YzMTU3dGhFakZKQ1V5UWtwcENpVnhsLWZjQmJnMTBpd0JCRDRsbUt1bmZPYTJnVkxLNkppd2RmOTRnUjVrMkhEQTJoSUY5eUhCODV2a3g2aU1tMXEzVkYzRmszUDJ6TUxtdmZENGxTRHk0MFlqZUk5NHZheHE2ckZaTGM3bUplVER4eVk?oc=5\" target=\"_blank\" rel=\"nofollow noopener\">El venezolano que dibuj\u00f3 a Maduro en el tribunal de Nueva York: \u201c\u00c9l estaba sonriente y miraba a todos los que est\u00e1bamos all\u00ed a la cara\u201d<\/a>&nbsp;&nbsp;EL PA\u00cdS<\/li>\n<li><a href=\"https:\/\/news.google.com\/rss\/articles\/CBMigwFBVV95cUxPc3h5eW01b2ZmRjdLNTRJbklNWXNmMWlLcXdpVklTZlFYVm1MRFN2eEJiSnpTNFRzX3doWWxoMFZpQ3NJcnMxRmdfRWJrT0VUZGgwUjJrSXJPNjZuSy0wemQyRGNvNmVaVnpkUXJWVThBX2VOOHp2UnY5bE4wMGFudHF5Y9IBgwFBVV95cUxPaVZNUG5KenppRWhFR3NQTy1HLURaTDlidjF0N0k3ZlZpSUhFdXFyNTFEcEgwN3NfNXRmTnhTbThoWkNTbDVRMUhJa2tqV3ZxOWZWLTRxN1ZpU3V3MjlQWmpqaVZsZXZiNHIyTFJobG0zclFkWDdUblFRcjctRW1xWTVDZw?oc=5\" target=\"_blank\" rel=\"nofollow noopener\">Maduro comparece en Nueva York ante un tribunal y se declara inocente de todos los cargos: \u00abSigo siendo el presidente de mi pa\u00eds\u00bb<\/a>&nbsp;&nbsp;El Mundo<\/li>\n<li><a href=\"https:\/\/news.google.com\/rss\/articles\/CBMinAJBVV95cUxNNExjQVRicEhzb1g2T2ZyR0Q1TC1sWFJGU04yUVBIbzRxRlNrRy1Qai1FTWFrMVhEUmJvUFNTVm9Tc0JXRFMzU2x0d19tYlZWYXhFUTB2aHVOSVVDemhvQU4zSmRDOXBBQ1hKaFo0aHJrOG1FZGFxUFUwR0VHMzVFd0J2U3poYkdFYkxJTFBaSXBuODlvLTd0SUdoSEM1U1BDZGZvNzdhMkREVk1jZUJZaERvV216R1ZrQlZtYVd5LWp4b3M0VVNidGtRS3BKMzZRcl9rd2JHVm9oQV90cHpTak9pSElCX3ptSFpXVHJfOUU5bW1jYmxIVllGVU5RU2E3al9VcE9uam9MWWM3cDlMOWp5OGZ3c2Q2OGp3dQ?oc=5\" target=\"_blank\" rel=\"nofollow noopener\">El abogado que logr\u00f3 la liberaci\u00f3n de Julian Assange por el caso Wikileaks representar\u00e1 a Maduro en el juicio por narcoterrorismo en Nueva York<\/a>&nbsp;&nbsp;EL PA\u00cdS<\/li>\n<li><a href=\"https:\/\/news.google.com\/rss\/articles\/CBMizAFBVV95cUxPZ3RkNURyaEV4WWRvSzM1YXdyaTBfQjN2eVkwZ0tXc2c5WTZfY1hjTEg4X3FsTnh5eE9tOV9nRU01V19peFFBMHNQZ2FtUG1zVXhmSU1xODhHd3NQZ0ZTeDIyS1FreEtoVlZCVUlGSmlsV1psNDVQX2d2aXV4RER3UXVvMUpqMzZGVFBpcHVodDVBd1hQcEZsT0E5clNtd05yZ0RwVTU4VG9QLVdQUGdJQ0RDdTc4a21DdGgtakl4SFgtQzZraURPWEVXdHo?oc=5\" target=\"_blank\" rel=\"nofollow noopener\">Maduro ante el juez: \u00abSoy inocente, he sido secuestrado y sigo siendo el presidente\u00bb<\/a>&nbsp;&nbsp;El Correo<\/li>\n<li><a href=\"https:\/\/news.google.com\/rss\/articles\/CBMimAJBVV95cUxNTTU1bWo1MmdfSFg5VHZGY2FUMFdJSFVWSjkwR2JmV3UtMnk5QzAwQlBsMERJSEswX0J1MExGR0trQ0Z5dFhBb1NjWlZJY2R0M1dVSE54SXNtcGp6OEN6YjgwYm1Ud2g5ZUpTcHQ1Q2V4djUycHg3cVBGOWt2U2s3ZFoycHZac1p0N2dlTTl1d3NUQ2kxWjNPYVR4Z2F2R19OMWw1dVZYWXd4VjFJN0VwbDFRTTMtb21DbDJhaWI2emt3a3E1a2VocjZoU0t4dmRWdDFHdkpOSnBMVWtoaEFDV3VpTWZFR3FjeWRrbVg2b18ySFBKU0pyVXpaUlYtamRab3dmaXBfQ0lGUzNpN05GWmpDc1RSNHJq?oc=5\" target=\"_blank\" rel=\"nofollow noopener\">Las ilustraciones de Nicol\u00e1s Maduro y Cilia Flores en su comparecencia ante un tribunal federal en Nueva York<\/a>&nbsp;&nbsp;La Voz de Galicia<\/li>\n<\/ol>\n","protected":false},"excerpt":{"rendered":"El venezolano que dibuj\u00f3 a Maduro en el tribunal de Nueva York: \u201c\u00c9l estaba sonriente y miraba a&hellip;\n","protected":false},"author":2,"featured_media":297172,"comment_status":"","ping_status":"","sticky":false,"template":"","format":"standard","meta":{"footnotes":""},"categories":[5],"tags":[17,18,25,24,13,14,11,19,20,9,10,15,16,23,12,21,22],"class_list":{"0":"post-325372","1":"post","2":"type-post","3":"status-publish","4":"format-standard","5":"has-post-thumbnail","7":"category-titulares","8":"tag-breaking-news","9":"tag-breakingnews","10":"tag-es","11":"tag-espana","12":"tag-featured-news","13":"tag-featurednews","14":"tag-headlines","15":"tag-latest-news","16":"tag-latestnews","17":"tag-news","18":"tag-noticias","19":"tag-noticias-destacadas","20":"tag-noticiasdestacadas","21":"tag-spain","22":"tag-titulares","23":"tag-ultimas-noticias","24":"tag-ultimasnoticias"},"share_on_mastodon":{"url":"https:\/\/pubeurope.com\/@es\/115846152644143295","error":""},"_links":{"self":[{"href":"https:\/\/www.europesays.com\/es\/wp-json\/wp\/v2\/posts\/325372","targetHints":{"allow":["GET"]}}],"collection":[{"href":"https:\/\/www.europesays.com\/es\/wp-json\/wp\/v2\/posts"}],"about":[{"href":"https:\/\/www.europesays.com\/es\/wp-json\/wp\/v2\/types\/post"}],"author":[{"embeddable":true,"href":"https:\/\/www.europesays.com\/es\/wp-json\/wp\/v2\/users\/2"}],"replies":[{"embeddable":true,"href":"https:\/\/www.europesays.com\/es\/wp-json\/wp\/v2\/comments?post=325372"}],"version-history":[{"count":0,"href":"https:\/\/www.europesays.com\/es\/wp-json\/wp\/v2\/posts\/325372\/revisions"}],"wp:featuredmedia":[{"embeddable":true,"href":"https:\/\/www.europesays.com\/es\/wp-json\/wp\/v2\/media\/297172"}],"wp:attachment":[{"href":"https:\/\/www.europesays.com\/es\/wp-json\/wp\/v2\/media?parent=325372"}],"wp:term":[{"taxonomy":"category","embeddable":true,"href":"https:\/\/www.europesays.com\/es\/wp-json\/wp\/v2\/categories?post=325372"},{"taxonomy":"post_tag","embeddable":true,"href":"https:\/\/www.europesays.com\/es\/wp-json\/wp\/v2\/tags?post=325372"}],"curies":[{"name":"wp","href":"https:\/\/api.w.org\/{rel}","templated":true}]}}