{"id":325373,"date":"2026-01-06T04:03:17","date_gmt":"2026-01-06T04:03:17","guid":{"rendered":"https:\/\/www.europesays.com\/es\/325373\/"},"modified":"2026-01-06T04:03:17","modified_gmt":"2026-01-06T04:03:17","slug":"es-innecesaria-el-tenis-femenino-se-sostiene-por-si-mismo","status":"publish","type":"post","link":"https:\/\/www.europesays.com\/es\/325373\/","title":{"rendered":"Es innecesaria, el tenis femenino se sostiene por s\u00ed mismo"},"content":{"rendered":"<p class=\"c-paragraph\">Siguen apareciendo detractores de la &#8216;Batalla de los Sexos&#8217; que disputaron <a href=\"https:\/\/www.20minutos.es\/tags\/deportes\/aryna-sabalenka.html\" title=\"Aryna Sabalenka\" rel=\"nofollow noopener\" target=\"_blank\">Aryna Sabalenka<\/a> y <a href=\"https:\/\/www.20minutos.es\/tags\/deportes\/nick-kyrgios.html\" title=\"Nick Kyrgios\" rel=\"nofollow noopener\" target=\"_blank\">Nick Kyrgios<\/a> el pasado 28 de diciembre. La \u00faltima en criticar el partido ha sido <a href=\"https:\/\/www.20minutos.es\/tags\/deportes\/iga-swiatek.html\" title=\"Iga Swiatek\" rel=\"nofollow noopener\" target=\"_blank\">Iga Swiatek<\/a>, exn\u00famero uno mundial, que <b>la ha considerado \u00abinnecesaria\u00bb ahora que \u00abel tenis femenino se sostiene por s\u00ed mismo\u00bb<\/b>.<\/p>\n<p class=\"c-paragraph\">\u00abCreo que <b>el nombre era el mismo<\/b> que el del partido contra Billie Jean King en 1973. Eso es todo. <b>No hab\u00eda m\u00e1s similitudes<\/b>, porque creo que el tenis femenino se vale por s\u00ed mismo en estos momentos\u00bb, se\u00f1al\u00f3 la jugadora polaca, recordando aquel significativo momento en la lucha por una mayor igualdad en el deporte con la victoria de la estadounidense sobre Bobby Riggs.<\/p>\n<p class=\"c-paragraph\">Para Swiatek, en la actualidad \u00abtenemos tantas grandes tenistas y grandes historias que presentar que <b>no tenemos por qu\u00e9 compararlas con el tenis masculino, es innecesario<\/b>\u00ab.\u00a0En este sentido, insisti\u00f3 en que ahora \u00abes una historia totalmente diferente. No tiene por qu\u00e9 haber competencia\u00bb.<\/p>\n<p class=\"c-paragraph\">Sabalenka, cuatro veces campeona de Grand Slam y actual n\u00famero uno del mundo, <b>fue derrotada en dos sets por Kyrgios (6-3 y 6-3)<\/b>, finalista de Wimbledon en 2022 y 671\u00ba del ranking ATP, en el partido de exhibici\u00f3n celebrado la semana pasada en Dub\u00e1i.<\/p>\n<p class=\"c-paragraph\">Pese a las cr\u00edticas recibidas, tanto el australiano como la bielorrusa han asegurado que les gustar\u00eda volver a enfrentarse. \u00ab<b>Definitivamente lo volver\u00eda a hacer<\/b>. Me encantan las revanchas y no me gusta, ya sabes, vivir as\u00ed\u00bb, expres\u00f3 la n\u00famero 1, que avanz\u00f3 que le gustar\u00eda \u00abplantear un formato diferente\u00bb si vuelven a enfrentarse.\u00a0\u00abCreo que\u00a0<b>le dar\u00eda toda la pista a Nick, pero coger\u00eda dos servicios<\/b>. Creo que eso igualar\u00eda un poco m\u00e1s nuestro nivel\u00bb, explic\u00f3<\/p>\n","protected":false},"excerpt":{"rendered":"Siguen apareciendo detractores de la &#8216;Batalla de los Sexos&#8217; que disputaron Aryna Sabalenka y Nick Kyrgios el pasado&hellip;\n","protected":false},"author":2,"featured_media":325374,"comment_status":"","ping_status":"","sticky":false,"template":"","format":"standard","meta":{"footnotes":""},"categories":[274],"tags":[5574,73284,168,25,24,22303,3654,23,167,327,326],"class_list":{"0":"post-325373","1":"post","2":"type-post","3":"status-publish","4":"format-standard","5":"has-post-thumbnail","7":"category-tenis","8":"tag-aryna-sabalenka","9":"tag-batalla-de-los-sexos","10":"tag-deportes","11":"tag-es","12":"tag-espana","13":"tag-iga-swiatek","14":"tag-nick-kyrgios","15":"tag-spain","16":"tag-sports","17":"tag-tenis","18":"tag-tennis"},"share_on_mastodon":{"url":"https:\/\/pubeurope.com\/@es\/115846171997144143","error":""},"_links":{"self":[{"href":"https:\/\/www.europesays.com\/es\/wp-json\/wp\/v2\/posts\/325373","targetHints":{"allow":["GET"]}}],"collection":[{"href":"https:\/\/www.europesays.com\/es\/wp-json\/wp\/v2\/posts"}],"about":[{"href":"https:\/\/www.europesays.com\/es\/wp-json\/wp\/v2\/types\/post"}],"author":[{"embeddable":true,"href":"https:\/\/www.europesays.com\/es\/wp-json\/wp\/v2\/users\/2"}],"replies":[{"embeddable":true,"href":"https:\/\/www.europesays.com\/es\/wp-json\/wp\/v2\/comments?post=325373"}],"version-history":[{"count":0,"href":"https:\/\/www.europesays.com\/es\/wp-json\/wp\/v2\/posts\/325373\/revisions"}],"wp:featuredmedia":[{"embeddable":true,"href":"https:\/\/www.europesays.com\/es\/wp-json\/wp\/v2\/media\/325374"}],"wp:attachment":[{"href":"https:\/\/www.europesays.com\/es\/wp-json\/wp\/v2\/media?parent=325373"}],"wp:term":[{"taxonomy":"category","embeddable":true,"href":"https:\/\/www.europesays.com\/es\/wp-json\/wp\/v2\/categories?post=325373"},{"taxonomy":"post_tag","embeddable":true,"href":"https:\/\/www.europesays.com\/es\/wp-json\/wp\/v2\/tags?post=325373"}],"curies":[{"name":"wp","href":"https:\/\/api.w.org\/{rel}","templated":true}]}}