{"id":325375,"date":"2026-01-06T04:06:15","date_gmt":"2026-01-06T04:06:15","guid":{"rendered":"https:\/\/www.europesays.com\/es\/325375\/"},"modified":"2026-01-06T04:06:15","modified_gmt":"2026-01-06T04:06:15","slug":"calendario-del-grupo-k-de-la-basketball-champions-league-con-el-unicaja-el-joventut-y-dos-rivales-todavia-por-confirmar","status":"publish","type":"post","link":"https:\/\/www.europesays.com\/es\/325375\/","title":{"rendered":"Calendario del Grupo K de la Basketball Champions League con el Unicaja, el Joventut y dos rivales todav\u00eda por confirmar"},"content":{"rendered":"<p class=\"ft-text\"><strong>El <\/strong><a class=\"ft-link ft-link--decoration\" href=\"https:\/\/www.laopiniondemalaga.es\/unicaja\/\" rel=\"nofollow noopener\" target=\"_blank\"><strong>Unicaja<\/strong><\/a><strong> ya tiene marcada en rojo su hoja de ruta para el Round of 16 de la Basketball Champions League<\/strong>. El conjunto malague\u00f1o ha quedado encuadrado en el Grupo K, donde <a class=\"ft-link ft-link--decoration\" href=\"https:\/\/www.laopiniondemalaga.es\/unicaja\/2025\/11\/19\/joventut-primer-rival-confirmado-unicaja-round-of-16-bcl-123915548.html\" rel=\"nofollow noopener\" target=\"_blank\">ya est\u00e1n confirmados el propio Unicaja y el Joventut de Badalona<\/a>, a la espera de que se complete el cuarteto con los dos equipos que superen las eliminatorias del play in, que arrancan esta misma semana.<strong> Los ganadores de las eliminatorias W\u00fcrzburg-Patrioti Levice y Elan Chalon-Promitheas Patras<\/strong> ser\u00e1n los dos equipos que completar\u00e1n el grupo de cajistas y badaloneses.<\/p>\n<p>Calendario<\/p>\n<p class=\"ft-text\">Aunque todav\u00eda faltan por confirmarse esos dos \u00faltimos rivales, <a class=\"ft-link ft-link--decoration\" href=\"https:\/\/www.championsleague.basketball\/en\/standings#R16\" rel=\"nofollow noopener\" target=\"_blank\">la Basketball Champions League ya ha hecho oficial el calendario completo de la liguilla del Round of 16<\/a>, con el orden de los partidos y los horarios definidos.<strong> Una liguilla de seis jornadas, que se va a disputar en menos de dos meses<\/strong>, y en la que solo habr\u00e1 premio para estar en el play off de cuartos de final previo a la Final Four para los dos primeros clasificados del grupo.<\/p>\n<p>Primera vuelta: inicio en el Mart\u00edn Carpena<\/p>\n<p class=\"ft-text\">El Unicaja recibir\u00e1 en la primera jornada la visita del<strong> ganador del duelo entre los alemanes del W\u00fcrzburg y los eslovacos del Patrioti Levice. <\/strong>El partido se jugar\u00e1 el mi\u00e9rcoles 21 del presente mes de enero, a partir de las 20.30 horas.<\/p>\n<p class=\"ft-text\">La segunda jornada trae un duelo que tiene pinta de que ser\u00e1 clave para los de Ibon Navarro.<strong> El Unicaja visitar\u00e1 el Palau Ol\u00edmpic de Badalona<\/strong> para medir fuerzas contra el Joventut de RicKy Rubio. Este partido, entre los dos m\u00e1ximos favoritos del grupo, se jugar\u00e1 el mi\u00e9rcoles 28 de enero, a partir de las 20.30 horas.<\/p>\n<p><img decoding=\"async\" src=\"https:\/\/www.europesays.com\/es\/wp-content\/uploads\/2026\/01\/bd086de6-771d-4640-928d-6d6caa791ed0_alta-libre-aspect-ratio_default_0.jpg\" width=\"1200\" height=\"800\" alt=\"Partido de la Liga Endesa entre el Unicaja y el Joventut de Badalona\" class=\"ft-helper-img-rd\" loading=\"lazy\"\/><\/p>\n<p class=\"ft-helper-fontColor-quaternary ft-helper-fontSize-body-S ft-helper-spacer-t-xxs\">Partido de la Liga Endesa entre el Unicaja y el Joventut de Badalona  \/ \u00c1lex Zea \/ LMA<\/p>\n<p class=\"ft-text\">La tercera y \u00faltima jornada de la primera vuelta de la liguilla volver\u00e1 a jugarla el Unicaja ante su afici\u00f3n. Ser\u00e1 el martes 3 de febrero, de nuevo a las 20.30 horas, contra <strong>el ganador del play in entre los franceses del Elan Chalon y los griegos del Promitheas Patras<\/strong>, entrenado por el ext\u00e9cnico ayudante del Unicaja, Curro Segura.<\/p>\n<p>Segunda vuelta: final en el Carpena<\/p>\n<p class=\"ft-text\">La cuarta jornada ser\u00e1 con la v<strong>isita del Unicaja a Alemania (W\u00fcrzburg) o a Eslovaquia (Patrioti).<\/strong> Para este partido todav\u00eda no hay horario oficial, pero s\u00ed fecha: mi\u00e9rcoles 11 de febrero.<\/p>\n<p class=\"ft-text\"><a class=\"ft-link ft-link--decoration\" href=\"https:\/\/www.laopiniondemalaga.es\/unicaja\/2025\/12\/17\/ibon-navarro-round-of-16-unicaja-124904990.html\" rel=\"nofollow noopener\" target=\"_blank\">Para el mes de marzo quedar\u00e1n las dos \u00faltimas jornadas de la liguilla. <\/a>La quinta volver\u00e1 a ser a domicilio para los verdes. Habr\u00e1 que <strong>visitar la cancha del Chalon o del Promitheas<\/strong>. Ser\u00e1 el martes 10 de marzo, tambi\u00e9n en horario por definir. La \u00faltima jornada y, casi seguro que decisiva para la suerte del grupo, depara un <strong>Unicaja-Joventut que se disputar\u00e1 en el Palacio Mart\u00edn Carpena el martes 17 de marzo<\/strong> en horario unificado que la BCL confirmar\u00e1 una vez se conozca la configuraci\u00f3n de los 4 grupos de la segunda fase de esta Champions 2025\/2026.<\/p>\n<p>Objetivo: pasar al play off de cuartos de final<\/p>\n<p class=\"ft-text\"><a class=\"ft-link ft-link--decoration\" href=\"https:\/\/www.laopiniondemalaga.es\/unicaja\/2025\/05\/11\/estadisticas-galatasaray-unicaja-bcl-final-four-117281107.html\" rel=\"nofollow noopener\" target=\"_blank\">Para el Unicaja, vigente bicampe\u00f3n de la BCL<\/a>, el objetivo es claro: estar entre los dos primeros del grupo y acceder a los cuartos de final.<strong> El calendario ya est\u00e1 definido. No va a ser un reto nada f\u00e1cil,<\/strong> pero la ilusi\u00f3n es seguir siendo el rival a batir en esta competici\u00f3n.<\/p>\n","protected":false},"excerpt":{"rendered":"El Unicaja ya tiene marcada en rojo su hoja de ruta para el Round of 16 de la&hellip;\n","protected":false},"author":2,"featured_media":325376,"comment_status":"","ping_status":"","sticky":false,"template":"","format":"standard","meta":{"footnotes":""},"categories":[269],"tags":[15725,299,298,23271,6783,11181,5619,168,25,24,5824,68276,319,4079,42797,23,167,2246],"class_list":{"0":"post-325375","1":"post","2":"type-post","3":"status-publish","4":"format-standard","5":"has-post-thumbnail","7":"category-baloncesto","8":"tag-badalona","9":"tag-baloncesto","10":"tag-basketball","11":"tag-bcl","12":"tag-calendario","13":"tag-conoce","14":"tag-cuartos-de-final","15":"tag-deportes","16":"tag-es","17":"tag-espana","18":"tag-europeo","19":"tag-grupo-k","20":"tag-horario","21":"tag-joventut","22":"tag-round-of-16","23":"tag-spain","24":"tag-sports","25":"tag-unicaja"},"share_on_mastodon":{"url":"https:\/\/pubeurope.com\/@es\/115846183913772597","error":""},"_links":{"self":[{"href":"https:\/\/www.europesays.com\/es\/wp-json\/wp\/v2\/posts\/325375","targetHints":{"allow":["GET"]}}],"collection":[{"href":"https:\/\/www.europesays.com\/es\/wp-json\/wp\/v2\/posts"}],"about":[{"href":"https:\/\/www.europesays.com\/es\/wp-json\/wp\/v2\/types\/post"}],"author":[{"embeddable":true,"href":"https:\/\/www.europesays.com\/es\/wp-json\/wp\/v2\/users\/2"}],"replies":[{"embeddable":true,"href":"https:\/\/www.europesays.com\/es\/wp-json\/wp\/v2\/comments?post=325375"}],"version-history":[{"count":0,"href":"https:\/\/www.europesays.com\/es\/wp-json\/wp\/v2\/posts\/325375\/revisions"}],"wp:featuredmedia":[{"embeddable":true,"href":"https:\/\/www.europesays.com\/es\/wp-json\/wp\/v2\/media\/325376"}],"wp:attachment":[{"href":"https:\/\/www.europesays.com\/es\/wp-json\/wp\/v2\/media?parent=325375"}],"wp:term":[{"taxonomy":"category","embeddable":true,"href":"https:\/\/www.europesays.com\/es\/wp-json\/wp\/v2\/categories?post=325375"},{"taxonomy":"post_tag","embeddable":true,"href":"https:\/\/www.europesays.com\/es\/wp-json\/wp\/v2\/tags?post=325375"}],"curies":[{"name":"wp","href":"https:\/\/api.w.org\/{rel}","templated":true}]}}