{"id":325377,"date":"2026-01-06T04:07:09","date_gmt":"2026-01-06T04:07:09","guid":{"rendered":"https:\/\/www.europesays.com\/es\/325377\/"},"modified":"2026-01-06T04:07:09","modified_gmt":"2026-01-06T04:07:09","slug":"muere-dimitar-penev-leyenda-del-futbol-bulgaro","status":"publish","type":"post","link":"https:\/\/www.europesays.com\/es\/325377\/","title":{"rendered":"Muere Dimitar Penev, leyenda del f\u00fatbol b\u00falgaro"},"content":{"rendered":"<p class=\"ft-text\">El <a class=\"ft-link ft-link--decoration\" href=\"https:\/\/www.sport.es\/es\/futbol-internacional\/\" rel=\"nofollow noopener\" target=\"_blank\">f\u00fatbol de Bulgaria<\/a> perdi\u00f3 este s\u00e1bado a uno de sus nombres fundamentales. <strong>Dimitar Penev, seleccionador de Bulgaria durante el hist\u00f3rico Mundial de 1994, falleci\u00f3 a los 80 a\u00f1os d<\/strong>espu\u00e9s de un prolongado periodo de enfermedad, seg\u00fan comunic\u00f3 oficialmente la Federaci\u00f3n B\u00falgara de F\u00fatbol.<\/p>\n<p class=\"ft-text\">Penev construy\u00f3 una trayectoria de gran peso tanto sobre el c\u00e9sped como en los banquillos. Como jugador,<strong> fue un habitual en la selecci\u00f3n nacional durante m\u00e1s de una d\u00e9cada <\/strong>y <strong>particip\u00f3 en tres fases finales de la Copa del Mundo, <\/strong>convirti\u00e9ndose en uno de los rostros m\u00e1s reconocibles del combinado b\u00falgaro en la escena internacional durante las d\u00e9cadas de los sesenta y setenta. <strong>Su carrera a nivel de clubes estuvo estrechamente vinculada al CSKA de Sof\u00eda,<\/strong> entidad con la que acumul\u00f3 t\u00edtulos dom\u00e9sticos y prestigio continental.<\/p>\n<p>Hist\u00f3rico seleccionador<\/p>\n<p class=\"ft-text\">Tras cerrar su etapa como futbolista, Penev inici\u00f3 un recorrido como entrenador que marcar\u00eda un antes y un despu\u00e9s en la historia del f\u00fatbol del pa\u00eds. Asumi\u00f3 la direcci\u00f3n t\u00e9cnica del CSKA en varias etapas y, posteriormente, la responsabilidad del equipo nacional. Desde ese cargo firm\u00f3 e<strong>l mayor hito jam\u00e1s alcanzado por Bulgaria en una gran competici\u00f3n: el cuarto puesto en el Mundial celebrado en Estados Unidos en 1994.<\/strong><\/p>\n<p class=\"ft-text\">Durante aquel torneo, el conjunto b\u00falgaro protagoniz\u00f3 una de las actuaciones m\u00e1s destacadas de la competici\u00f3n, superando a selecciones de primer nivel y<strong> accediendo por primera vez a unas semifinales mundialistas. <\/strong>Aquel desempe\u00f1o situ\u00f3 temporalmente a Bulgaria entre la \u00e9lite del f\u00fatbol internacional y consolid\u00f3 a Penev como una referencia del banquillo europeo en ese periodo.<\/p>\n<p class=\"ft-text\">Adem\u00e1s de su labor como seleccionador, <strong>Penev fue reconocido institucionalmente como el entrenador b\u00falgaro m\u00e1s destacado del siglo XX. <\/strong>En los \u00faltimos a\u00f1os continu\u00f3 vinculado a la federaci\u00f3n nacional en funciones de asesoramiento, manteniendo una presencia activa en el desarrollo del deporte.<\/p>\n<p class=\"ft-text\">La Federaci\u00f3n B\u00falgara de F\u00fatbol expres\u00f3 su pesar por la p\u00e9rdida y<strong> traslad\u00f3 sus condolencias a los familiares y allegados del t\u00e9cnico<\/strong>, subrayando la relevancia de su figura tanto por sus logros deportivos como por su influencia en varias generaciones. Tambi\u00e9n desde el \u00e1mbito del f\u00fatbol europeo se sucedieron los mensajes de reconocimiento a una carrera considerada esencial en la historia del balompi\u00e9 del continente.<\/p>\n","protected":false},"excerpt":{"rendered":"El f\u00fatbol de Bulgaria perdi\u00f3 este s\u00e1bado a uno de sus nombres fundamentales. Dimitar Penev, seleccionador de Bulgaria&hellip;\n","protected":false},"author":2,"featured_media":325378,"comment_status":"","ping_status":"","sticky":false,"template":"","format":"standard","meta":{"footnotes":""},"categories":[268],"tags":[32255,168,75364,25,24,280,282,75365,281,23,167],"class_list":{"0":"post-325377","1":"post","2":"type-post","3":"status-publish","4":"format-standard","5":"has-post-thumbnail","7":"category-futbol","8":"tag-bulgaria","9":"tag-deportes","10":"tag-dimitar-penev","11":"tag-es","12":"tag-espana","13":"tag-football","14":"tag-futbol","15":"tag-lubo-penev","16":"tag-soccer","17":"tag-spain","18":"tag-sports"},"share_on_mastodon":{"url":"https:\/\/pubeurope.com\/@es\/115846187835363751","error":""},"_links":{"self":[{"href":"https:\/\/www.europesays.com\/es\/wp-json\/wp\/v2\/posts\/325377","targetHints":{"allow":["GET"]}}],"collection":[{"href":"https:\/\/www.europesays.com\/es\/wp-json\/wp\/v2\/posts"}],"about":[{"href":"https:\/\/www.europesays.com\/es\/wp-json\/wp\/v2\/types\/post"}],"author":[{"embeddable":true,"href":"https:\/\/www.europesays.com\/es\/wp-json\/wp\/v2\/users\/2"}],"replies":[{"embeddable":true,"href":"https:\/\/www.europesays.com\/es\/wp-json\/wp\/v2\/comments?post=325377"}],"version-history":[{"count":0,"href":"https:\/\/www.europesays.com\/es\/wp-json\/wp\/v2\/posts\/325377\/revisions"}],"wp:featuredmedia":[{"embeddable":true,"href":"https:\/\/www.europesays.com\/es\/wp-json\/wp\/v2\/media\/325378"}],"wp:attachment":[{"href":"https:\/\/www.europesays.com\/es\/wp-json\/wp\/v2\/media?parent=325377"}],"wp:term":[{"taxonomy":"category","embeddable":true,"href":"https:\/\/www.europesays.com\/es\/wp-json\/wp\/v2\/categories?post=325377"},{"taxonomy":"post_tag","embeddable":true,"href":"https:\/\/www.europesays.com\/es\/wp-json\/wp\/v2\/tags?post=325377"}],"curies":[{"name":"wp","href":"https:\/\/api.w.org\/{rel}","templated":true}]}}