{"id":325396,"date":"2026-01-06T04:19:11","date_gmt":"2026-01-06T04:19:11","guid":{"rendered":"https:\/\/www.europesays.com\/es\/325396\/"},"modified":"2026-01-06T04:19:11","modified_gmt":"2026-01-06T04:19:11","slug":"5-paises-a-los-que-trump-ha-lanzado-advertencias-despues-de-la-detencion-de-maduro","status":"publish","type":"post","link":"https:\/\/www.europesays.com\/es\/325396\/","title":{"rendered":"5 pa\u00edses a los que Trump ha lanzado advertencias despu\u00e9s de la detenci\u00f3n de Maduro"},"content":{"rendered":"<p><img fetchpriority=\"high\" decoding=\"async\" src=\"https:\/\/www.europesays.com\/es\/wp-content\/uploads\/2026\/01\/a029d1c0-ea94-11f0-9005-011cce76811d.png.webp.webp\"   alt=\"Trump habl\u00f3 con la prensa en el Air Force One despu\u00e9s de la detenci\u00f3n de Maduro.\" loading=\"eager\" width=\"1133\" height=\"637\" style=\"aspect-ratio:1133 \/ 637\" class=\"css-1seqhu9\"\/><\/p>\n<p class=\"css-by8ykd\" role=\"text\">Fuente de la imagen, Reuters<\/p>\n<p>Pie de foto, Trump habl\u00f3 con la prensa en el Air Force One despu\u00e9s de la detenci\u00f3n de Maduro.<strong id=\"article-byline\" aria-hidden=\"true\" class=\"css-2ozlq5\">Informaci\u00f3n del art\u00edculo<\/strong><\/p>\n<ul class=\"css-1dlgp3z\">\n<li class=\"css-1s1df59\">\n<ul role=\"list\" class=\"css-z50d25\">\n<li class=\"css-0\">Autor, Tom Bennett<\/li>\n<li class=\"css-k1irjw\">T\u00edtulo del autor,  BBC News<\/li>\n<\/ul>\n<\/li>\n<li>\n<p>4 horas<\/p>\n<\/li>\n<li>\n<p>Tiempo de lectura: 6 min<\/p>\n<\/li>\n<\/ul>\n<p dir=\"ltr\" class=\"css-s4cjt0 e1yuyadm0\"><b>El segundo mandato del presidente de Estados Unidos, Donald Trump, est\u00e1 siendo moldeado por sus ambiciones en pol\u00edtica exterior.<\/b><\/p>\n<p dir=\"ltr\" class=\"css-s4cjt0 e1yuyadm0\">Trump cumpli\u00f3 con sus amenazas contra Venezuela, capturando a su presidente y a su esposa, en la residencia de ambos fuertemente fortificada en Caracas, en una dram\u00e1tica redada nocturna en la madrugada del s\u00e1bado.<\/p>\n<p dir=\"ltr\" class=\"css-s4cjt0 e1yuyadm0\">Al describir la operaci\u00f3n, Trump desempolv\u00f3 la Doctrina Monroe de 1823 y su promesa de supremac\u00eda estadounidense en el Hemisferio Occidental, rebautiz\u00e1ndola como la \u00abDoctrina Donroe\u00bb.<\/p>\n<p dir=\"ltr\" class=\"css-s4cjt0 e1yuyadm0\">Estas son algunas de las advertencias que ha lanzado en los \u00faltimos d\u00edas contra otros pa\u00edses que est\u00e1n en la \u00f3rbita de Washington.<\/p>\n<p>Dinamarca\/Groenlandia<\/p>\n<p><img decoding=\"async\" src=\"https:\/\/www.europesays.com\/es\/wp-content\/uploads\/2026\/01\/a0794af0-ea8c-11f0-ae37-0d6058fbfea1.jpg.webp.webp\"   alt=\"El jefe de gobierno de Groenlandia, Jens-Frederik Nielsen, en una rueda de prensa en Nuuk, Groenlandia, el 5 de enero de 2026.\" loading=\"lazy\" width=\"1651\" height=\"929\" style=\"aspect-ratio:1651 \/ 929\" class=\"css-1seqhu9\"\/><\/p>\n<p class=\"css-by8ykd\" role=\"text\">Fuente de la imagen, Getty Images<\/p>\n<p>Pie de foto, El primer ministro de Groenlandia le respondi\u00f3 a Trump que su idea de controlar la isla es una \u00abfantas\u00eda\u00bb.<\/p>\n<p dir=\"ltr\" class=\"css-s4cjt0 e1yuyadm0\">Estados Unidos ya cuenta con una base militar en Groenlandia, la Base Espacial Pituffik, pero Trump quiere la isla entera.<\/p>\n<p dir=\"ltr\" class=\"css-s4cjt0 e1yuyadm0\">\u00abNecesitamos Groenlandia por motivos de seguridad nacional\u00bb, sostuvo el presidente ante los periodistas, asegurando que la regi\u00f3n estaba \u00abplagada de barcos rusos y chinos por todas partes\u00bb.<\/p>\n<p dir=\"ltr\" class=\"css-s4cjt0 e1yuyadm0\">Esta vasta isla \u00e1rtica, que forma parte del Reino de Dinamarca, se encuentra a unos 3.200 kil\u00f3metros al noreste de Estados Unidos.<\/p>\n<p dir=\"ltr\" class=\"css-s4cjt0 e1yuyadm0\">Es rica en minerales de tierras raras, que son cruciales para la producci\u00f3n de tel\u00e9fonos inteligentes, veh\u00edculos el\u00e9ctricos y equipos militares. Actualmente, la producci\u00f3n de tierras raras de China supera con creces la de Estados Unidos.<\/p>\n<p dir=\"ltr\" class=\"css-s4cjt0 e1yuyadm0\">Groenlandia tambi\u00e9n ocupa una posici\u00f3n estrat\u00e9gica clave en el Atl\u00e1ntico Norte, lo que le da acceso al cada vez m\u00e1s importante C\u00edrculo Polar \u00c1rtico. Por eso, se prev\u00e9 que, a medida que los hielos polares se derritan en los pr\u00f3ximos a\u00f1os, se abran nuevas rutas mar\u00edtimas.<\/p>\n<p dir=\"ltr\" class=\"css-s4cjt0 e1yuyadm0\">El primer ministro de Groenlandia, Jens Frederik Nielsen, respondi\u00f3 a Trump calificando la idea del control estadounidense sobre la isla de \u00abfantas\u00eda\u00bb.<\/p>\n<p dir=\"ltr\" class=\"css-s4cjt0 e1yuyadm0\">\u00abNo m\u00e1s presiones. No m\u00e1s insinuaciones. No m\u00e1s fantas\u00edas de anexi\u00f3n. Estamos abiertos al di\u00e1logo. Estamos abiertos a las conversaciones. Pero esto debe hacerse a trav\u00e9s de los canales adecuados y con respeto al derecho internacional\u00bb, declar\u00f3 Nielsen.<\/p>\n<p>Colombia<\/p>\n<p><img decoding=\"async\" src=\"https:\/\/www.europesays.com\/es\/wp-content\/uploads\/2026\/01\/ccfe0320-ea8e-11f0-ae37-0d6058fbfea1.jpg.webp.webp\"   alt=\"El presidente de Colombia, Gustavo Petro, en Bogot\u00e1, el 13 de noviembre de 2025. \" loading=\"lazy\" width=\"2160\" height=\"1215\" style=\"aspect-ratio:2160 \/ 1215\" class=\"css-1seqhu9\"\/><\/p>\n<p class=\"css-by8ykd\" role=\"text\">Fuente de la imagen, Getty Images<\/p>\n<p>Pie de foto, Trump le advirti\u00f3 al presidente colombiano Gustavo Petro que \u00abcuide su trasero\u00bb.<\/p>\n<p dir=\"ltr\" class=\"css-s4cjt0 e1yuyadm0\">Horas despu\u00e9s de la operaci\u00f3n militar en Venezuela, Trump le advirti\u00f3 al presidente colombiano Gustavo Petro que \u00abcuide su trasero\u00bb.<\/p>\n<p dir=\"ltr\" class=\"css-s4cjt0 e1yuyadm0\">Colombia, pa\u00eds vecino de Venezuela al oeste, cuenta con importantes reservas de petr\u00f3leo y es un importante productor de oro, plata, esmeraldas, platino y carb\u00f3n.<\/p>\n<p dir=\"ltr\" class=\"css-s4cjt0 e1yuyadm0\">Tambi\u00e9n es un centro clave para el narcotr\u00e1fico en la regi\u00f3n, especialmente de coca\u00edna.<\/p>\n<p dir=\"ltr\" class=\"css-s4cjt0 e1yuyadm0\">Desde que Estados Unidos comenz\u00f3 a atacar embarcaciones en el Caribe y el Pac\u00edfico en septiembre, alegando sin pruebas que transportaban drogas, Trump se ha visto envuelto en una creciente disputa con el presidente de izquierda del pa\u00eds.<\/p>\n<p dir=\"ltr\" class=\"css-s4cjt0 e1yuyadm0\">Estados Unidos impuso sanciones a Petro en octubre, alegando que estaba permitiendo que los c\u00e1rteles \u00abprosperaran\u00bb.<\/p>\n<p dir=\"ltr\" class=\"css-s4cjt0 e1yuyadm0\">Hablando a bordo del Air Force One el domingo, Trump dijo que Colombia estaba siendo \u00abgobernada por un hombre enfermo al que le gusta producir coca\u00edna y venderla a Estados Unidos\u00bb.<\/p>\n<p dir=\"ltr\" class=\"css-s4cjt0 e1yuyadm0\">\u00abNo va a seguir haci\u00e9ndolo por mucho tiempo\u00bb, a\u00f1adi\u00f3. Cuando se le pregunt\u00f3 si Estados Unidos llevar\u00eda a cabo una operaci\u00f3n contra Colombia, Trump respondi\u00f3: \u00abMe parece una buena idea\u00bb.<\/p>\n<p dir=\"ltr\" class=\"css-s4cjt0 e1yuyadm0\">Hist\u00f3ricamente, Colombia ha sido un aliado cercano de Washington en la guerra contra las drogas, recibiendo cientos de millones de d\u00f3lares anualmente en asistencia militar para combatir a los c\u00e1rteles.<\/p>\n<p>Ir\u00e1n<\/p>\n<p><img decoding=\"async\" src=\"https:\/\/www.europesays.com\/es\/wp-content\/uploads\/2026\/01\/be348020-ea8f-11f0-a422-4ba8a094a8fa.jpg.webp.webp\"   alt=\"Un manifestante en medio de dos coches. \" loading=\"lazy\" width=\"800\" height=\"450\" style=\"aspect-ratio:800 \/ 450\" class=\"css-1seqhu9\"\/><\/p>\n<p class=\"css-by8ykd\" role=\"text\">Fuente de la imagen, Getty Images<\/p>\n<p>Pie de foto, Muchos iran\u00edes salieron a la calle los pasados d\u00edas para protestar por la situaci\u00f3n del pa\u00eds.<\/p>\n<p dir=\"ltr\" class=\"css-s4cjt0 e1yuyadm0\">Ir\u00e1n se enfrenta en este momento a protestas masivas contra el gobierno y Trump advirti\u00f3 anoche que las autoridades iran\u00edes que ser\u00e1n \u00abduramente castigadas\u00bb si pierden la vida m\u00e1s manifestantes.<\/p>\n<p dir=\"ltr\" class=\"css-s4cjt0 e1yuyadm0\">\u00abLo estamos observando muy de cerca. Si empiezan a matar gente como lo han hecho en el pasado, creo que Estados Unidos los castigar\u00e1 con dureza\u00bb, declar\u00f3 Trump a los periodistas a bordo del Air Force One.<\/p>\n<p dir=\"ltr\" class=\"css-s4cjt0 e1yuyadm0\">Aunque Ir\u00e1n queda en teor\u00eda fuera del alcance definido por la \u00abDoctrina Donroe\u00bb, Trump, no obstante, ya hab\u00eda amenazado al r\u00e9gimen iran\u00ed con nuevas acciones tras atacar sus instalaciones nucleares el a\u00f1o pasado.<\/p>\n<p dir=\"ltr\" class=\"css-s4cjt0 e1yuyadm0\">Esos ataques se produjeron despu\u00e9s de que Israel lanzara una operaci\u00f3n a gran escala con el objetivo de neutralizar la capacidad de Ir\u00e1n para desarrollar un arma nuclear, lo que culmin\u00f3 en el conflicto entre Israel e Ir\u00e1n de 12 d\u00edas.<\/p>\n<p dir=\"ltr\" class=\"css-s4cjt0 e1yuyadm0\">En una reuni\u00f3n, celebrada la semana pasada en Mar-a-Lago, en Florida, entre Trump y el primer ministro israel\u00ed, Benjamin Netanyahu, se inform\u00f3 que Ir\u00e1n fue el tema principal de la agenda. Los medios estadounidenses informaron que Netanyahu plante\u00f3 la posibilidad de nuevos ataques contra Ir\u00e1n en 2026.<\/p>\n<p>M\u00e9xico<\/p>\n<p><img decoding=\"async\" src=\"https:\/\/www.europesays.com\/es\/wp-content\/uploads\/2026\/01\/235664a0-ea90-11f0-ae37-0d6058fbfea1.jpg.webp.webp\"   alt=\"La presidenta de M\u00e9xico, Claudia Sheinbaum, habla durante la sesi\u00f3n informativa matutina diaria en el Palacio Nacional el 30 de diciembre de 2025 en Ciudad de M\u00e9xico, M\u00e9xico.\" loading=\"lazy\" width=\"1024\" height=\"576\" style=\"aspect-ratio:1024 \/ 576\" class=\"css-1seqhu9\"\/><\/p>\n<p class=\"css-by8ykd\" role=\"text\">Fuente de la imagen, Getty Images<\/p>\n<p>Pie de foto, Claudia Sheinbaum le responde a las amenazas de Trump.<\/p>\n<p dir=\"ltr\" class=\"css-s4cjt0 e1yuyadm0\">El ascenso de Trump al poder en 2016 estuvo marcado por sus promesas de \u00abconstruir el muro\u00bb a lo largo de la frontera sur con M\u00e9xico.<\/p>\n<p dir=\"ltr\" class=\"css-s4cjt0 e1yuyadm0\">En su primer d\u00eda de regreso en el cargo en 2025, firm\u00f3 una orden ejecutiva para renombrar el Golfo de M\u00e9xico como \u00abGolfo de Am\u00e9rica\u00bb.<\/p>\n<p dir=\"ltr\" class=\"css-s4cjt0 e1yuyadm0\">Ha afirmado con frecuencia que las autoridades mexicanas no est\u00e1n haciendo lo suficiente para detener el flujo de drogas o inmigrantes indocumentados hacia Estados Unidos.<\/p>\n<p dir=\"ltr\" class=\"css-s4cjt0 e1yuyadm0\">En declaraciones el domingo, Trump dijo que las drogas estaban \u00abentrando a raudales\u00bb a trav\u00e9s de M\u00e9xico y que \u00abtendremos que hacer algo\u00bb, a\u00f1adiendo que los c\u00e1rteles all\u00ed eran \u00abmuy poderosos\u00bb.<\/p>\n<p dir=\"ltr\" class=\"css-s4cjt0 e1yuyadm0\">La presidenta de M\u00e9xico, Claudia Sheinbaum, ha rechazado p\u00fablicamente cualquier acci\u00f3n militar estadounidense en territorio mexicano.<\/p>\n<p>Cuba<\/p>\n<p><img decoding=\"async\" src=\"https:\/\/www.europesays.com\/es\/wp-content\/uploads\/2026\/01\/ac797b20-ea93-11f0-b06f-23f946420666.jpg.webp.webp\"   alt=\"Cuba depende desde hace d\u00e9cadas del apoyo de Venezuela.\" loading=\"lazy\" width=\"820\" height=\"461\" style=\"aspect-ratio:820 \/ 461\" class=\"css-1seqhu9\"\/><\/p>\n<p class=\"css-by8ykd\" role=\"text\">Fuente de la imagen, Getty Images<\/p>\n<p>Pie de foto, Cuba manten\u00eda estrechas relaciones con la Venezuela de Nicol\u00e1s Maduro.<\/p>\n<p dir=\"ltr\" class=\"css-s4cjt0 e1yuyadm0\">Cuba, ubicada a solo 145 kil\u00f3metros al sur de Florida, ha estado bajo sanciones estadounidenses desde principios de la d\u00e9cada de 1960 y manten\u00eda estrechas relaciones con la Venezuela de Nicol\u00e1s Maduro.<\/p>\n<p dir=\"ltr\" class=\"css-s4cjt0 e1yuyadm0\">Trump sugiri\u00f3 el domingo que no era necesaria una intervenci\u00f3n militar estadounidense, porque Cuba est\u00e1 \u00aba punto de colapsar\u00bb.<\/p>\n<p dir=\"ltr\" class=\"css-s4cjt0 e1yuyadm0\">\u00abNo creo que necesitemos ninguna acci\u00f3n\u00bb, dijo. \u00abParece que se est\u00e1 desmoronando\u00bb.<\/p>\n<p dir=\"ltr\" class=\"css-s4cjt0 e1yuyadm0\">\u00abNo s\u00e9 si van a resistir, pero Cuba ahora no tiene ingresos\u00bb, a\u00f1adi\u00f3. \u00abTodos sus ingresos ven\u00edan de Venezuela, del petr\u00f3leo venezolano\u00bb.<\/p>\n<p dir=\"ltr\" class=\"css-s4cjt0 e1yuyadm0\">Seg\u00fan algunos informes, Venezuela suministra aproximadamente el 30% del petr\u00f3leo de Cuba, lo que deja a La Habana en una situaci\u00f3n vulnerable si el suministro cae tras la salida de Maduro.<\/p>\n<p dir=\"ltr\" class=\"css-s4cjt0 e1yuyadm0\">El senador estadounidense Marco Rubio, hijo de inmigrantes cubanos, ha pedido durante mucho tiempo un cambio de r\u00e9gimen en Cuba, y dijo ante un grupo de periodistas este s\u00e1bado: \u00abSi viviera en La Habana y estuviera en el gobierno, estar\u00eda preocupado, al menos un poco\u00bb.<\/p>\n<p dir=\"ltr\" class=\"css-s4cjt0 e1yuyadm0\">\u00abCuando el presidente (Trump) habla, hay que tomarlo en serio\u00bb, agreg\u00f3.<\/p>\n<p><img decoding=\"async\" src=\"https:\/\/www.europesays.com\/es\/wp-content\/uploads\/2026\/01\/b92ade70-ea90-11f0-a422-4ba8a094a8fa.png.webp.webp\"   alt=\"&quot;&quot;\" loading=\"lazy\" width=\"800\" height=\"100\" style=\"aspect-ratio:800 \/ 100\" class=\"css-1seqhu9\"\/><\/p>\n<p dir=\"ltr\" class=\"css-s4cjt0 e1yuyadm0\"><a href=\"https:\/\/www.bbc.com\/mundo\/send\/u184973209\" class=\"focusIndicatorReducedWidth css-n8oauk e1h2ur550\" rel=\"nofollow noopener\" target=\"_blank\">Suscr\u00edbete aqu\u00ed<\/a> a nuestro nuevo newsletter para recibir cada viernes una selecci\u00f3n de nuestro mejor contenido de la semana.<\/p>\n<p dir=\"ltr\" class=\"css-s4cjt0 e1yuyadm0\">Y recuerda que puedes recibir notificaciones en nuestra app. Descarga la \u00faltima versi\u00f3n y act\u00edvalas. <\/p>\n","protected":false},"excerpt":{"rendered":"Fuente de la imagen, Reuters Pie de foto, Trump habl\u00f3 con la prensa en el Air Force One&hellip;\n","protected":false},"author":2,"featured_media":325397,"comment_status":"","ping_status":"","sticky":false,"template":"","format":"standard","meta":{"footnotes":""},"categories":[42],"tags":[17,18,13,14,11,61,62,63,64,19,20,9,10,15,16,12,21,22,65,66,67],"class_list":{"0":"post-325396","1":"post","2":"type-post","3":"status-publish","4":"format-standard","5":"has-post-thumbnail","7":"category-internacional","8":"tag-breaking-news","9":"tag-breakingnews","10":"tag-featured-news","11":"tag-featurednews","12":"tag-headlines","13":"tag-internacional","14":"tag-international","15":"tag-international-news","16":"tag-internationalnews","17":"tag-latest-news","18":"tag-latestnews","19":"tag-news","20":"tag-noticias","21":"tag-noticias-destacadas","22":"tag-noticiasdestacadas","23":"tag-titulares","24":"tag-ultimas-noticias","25":"tag-ultimasnoticias","26":"tag-world","27":"tag-world-news","28":"tag-worldnews"},"share_on_mastodon":{"url":"https:\/\/pubeurope.com\/@es\/115846235219088517","error":""},"_links":{"self":[{"href":"https:\/\/www.europesays.com\/es\/wp-json\/wp\/v2\/posts\/325396","targetHints":{"allow":["GET"]}}],"collection":[{"href":"https:\/\/www.europesays.com\/es\/wp-json\/wp\/v2\/posts"}],"about":[{"href":"https:\/\/www.europesays.com\/es\/wp-json\/wp\/v2\/types\/post"}],"author":[{"embeddable":true,"href":"https:\/\/www.europesays.com\/es\/wp-json\/wp\/v2\/users\/2"}],"replies":[{"embeddable":true,"href":"https:\/\/www.europesays.com\/es\/wp-json\/wp\/v2\/comments?post=325396"}],"version-history":[{"count":0,"href":"https:\/\/www.europesays.com\/es\/wp-json\/wp\/v2\/posts\/325396\/revisions"}],"wp:featuredmedia":[{"embeddable":true,"href":"https:\/\/www.europesays.com\/es\/wp-json\/wp\/v2\/media\/325397"}],"wp:attachment":[{"href":"https:\/\/www.europesays.com\/es\/wp-json\/wp\/v2\/media?parent=325396"}],"wp:term":[{"taxonomy":"category","embeddable":true,"href":"https:\/\/www.europesays.com\/es\/wp-json\/wp\/v2\/categories?post=325396"},{"taxonomy":"post_tag","embeddable":true,"href":"https:\/\/www.europesays.com\/es\/wp-json\/wp\/v2\/tags?post=325396"}],"curies":[{"name":"wp","href":"https:\/\/api.w.org\/{rel}","templated":true}]}}