{"id":325400,"date":"2026-01-06T04:21:11","date_gmt":"2026-01-06T04:21:11","guid":{"rendered":"https:\/\/www.europesays.com\/es\/325400\/"},"modified":"2026-01-06T04:21:11","modified_gmt":"2026-01-06T04:21:11","slug":"el-paro-cae-hasta-los-583-057-desempleados-en-andalucia-tras-liderar-el-descenso-nacional-noticias","status":"publish","type":"post","link":"https:\/\/www.europesays.com\/es\/325400\/","title":{"rendered":"El paro cae hasta los 583.057 desempleados en Andaluc\u00eda tras liderar el descenso nacional &#8211; Noticias"},"content":{"rendered":"<p>El paro se redujo el pasado mes de<strong> diciembre<\/strong> en Andaluc\u00eda en <strong>12.271 personas<\/strong> (-2,06%), con lo que la cifra total de desempleados se consolida por debajo de la barrera de las 600.000 personas, como ha ocurrido hasta en seis ocasiones a lo largo de 2025. La cifra total se sit\u00faa en <strong>583.057 personas, la m\u00e1s baja desde junio de 2008, <\/strong>es decir, desde <strong>hace 17 a\u00f1os y medio. <\/strong>En Espa\u00f1a, el paro se redujo en 16.291 personas (-0,67%), hasta los 2.408.670 desempleados. Andaluc\u00eda es, un mes m\u00e1s, la comunidad aut\u00f3noma en la que m\u00e1s se reduce el paro en t\u00e9rminos absolutos, con un <strong>descenso equivalente a m\u00e1s del 75%<\/strong> del registrado a nivel nacional.<\/p>\n<p>En los <strong>\u00faltimos 12 meses<\/strong>, el paro ha ca\u00eddo en Andaluc\u00eda en <strong>51.782<\/strong><strong> personas<\/strong> (-8,16%), encadenando descensos interanuales durante <strong>56<\/strong><strong> meses consecutivos<\/strong>, desde mayo de 2021. La comunidad registra de nuevo la <strong>mayor bajada interanual en t\u00e9rminos absolutos del conjunto del pa\u00eds<\/strong>, donde el desempleo ha bajado en 152.048 personas (-5,94%). Ese dato implica que Andaluc\u00eda ha aportado m\u00e1s de un tercio (34%) del descenso registrado en Espa\u00f1a entre diciembre de 2024 y diciembre de 2025 (34%), haci\u00e9ndolo adem\u00e1s con mayor intensidad (2,22 puntos m\u00e1s).<\/p>\n<p>Por <strong>sectores<\/strong>, el paro se redujo en diciembre en Andaluc\u00eda especialmente en los servicios (-10.503 personas, -2,54%), una ca\u00edda que aporta el 71% de todas las actividades en las que baja el desempleo. Tambi\u00e9n cerraron diciembre con descensos notables el colectivo sin empleo anterior (-3.227 parados, -4,59%) y agricultura y pesca (-1.024 personas, -3,32%). Por el contrario, sumaron m\u00e1s desempleados la construcci\u00f3n (2.353 personas, +4,75%) y la industria (130 personas, +0,41%).<\/p>\n<p>En el <strong>\u00faltimo a\u00f1o<\/strong>, el paro ha descendido <strong>en todos los sectores<\/strong>: agricultura (-14,08%), construcci\u00f3n (-10,03%), colectivo sin empleo anterior (-9,04%), industria (-8,42%), y los servicios (-7,26%).<\/p>\n<p>Por <strong>sexos<\/strong>, el paro baj\u00f3 en diciembre un -0,44% entre los hombres (reduci\u00e9ndose a 226.051) y un -3,06% entre las mujeres (hasta las 357.006), aportando el descenso del <strong>desempleo femenino hasta un 92% del total.<\/strong> Respecto a diciembre de 2024, el paro ha descendido un -8,3% entre el colectivo masculino y un -8,07% en el femenino. <\/p>\n<p><strong>Por edades<\/strong>, el desempleo descendi\u00f3 el pasado mes un <strong>-7,21% entre los menores de 25 a\u00f1os<\/strong>, un -2,69% en el colectivo entre 25 y 44 a\u00f1os, y -0,85% entre los mayores de 45 a\u00f1os. En el \u00faltimo a\u00f1o, ha descendido un -5,98% en el caso de los menores de 25 a\u00f1os, un -10,38% en el grupo de entre 25 y 44 a\u00f1os y un -7,05% entre los mayores de 45 a\u00f1os.<\/p>\n<p><strong>Datos por provincias<\/strong><\/p>\n<p>El paro baj\u00f3 el pasado mes en <strong>todas las provincias. El mayor descenso en t\u00e9rminos relativos corresponde a Ja\u00e9n (-6,27%<\/strong>), seguida de C\u00f3rdoba (-3,54%), Granada (-3,02%), Huelva (-2,55%), Almer\u00eda (-1,97%), C\u00e1diz (-1,6%), Sevilla (-1,28%) y M\u00e1laga (-0,87%).<\/p>\n<p>En el <strong>\u00faltimo a\u00f1o<\/strong>, el paro ha descendido un -10,81% en Huelva, -9,67% en C\u00f3rdoba, -9,13% en Ja\u00e9n, -8,09% en C\u00e1diz, -8,08% en Almer\u00eda, -7,73% en M\u00e1laga, -7,58% en Sevilla y -7,37% en Granada. <\/p>\n<p>En <strong>t\u00e9rminos absolutos, <\/strong>el desempleo se redujo en diciembre en todas las provincias, en especial en <strong>Ja\u00e9n<\/strong> (-2.174 personas), mejorando el resultado de todas las comunidades aut\u00f3nomas que registran descensos, a excepci\u00f3n de Andaluc\u00eda. En el caso de <strong>Granada<\/strong> (-2.035 desempleados), la cifra en la que reduce su paro s\u00f3lo es mejorada por la Comunidad Valenciana, pero supera en casi 500 parados menos a la de toda la Comunidad de Madrid. \u00a0<\/p>\n<p>El n\u00famero de <strong>contratos <\/strong>registrados en diciembre en Andaluc\u00eda <strong>creci\u00f3 un 4,06<\/strong><strong>%<\/strong> respecto al mes de noviembre, de manera que en el \u00faltimo mes se formalizaron <strong>300.384<\/strong><strong> acuerdos laborales, de los que el 38,4% (115.440) fueron de car\u00e1cter indefinido. <\/strong>Con respecto a diciembre de 2024, la contrataci\u00f3n baj\u00f3 un -2,47%.<\/p>\n<p><strong>Seguridad Social<\/strong><\/p>\n<p>Andaluc\u00eda cerr\u00f3 el mes de diciembre con un <strong>importante incremento de 31.238<\/strong><strong> afiliados a la Seguridad Social <\/strong>(0,9%) respecto al mes anterior, es decir, a un ritmo de m\u00e1s de mil nuevos cotizantes al d\u00eda, de manera que el n\u00famero total se sit\u00faa en 3.540.811, el <strong>segundo mejor registro<\/strong> de la serie estad\u00edstica. En el conjunto de Espa\u00f1a la afiliaci\u00f3n crece en 19.180 personas, un 0,1%, situ\u00e1ndose en los 21.844.414 cotizantes. <\/p>\n<p><strong>En los \u00faltimos doce meses, <\/strong>Andaluc\u00eda ha incrementado el n\u00famero de afiliados en<strong> 70.364 nuevos trabajadores, un 2,03%, <\/strong>convirti\u00e9ndose en la cuarta<strong> <\/strong>regi\u00f3n<strong> <\/strong>que m\u00e1s cotizantes gana en t\u00e9rminos absolutos de Espa\u00f1a. En el conjunto del pa\u00eds, el n\u00famero de afiliados ha aumentado en los \u00faltimos doce meses en 506.451, un 2,37%. <\/p>\n<p><strong>Aut\u00f3nomos<\/strong><\/p>\n<p>En el \u00faltimo mes, Andaluc\u00eda ha sumado <strong>230 nuevos tr<a name=\"_Hlk110332641\">abajadores aut\u00f3nomos<\/a><\/strong>, situando la cifra total en <strong>592.735 <\/strong>afiliados al RETA, un <strong>nuevo r\u00e9cord hist\u00f3rico<\/strong>. En el conjunto de Espa\u00f1a, la afiliaci\u00f3n aument\u00f3 en 1.288 personas, alcanzado los 3.425.767 trabajadores por cuenta propia. <\/p>\n<p>Con respecto a diciembre de 2024, Andaluc\u00eda ha sumado <strong>8.961 aut\u00f3nomos, con un 1,5% de incremento, <\/strong>mientras que en Espa\u00f1a lo hizo en 39.002 personas (1,2%). Ese dato implica que <strong>Andaluc\u00eda aporta el 23%<\/strong> del crecimiento en el n\u00famero de trabajados por cuenta propia registrado en toda Espa\u00f1a en los \u00faltimos doce meses.<\/p>\n","protected":false},"excerpt":{"rendered":"El paro se redujo el pasado mes de diciembre en Andaluc\u00eda en 12.271 personas (-2,06%), con lo que&hellip;\n","protected":false},"author":2,"featured_media":325401,"comment_status":"","ping_status":"","sticky":false,"template":"","format":"standard","meta":{"footnotes":""},"categories":[5],"tags":[17,18,5509,25,24,13,14,11,19,20,9,10,15,16,23,12,21,22],"class_list":{"0":"post-325400","1":"post","2":"type-post","3":"status-publish","4":"format-standard","5":"has-post-thumbnail","7":"category-titulares","8":"tag-breaking-news","9":"tag-breakingnews","10":"tag-empleo","11":"tag-es","12":"tag-espana","13":"tag-featured-news","14":"tag-featurednews","15":"tag-headlines","16":"tag-latest-news","17":"tag-latestnews","18":"tag-news","19":"tag-noticias","20":"tag-noticias-destacadas","21":"tag-noticiasdestacadas","22":"tag-spain","23":"tag-titulares","24":"tag-ultimas-noticias","25":"tag-ultimasnoticias"},"share_on_mastodon":{"url":"https:\/\/pubeurope.com\/@es\/115846242786865358","error":""},"_links":{"self":[{"href":"https:\/\/www.europesays.com\/es\/wp-json\/wp\/v2\/posts\/325400","targetHints":{"allow":["GET"]}}],"collection":[{"href":"https:\/\/www.europesays.com\/es\/wp-json\/wp\/v2\/posts"}],"about":[{"href":"https:\/\/www.europesays.com\/es\/wp-json\/wp\/v2\/types\/post"}],"author":[{"embeddable":true,"href":"https:\/\/www.europesays.com\/es\/wp-json\/wp\/v2\/users\/2"}],"replies":[{"embeddable":true,"href":"https:\/\/www.europesays.com\/es\/wp-json\/wp\/v2\/comments?post=325400"}],"version-history":[{"count":0,"href":"https:\/\/www.europesays.com\/es\/wp-json\/wp\/v2\/posts\/325400\/revisions"}],"wp:featuredmedia":[{"embeddable":true,"href":"https:\/\/www.europesays.com\/es\/wp-json\/wp\/v2\/media\/325401"}],"wp:attachment":[{"href":"https:\/\/www.europesays.com\/es\/wp-json\/wp\/v2\/media?parent=325400"}],"wp:term":[{"taxonomy":"category","embeddable":true,"href":"https:\/\/www.europesays.com\/es\/wp-json\/wp\/v2\/categories?post=325400"},{"taxonomy":"post_tag","embeddable":true,"href":"https:\/\/www.europesays.com\/es\/wp-json\/wp\/v2\/tags?post=325400"}],"curies":[{"name":"wp","href":"https:\/\/api.w.org\/{rel}","templated":true}]}}